{"id":16317,"date":"2025-09-04T20:50:02","date_gmt":"2025-09-04T16:50:02","guid":{"rendered":"https:\/\/etab.ac-reunion.fr\/clg-bourbon\/?p=16317"},"modified":"2025-09-12T08:21:00","modified_gmt":"2025-09-12T04:21:00","slug":"a-la-rencontre-de-m-le-recteur-au-lycee-leconte-de-lisle","status":"publish","type":"post","link":"https:\/\/etab.ac-reunion.fr\/clg-bourbon\/a-la-rencontre-de-m-le-recteur-au-lycee-leconte-de-lisle\/","title":{"rendered":"\u00c0 la rencontre de M. le recteur au Lyc\u00e9e Leconte de Lisle"},"content":{"rendered":"[et_pb_section fb_built=\u00a0\u00bb1&Prime; _builder_version=\u00a0\u00bb4.27.4&Prime; _module_preset=\u00a0\u00bbdefault\u00a0\u00bb custom_margin=\u00a0\u00bb0px||0px||true|false\u00a0\u00bb custom_padding=\u00a0\u00bb5px||5px||true|false\u00a0\u00bb global_colors_info=\u00a0\u00bb{}\u00a0\u00bb theme_builder_area=\u00a0\u00bbpost_content\u00a0\u00bb][et_pb_row column_structure=\u00a0\u00bb3_5,2_5&Prime; use_custom_gutter=\u00a0\u00bbon\u00a0\u00bb gutter_width=\u00a0\u00bb2&Prime; make_equal=\u00a0\u00bbon\u00a0\u00bb _builder_version=\u00a0\u00bb4.27.4&Prime; _module_preset=\u00a0\u00bbdefault\u00a0\u00bb width=\u00a0\u00bb100%\u00a0\u00bb max_width=\u00a0\u00bb2529px\u00a0\u00bb module_alignment=\u00a0\u00bbcenter\u00a0\u00bb custom_margin=\u00a0\u00bb5px||5px||true|false\u00a0\u00bb custom_padding=\u00a0\u00bb10px|10px|10px|10px|true|true\u00a0\u00bb hover_enabled=\u00a0\u00bb0&Prime; global_colors_info=\u00a0\u00bb{}\u00a0\u00bb theme_builder_area=\u00a0\u00bbpost_content\u00a0\u00bb title_text=\u00a0\u00bbR\u00e9union\u00a0\u00bb background_image=\u00a0\u00bbhttps:\/\/etab.ac-reunion.fr\/clg-bourbon\/wp-content\/uploads\/sites\/10\/2025\/09\/Reunion.jpg\u00a0\u00bb sticky_enabled=\u00a0\u00bb0&Prime; parallax=\u00a0\u00bbon\u00a0\u00bb parallax_method=\u00a0\u00bboff\u00a0\u00bb use_background_color_gradient=\u00a0\u00bbon\u00a0\u00bb background_color_gradient_overlays_image=\u00a0\u00bbon\u00a0\u00bb background_color_gradient_stops=\u00a0\u00bb#ffffff 0%|rgba(214,123,44,0.23) 100%\u00a0\u00bb][et_pb_column type=\u00a0\u00bb3_5&Prime; _builder_version=\u00a0\u00bb4.27.4&Prime; _module_preset=\u00a0\u00bbdefault\u00a0\u00bb global_colors_info=\u00a0\u00bb{}\u00a0\u00bb theme_builder_area=\u00a0\u00bbpost_content\u00a0\u00bb][et_pb_text _builder_version=\u00a0\u00bb4.27.4&Prime; _module_preset=\u00a0\u00bbdefault\u00a0\u00bb custom_margin=\u00a0\u00bb15px||15px||true|false\u00a0\u00bb custom_padding=\u00a0\u00bb35px|15px|35px|15px|true|true\u00a0\u00bb animation_style=\u00a0\u00bbzoom\u00a0\u00bb animation_direction=\u00a0\u00bbleft\u00a0\u00bb animation_duration=\u00a0\u00bb1350ms\u00a0\u00bb animation_intensity_zoom=\u00a0\u00bb20%\u00a0\u00bb hover_enabled=\u00a0\u00bb0&Prime; global_colors_info=\u00a0\u00bb{}\u00a0\u00bb theme_builder_area=\u00a0\u00bbpost_content\u00a0\u00bb background_color=\u00a0\u00bbrgba(255,255,255,0.59)\u00a0\u00bb sticky_enabled=\u00a0\u00bb0&Prime;]\n<h3>Le jeudi 20 mars, dans le cadre de la Semaine des Langues, M. le Recteur s\u2019est rendu au lyc\u00e9e Leconte de Lisle \u00e0 Saint-Denis. A cette occasion, les \u00e9l\u00e8ves de la 6\u00e8me et de la 5\u00e8me SIA, accompagn\u00e9s de leurs trois enseignantes de la Team SIA, de la principale et de la principale adjointe, ont eu l\u2019honneur de pr\u00e9senter leur section et les projets r\u00e9alis\u00e9s tout au long de l\u2019ann\u00e9e.<\/h3>\n<h3>Ce moment chaleureux et stimulant a donn\u00e9 lieu \u00e0 de belles interactions avec M. le Recteur, qui s\u2019est montr\u00e9 \u00e0 l\u2019\u00e9coute, int\u00e9ress\u00e9 et bienveillant. Un \u00e9change riche en \u00e9motions pour les \u00e9l\u00e8ves, valorisant leur travail et soulignant l\u2019importance de la section.<\/h3>\n<h3>Cette rencontre a permis de mettre en lumi\u00e8re la liaison coll\u00e8ge-lyc\u00e9e, en montrant que les \u00e9l\u00e8ves de la section pourront poursuivre leur parcours en rejoignant la section ABIBAC ou la section europ\u00e9enne s\u2019ils le souhaitent, renfor\u00e7ant ainsi la continuit\u00e9 et l\u2019excellence du parcours international.<\/h3>\n[\/et_pb_text][\/et_pb_column][et_pb_column type=\u00a0\u00bb2_5&Prime; _builder_version=\u00a0\u00bb4.27.4&Prime; _module_preset=\u00a0\u00bbdefault\u00a0\u00bb hover_enabled=\u00a0\u00bb0&Prime; global_colors_info=\u00a0\u00bb{}\u00a0\u00bb theme_builder_area=\u00a0\u00bbpost_content\u00a0\u00bb title_text=\u00a0\u00bbDrapeau allemand(3)\u00a0\u00bb background_image=\u00a0\u00bbhttps:\/\/etab.ac-reunion.fr\/clg-bourbon\/wp-content\/uploads\/sites\/10\/2025\/09\/Drapeau-allemand3.png\u00a0\u00bb sticky_enabled=\u00a0\u00bb0&Prime; custom_padding=\u00a0\u00bb50px|10px|50px|10px|true|true\u00a0\u00bb][et_pb_gallery gallery_ids=\u00a0\u00bb16324,16321,16319,16320&Prime; gallery_orderby=\u00a0\u00bbrand\u00a0\u00bb fullwidth=\u00a0\u00bbon\u00a0\u00bb _builder_version=\u00a0\u00bb4.27.4&Prime; _module_preset=\u00a0\u00bbdefault\u00a0\u00bb width=\u00a0\u00bb85%\u00a0\u00bb max_width=\u00a0\u00bb85%\u00a0\u00bb module_alignment=\u00a0\u00bbcenter\u00a0\u00bb custom_margin=\u00a0\u00bb15px||15px||true|false\u00a0\u00bb custom_padding=\u00a0\u00bb15px||15px||true|false\u00a0\u00bb hover_enabled=\u00a0\u00bb0&Prime; border_radii=\u00a0\u00bbon|9px|9px|9px|9px\u00a0\u00bb border_width_all=\u00a0\u00bb5px\u00a0\u00bb border_color_all=\u00a0\u00bb#e8945c\u00a0\u00bb border_style_all=\u00a0\u00bbridge\u00a0\u00bb global_colors_info=\u00a0\u00bb{}\u00a0\u00bb theme_builder_area=\u00a0\u00bbpost_content\u00a0\u00bb sticky_enabled=\u00a0\u00bb0&Prime;][\/et_pb_gallery][\/et_pb_column][\/et_pb_row][\/et_pb_section]\n","protected":false},"excerpt":{"rendered":"<p>Le jeudi 20 mars, dans le cadre de la Semaine des Langues, M. le Recteur s\u2019est rendu au lyc\u00e9e Leconte de Lisle \u00e0 Saint-Denis. A cette occasion, les \u00e9l\u00e8ves de la 6\u00e8me et de la 5\u00e8me SIA, accompagn\u00e9s de leurs trois enseignantes de la Team SIA, de la principale et de la principale adjointe, ont [&hellip;]<\/p>\n","protected":false},"author":34531,"featured_media":16324,"comment_status":"closed","ping_status":"open","sticky":false,"template":"","format":"standard","meta":{"_et_pb_use_builder":"on","_et_pb_old_content":"","_et_gb_content_width":"","footnotes":""},"categories":[7,133,29],"tags":[],"class_list":["post-16317","post","type-post","status-publish","format-standard","has-post-thumbnail","hentry","category-infos-eleves","category-section-internationale-allemand","category-slider"],"_links":{"self":[{"href":"https:\/\/etab.ac-reunion.fr\/clg-bourbon\/wp-json\/wp\/v2\/posts\/16317","targetHints":{"allow":["GET"]}}],"collection":[{"href":"https:\/\/etab.ac-reunion.fr\/clg-bourbon\/wp-json\/wp\/v2\/posts"}],"about":[{"href":"https:\/\/etab.ac-reunion.fr\/clg-bourbon\/wp-json\/wp\/v2\/types\/post"}],"author":[{"embeddable":true,"href":"https:\/\/etab.ac-reunion.fr\/clg-bourbon\/wp-json\/wp\/v2\/users\/34531"}],"replies":[{"embeddable":true,"href":"https:\/\/etab.ac-reunion.fr\/clg-bourbon\/wp-json\/wp\/v2\/comments?post=16317"}],"version-history":[{"count":7,"href":"https:\/\/etab.ac-reunion.fr\/clg-bourbon\/wp-json\/wp\/v2\/posts\/16317\/revisions"}],"predecessor-version":[{"id":16587,"href":"https:\/\/etab.ac-reunion.fr\/clg-bourbon\/wp-json\/wp\/v2\/posts\/16317\/revisions\/16587"}],"wp:featuredmedia":[{"embeddable":true,"href":"https:\/\/etab.ac-reunion.fr\/clg-bourbon\/wp-json\/wp\/v2\/media\/16324"}],"wp:attachment":[{"href":"https:\/\/etab.ac-reunion.fr\/clg-bourbon\/wp-json\/wp\/v2\/media?parent=16317"}],"wp:term":[{"taxonomy":"category","embeddable":true,"href":"https:\/\/etab.ac-reunion.fr\/clg-bourbon\/wp-json\/wp\/v2\/categories?post=16317"},{"taxonomy":"post_tag","embeddable":true,"href":"https:\/\/etab.ac-reunion.fr\/clg-bourbon\/wp-json\/wp\/v2\/tags?post=16317"}],"curies":[{"name":"wp","href":"https:\/\/api.w.org\/{rel}","templated":true}]}}