{"id":16347,"date":"2025-09-08T12:03:23","date_gmt":"2025-09-08T08:03:23","guid":{"rendered":"https:\/\/etab.ac-reunion.fr\/clg-bourbon\/?p=16347"},"modified":"2025-09-11T10:18:40","modified_gmt":"2025-09-11T06:18:40","slug":"les-rata-les-rencontres-academiques-du-theatre-allemand","status":"publish","type":"post","link":"https:\/\/etab.ac-reunion.fr\/clg-bourbon\/les-rata-les-rencontres-academiques-du-theatre-allemand\/","title":{"rendered":"Les RATA : les Rencontres Acad\u00e9miques de Th\u00e9\u00e2tre en Allemand"},"content":{"rendered":"[et_pb_section fb_built=\u00a0\u00bb1&Prime; _builder_version=\u00a0\u00bb4.27.4&Prime; background_enable_color=\u00a0\u00bboff\u00a0\u00bb use_background_color_gradient=\u00a0\u00bbon\u00a0\u00bb background_color_gradient_stops=\u00a0\u00bbrgba(255,255,255,0.71) 0%|rgba(216,84,13,0.41) 100%\u00a0\u00bb background_color_gradient_overlays_image=\u00a0\u00bbon\u00a0\u00bb background_image=\u00a0\u00bbhttps:\/\/etab.ac-reunion.fr\/clg-bourbon\/wp-content\/uploads\/sites\/10\/2025\/03\/Theatre.jpg\u00a0\u00bb custom_margin=\u00a0\u00bb0px||0px||true|false\u00a0\u00bb hover_enabled=\u00a0\u00bb0&Prime; global_colors_info=\u00a0\u00bb{}\u00a0\u00bb theme_builder_area=\u00a0\u00bbet_body_layout\u00a0\u00bb title_text=\u00a0\u00bbTh\u00e9\u00e2tre\u00a0\u00bb sticky_enabled=\u00a0\u00bb0&Prime; custom_padding=\u00a0\u00bb35px|10px|35px|10px|true|true\u00a0\u00bb][et_pb_row _builder_version=\u00a0\u00bb4.27.4&Prime; background_color=\u00a0\u00bb#FFFFFF\u00a0\u00bb background_size=\u00a0\u00bbinitial\u00a0\u00bb background_position=\u00a0\u00bbtop_left\u00a0\u00bb background_repeat=\u00a0\u00bbrepeat\u00a0\u00bb module_alignment=\u00a0\u00bbcenter\u00a0\u00bb custom_padding=\u00a0\u00bb15px||15px||true|false\u00a0\u00bb hover_enabled=\u00a0\u00bb0&Prime; border_radii=\u00a0\u00bboff|30px|30px|1px|\u00a0\u00bb global_colors_info=\u00a0\u00bb{}\u00a0\u00bb theme_builder_area=\u00a0\u00bbet_body_layout\u00a0\u00bb border_width_all=\u00a0\u00bb3px\u00a0\u00bb border_style_all=\u00a0\u00bbdouble\u00a0\u00bb sticky_enabled=\u00a0\u00bb0&Prime; border_color_all__hover_enabled=\u00a0\u00bbon|hover\u00a0\u00bb border_color_all__hover=\u00a0\u00bb#a50d00&Prime; custom_margin=\u00a0\u00bb0px||0px||true|false\u00a0\u00bb][et_pb_column type=\u00a0\u00bb4_4&Prime; _builder_version=\u00a0\u00bb4.16&Prime; custom_padding=\u00a0\u00bb|||\u00a0\u00bb global_colors_info=\u00a0\u00bb{}\u00a0\u00bb custom_padding__hover=\u00a0\u00bb|||\u00a0\u00bb theme_builder_area=\u00a0\u00bbet_body_layout\u00a0\u00bb][et_pb_text _builder_version=\u00a0\u00bb4.27.4&Prime; _module_preset=\u00a0\u00bbdefault\u00a0\u00bb header_font=\u00a0\u00bbArima|600|||||||\u00a0\u00bb header_2_font=\u00a0\u00bbArima||||||||\u00a0\u00bb custom_padding=\u00a0\u00bb5px|15px|5px|15px|true|true\u00a0\u00bb hover_enabled=\u00a0\u00bb0&Prime; global_colors_info=\u00a0\u00bb{}\u00a0\u00bb theme_builder_area=\u00a0\u00bbet_body_layout\u00a0\u00bb header_3_line_height=\u00a0\u00bb1.2em\u00a0\u00bb sticky_enabled=\u00a0\u00bb0&Prime; custom_margin=\u00a0\u00bb0px||0px||true|false\u00a0\u00bb]\n<h3 style=\"text-align: center\">Le 3 avril dernier, les \u00e9l\u00e8ves de 5\u00e8me SIA foulaient les planches de la Salle Canter \u00e0 l\u2019Universit\u00e9 de la R\u00e9union et jouaient int\u00e9gralement en allemand leur petite pi\u00e8ce sur le th\u00e8me du r\u00eave intitul\u00e9e <strong>\u00ab Nicht einmal im Traum \u00bb<\/strong> (\u00ab M\u00eame pas en r\u00eave \u00bb)<\/h3>\n<h3 style=\"text-align: center\">Elle met en sc\u00e8ne des \u00e9l\u00e8ves d\u2019une classe qui ont une mission, un travail de groupe, celui de d\u00e9crire leurs r\u00eaves&#8230; Ils se mettent \u00e0 l\u2019ouvrage tant bien que mal mais &#8211; catastrophe &#8211; l\u2019un deux n\u2019a pas de r\u00eave ou plut\u00f4t si : il r\u00eave d\u2019avoir un r\u00eave\u2026 Comment l\u2019aider ?<\/h3>\n<h3 style=\"text-align: center\">Le son m\u00e9lodieux et po\u00e9tique de l\u2019accord\u00e9on jou\u00e9 par le protagoniste nous transporte vers un autre monde, celui des fr\u00e8res Grimm.<br \/>C\u2019est dans la peau de Jacob Grimm que l\u2019\u00e9l\u00e8ve musicien s\u2019\u00e9panouit : il \u00e9crit en compagnie de son fr\u00e8re Wilhelm les histoires collect\u00e9es aupr\u00e8s des camarades, en prenant soin de les revisiter un peu bien s\u00fbr \u2026<\/h3>\n<h3 style=\"text-align: center\">Un discret hommage \u00e0 l\u2019\u00e9criture et au partage qu\u2019elle permet\u2026 Bravo les \u00e9l\u00e8ves !<\/h3>\n<h3 style=\"text-align: center\">C\u2019\u00e9tait une premi\u00e8re qui donne envie de renouveler l\u2019exp\u00e9rience, non ?<\/h3>\n[\/et_pb_text][\/et_pb_column][\/et_pb_row][et_pb_row _builder_version=\u00a0\u00bb4.27.2&Prime; _module_preset=\u00a0\u00bbdefault\u00a0\u00bb global_colors_info=\u00a0\u00bb{}\u00a0\u00bb theme_builder_area=\u00a0\u00bbet_body_layout\u00a0\u00bb][et_pb_column type=\u00a0\u00bb4_4&Prime; _builder_version=\u00a0\u00bb4.27.2&Prime; _module_preset=\u00a0\u00bbdefault\u00a0\u00bb global_colors_info=\u00a0\u00bb{}\u00a0\u00bb theme_builder_area=\u00a0\u00bbet_body_layout\u00a0\u00bb][et_pb_gallery fullwidth=\u00a0\u00bbon\u00a0\u00bb _builder_version=\u00a0\u00bb4.27.4&Prime; _module_preset=\u00a0\u00bbdefault\u00a0\u00bb caption_text_align=\u00a0\u00bbcenter\u00a0\u00bb pagination_text_color=\u00a0\u00bb#FFFFFF\u00a0\u00bb max_width=\u00a0\u00bb40%\u00a0\u00bb max_width_tablet=\u00a0\u00bb60%\u00a0\u00bb max_width_phone=\u00a0\u00bb100%\u00a0\u00bb max_width_last_edited=\u00a0\u00bbon|desktop\u00a0\u00bb module_alignment=\u00a0\u00bbcenter\u00a0\u00bb custom_margin_tablet=\u00a0\u00bb\u00a0\u00bb custom_margin_phone=\u00a0\u00bb15px||15px||true|false\u00a0\u00bb custom_margin_last_edited=\u00a0\u00bbon|phone\u00a0\u00bb custom_padding=\u00a0\u00bb0px|0px|0px|0px|true|true\u00a0\u00bb animation_style=\u00a0\u00bbbounce\u00a0\u00bb animation_direction=\u00a0\u00bbbottom\u00a0\u00bb animation_duration=\u00a0\u00bb1400ms\u00a0\u00bb animation_delay=\u00a0\u00bb200ms\u00a0\u00bb animation_starting_opacity=\u00a0\u00bb45%\u00a0\u00bb border_radii=\u00a0\u00bbon|5px|5px|5px|5px\u00a0\u00bb border_color_all=\u00a0\u00bb#FFFFFF\u00a0\u00bb box_shadow_style=\u00a0\u00bbpreset1&Prime; box_shadow_spread=\u00a0\u00bb6px\u00a0\u00bb box_shadow_color=\u00a0\u00bb#6b3000&Prime; global_colors_info=\u00a0\u00bb{}\u00a0\u00bb theme_builder_area=\u00a0\u00bbet_body_layout\u00a0\u00bb gallery_ids=\u00a0\u00bb16346,16345,16343,16344,16342,16341&Prime; hover_enabled=\u00a0\u00bb0&Prime; sticky_enabled=\u00a0\u00bb0&Prime; width=\u00a0\u00bb40%\u00a0\u00bb custom_margin=\u00a0\u00bb0px||0px||true|false\u00a0\u00bb][\/et_pb_gallery][\/et_pb_column][\/et_pb_row][\/et_pb_section]\n","protected":false},"excerpt":{"rendered":"<p>Le 3 avril dernier, les \u00e9l\u00e8ves de 5\u00e8me SIA foulaient les planches de la Salle Canter \u00e0 l\u2019Universit\u00e9 de la R\u00e9union et jouaient int\u00e9gralement en allemand leur petite pi\u00e8ce sur le th\u00e8me du r\u00eave intitul\u00e9e \u00ab Nicht einmal im Traum \u00bb (\u00ab M\u00eame pas en r\u00eave \u00bb) Elle met en sc\u00e8ne des \u00e9l\u00e8ves d\u2019une classe [&hellip;]<\/p>\n","protected":false},"author":34531,"featured_media":16345,"comment_status":"closed","ping_status":"open","sticky":false,"template":"","format":"standard","meta":{"_et_pb_use_builder":"on","_et_pb_old_content":"","_et_gb_content_width":"1920","footnotes":""},"categories":[7,133,29],"tags":[],"class_list":["post-16347","post","type-post","status-publish","format-standard","has-post-thumbnail","hentry","category-infos-eleves","category-section-internationale-allemand","category-slider"],"_links":{"self":[{"href":"https:\/\/etab.ac-reunion.fr\/clg-bourbon\/wp-json\/wp\/v2\/posts\/16347","targetHints":{"allow":["GET"]}}],"collection":[{"href":"https:\/\/etab.ac-reunion.fr\/clg-bourbon\/wp-json\/wp\/v2\/posts"}],"about":[{"href":"https:\/\/etab.ac-reunion.fr\/clg-bourbon\/wp-json\/wp\/v2\/types\/post"}],"author":[{"embeddable":true,"href":"https:\/\/etab.ac-reunion.fr\/clg-bourbon\/wp-json\/wp\/v2\/users\/34531"}],"replies":[{"embeddable":true,"href":"https:\/\/etab.ac-reunion.fr\/clg-bourbon\/wp-json\/wp\/v2\/comments?post=16347"}],"version-history":[{"count":6,"href":"https:\/\/etab.ac-reunion.fr\/clg-bourbon\/wp-json\/wp\/v2\/posts\/16347\/revisions"}],"predecessor-version":[{"id":16459,"href":"https:\/\/etab.ac-reunion.fr\/clg-bourbon\/wp-json\/wp\/v2\/posts\/16347\/revisions\/16459"}],"wp:featuredmedia":[{"embeddable":true,"href":"https:\/\/etab.ac-reunion.fr\/clg-bourbon\/wp-json\/wp\/v2\/media\/16345"}],"wp:attachment":[{"href":"https:\/\/etab.ac-reunion.fr\/clg-bourbon\/wp-json\/wp\/v2\/media?parent=16347"}],"wp:term":[{"taxonomy":"category","embeddable":true,"href":"https:\/\/etab.ac-reunion.fr\/clg-bourbon\/wp-json\/wp\/v2\/categories?post=16347"},{"taxonomy":"post_tag","embeddable":true,"href":"https:\/\/etab.ac-reunion.fr\/clg-bourbon\/wp-json\/wp\/v2\/tags?post=16347"}],"curies":[{"name":"wp","href":"https:\/\/api.w.org\/{rel}","templated":true}]}}