{"id":2961,"date":"2018-08-15T06:44:59","date_gmt":"2018-08-15T02:44:59","guid":{"rendered":"http:\/\/college-bourbon.ac-reunion.fr\/?p=2961"},"modified":"2024-07-28T19:44:17","modified_gmt":"2024-07-28T15:44:17","slug":"rentree-2018-2019","status":"publish","type":"post","link":"https:\/\/etab.ac-reunion.fr\/clg-bourbon\/rentree-2018-2019\/","title":{"rendered":"Rentr\u00e9e 2018 2019"},"content":{"rendered":"[et_pb_section bb_built=\u00a0\u00bb1&Prime;][et_pb_row][et_pb_column type=\u00a0\u00bb1_4&Prime;][et_pb_text _builder_version=\u00a0\u00bb3.12.1&Prime; text_font_size=\u00a0\u00bb25px\u00a0\u00bb text_text_shadow_style=\u00a0\u00bbpreset3&Prime; background_color=\u00a0\u00bb#c01777&Prime; text_text_color=\u00a0\u00bb#ffffff\u00a0\u00bb text_orientation=\u00a0\u00bbcenter\u00a0\u00bb custom_padding=\u00a0\u00bb10px|10px|1px|1px\u00a0\u00bb border_radii=\u00a0\u00bbon|10px|10px|10px|10px\u00a0\u00bb border_color_all=\u00a0\u00bb#bf3d86&Prime;]\n<p>6e<\/p>\n[\/et_pb_text][et_pb_text _builder_version=\u00a0\u00bb3.12.2&Prime; border_radii=\u00a0\u00bbon|15px|15px|15px|15px\u00a0\u00bb border_width_all=\u00a0\u00bb6px\u00a0\u00bb border_color_all=\u00a0\u00bb#c01777&Prime; custom_padding=\u00a0\u00bb5px|5px|5px|5px\u00a0\u00bb]\n<p><strong>Vendredi 17 Ao\u00fbt<\/strong><br \/>\n<strong><span style=\"color: #ff0000\">8h &#8211; 11h<\/span><\/strong><\/p>\n<p><strong>Lundi 20 Ao\u00fbt<\/strong><br \/>\n<span style=\"color: #ff0000\"><strong>7h25 &#8211; 9h25<\/strong><\/span><\/p>\n<p><strong>Mardi 21 Ao\u00fbt<\/strong><br \/>\n<span style=\"color: #ff0000\"><strong>pas de cours<\/strong><\/span><\/p>\n<p><strong>Mercredi 22 Ao\u00fbt<\/strong><br \/>\n<strong><span style=\"color: #ff0000\">7h30 &#8211; 10h30 avec les professeurs principaux<\/span><\/strong><\/p>\n<p><strong>Jeudi 23 Ao\u00fbt<\/strong><br \/>\nEmploi du temps normal<\/p>\n<p><strong>Vendredi 24 Ao\u00fbt<\/strong><br \/>\nEmploi du temps normal<\/p>\n<p><strong>Samedi 25 Ao\u00fbt<br \/>\n<\/strong>Rencontre parents \/ professeurs<\/p>\n<ul>\n<li>8h &#8211; 9h30 : Administration<\/li>\n<li>9h30 &#8211; 10h30 : Professeur Principal<\/li>\n<li>10h30 &#8211; 11h30 : Professeurs de la classe<\/li>\n<\/ul>\n[\/et_pb_text][\/et_pb_column][et_pb_column type=\u00a0\u00bb1_4&Prime;][et_pb_text _builder_version=\u00a0\u00bb3.12.1&Prime; text_font_size=\u00a0\u00bb25px\u00a0\u00bb text_text_shadow_style=\u00a0\u00bbpreset3&Prime; background_color=\u00a0\u00bb#ef7e1c\u00a0\u00bb text_text_color=\u00a0\u00bb#ffffff\u00a0\u00bb text_orientation=\u00a0\u00bbcenter\u00a0\u00bb custom_padding=\u00a0\u00bb10px|10px|1px|1px\u00a0\u00bb border_radii=\u00a0\u00bbon|10px|10px|10px|10px\u00a0\u00bb border_color_all=\u00a0\u00bb#ef7e1c\u00a0\u00bb]\n<p>5e<\/p>\n[\/et_pb_text][et_pb_text _builder_version=\u00a0\u00bb3.12.1&Prime; border_radii=\u00a0\u00bbon|15px|15px|15px|15px\u00a0\u00bb border_width_all=\u00a0\u00bb6px\u00a0\u00bb border_color_all=\u00a0\u00bb#ef7e1c\u00a0\u00bb custom_padding=\u00a0\u00bb5px|5px|5px|5px\u00a0\u00bb]\n<p>Vendredi 17 Ao\u00fbt : 14h &#8211; 16h<\/p>\n<p>Lundi 20 Ao\u00fbt : pas de cours<\/p>\n<p>Mardi 21 Ao\u00fbt : d\u00e9but de l&#8217;emploi du temps<\/p>\n[\/et_pb_text][\/et_pb_column][et_pb_column type=\u00a0\u00bb1_4&Prime;][et_pb_text _builder_version=\u00a0\u00bb3.12.1&Prime; text_font_size=\u00a0\u00bb25px\u00a0\u00bb text_text_shadow_style=\u00a0\u00bbpreset3&Prime; background_color=\u00a0\u00bb#6ca200&Prime; text_text_color=\u00a0\u00bb#ffffff\u00a0\u00bb text_orientation=\u00a0\u00bbcenter\u00a0\u00bb custom_padding=\u00a0\u00bb10px|10px|1px|1px\u00a0\u00bb border_radii=\u00a0\u00bbon|10px|10px|10px|10px\u00a0\u00bb border_color_all=\u00a0\u00bb#6ca200&Prime;]\n<p>4e<\/p>\n[\/et_pb_text][et_pb_text _builder_version=\u00a0\u00bb3.12.1&Prime; border_radii=\u00a0\u00bbon|15px|15px|15px|15px\u00a0\u00bb border_width_all=\u00a0\u00bb6px\u00a0\u00bb border_color_all=\u00a0\u00bb#6ca200&Prime; custom_padding=\u00a0\u00bb5px|5px|5px|5px\u00a0\u00bb]\n<p>Lundi 20 Ao\u00fbt : 8h &#8211; 10h<\/p>\n<p>Mardi 21 Ao\u00fbt : d\u00e9but de l&#8217;emploi du temps<\/p>\n[\/et_pb_text][\/et_pb_column][et_pb_column type=\u00a0\u00bb1_4&Prime;][et_pb_text _builder_version=\u00a0\u00bb3.12.1&Prime; text_font_size=\u00a0\u00bb25px\u00a0\u00bb text_text_shadow_style=\u00a0\u00bbpreset3&Prime; background_color=\u00a0\u00bb#128b91&Prime; text_text_color=\u00a0\u00bb#ffffff\u00a0\u00bb text_orientation=\u00a0\u00bbcenter\u00a0\u00bb custom_padding=\u00a0\u00bb10px|10px|1px|1px\u00a0\u00bb border_radii=\u00a0\u00bbon|10px|10px|10px|10px\u00a0\u00bb border_color_all=\u00a0\u00bb#128b91&Prime;]\n<p>3e<\/p>\n[\/et_pb_text][et_pb_text _builder_version=\u00a0\u00bb3.12.1&Prime; border_radii=\u00a0\u00bbon|15px|15px|15px|15px\u00a0\u00bb border_width_all=\u00a0\u00bb6px\u00a0\u00bb border_color_all=\u00a0\u00bb#128b91&Prime; custom_padding=\u00a0\u00bb5px|5px|5px|5px\u00a0\u00bb]\n<p>Lundi 20 Ao\u00fbt : 10h &#8211; 12h<\/p>\n<p>Mardi 21 Ao\u00fbt : d\u00e9but de l&#8217;emploi du temps<\/p>\n[\/et_pb_text][\/et_pb_column][\/et_pb_row][et_pb_row][et_pb_column type=\u00a0\u00bb4_4&Prime;][et_pb_button _builder_version=\u00a0\u00bb3.12.1&Prime; button_text=\u00a0\u00bbT\u00e9l\u00e9charger le planning de rentr\u00e9e\u00a0\u00bb button_url=\u00a0\u00bbhttps:\/\/etab.ac-reunion.fr\/clg-bourbon\/wp-content\/uploads\/sites\/10\/2018\/08\/bourbon-rentree-18-19.pdf\u00a0\u00bb \/][\/et_pb_column][\/et_pb_row][\/et_pb_section]\n","protected":false},"excerpt":{"rendered":"<p><div class=\"et_pb_row et_pb_row_0 et_pb_row_empty\">\n\t\t\t\t\n\t\t\t\t\n\t\t\t\t\n\t\t\t\t\n\t\t\t\t\n\t\t\t<\/div> 6e Vendredi 17 Ao\u00fbt 8h &#8211; 11h Lundi 20 Ao\u00fbt 7h25 &#8211; 9h25 Mardi 21 Ao\u00fbt pas de cours Mercredi 22 Ao\u00fbt 7h30 &#8211; 10h30 avec les professeurs principaux Jeudi 23 Ao\u00fbt Emploi du temps normal Vendredi 24 Ao\u00fbt Emploi du temps normal Samedi 25 Ao\u00fbt Rencontre parents \/ professeurs 8h &#8211; 9h30 : [&hellip;]<\/p>\n","protected":false},"author":9884,"featured_media":2962,"comment_status":"closed","ping_status":"open","sticky":false,"template":"","format":"standard","meta":{"_et_pb_use_builder":"on","_et_pb_old_content":"","_et_gb_content_width":"","footnotes":""},"categories":[93],"tags":[],"class_list":["post-2961","post","type-post","status-publish","format-standard","has-post-thumbnail","hentry","category-construire"],"_links":{"self":[{"href":"https:\/\/etab.ac-reunion.fr\/clg-bourbon\/wp-json\/wp\/v2\/posts\/2961","targetHints":{"allow":["GET"]}}],"collection":[{"href":"https:\/\/etab.ac-reunion.fr\/clg-bourbon\/wp-json\/wp\/v2\/posts"}],"about":[{"href":"https:\/\/etab.ac-reunion.fr\/clg-bourbon\/wp-json\/wp\/v2\/types\/post"}],"author":[{"embeddable":true,"href":"https:\/\/etab.ac-reunion.fr\/clg-bourbon\/wp-json\/wp\/v2\/users\/9884"}],"replies":[{"embeddable":true,"href":"https:\/\/etab.ac-reunion.fr\/clg-bourbon\/wp-json\/wp\/v2\/comments?post=2961"}],"version-history":[{"count":11,"href":"https:\/\/etab.ac-reunion.fr\/clg-bourbon\/wp-json\/wp\/v2\/posts\/2961\/revisions"}],"predecessor-version":[{"id":2989,"href":"https:\/\/etab.ac-reunion.fr\/clg-bourbon\/wp-json\/wp\/v2\/posts\/2961\/revisions\/2989"}],"wp:featuredmedia":[{"embeddable":true,"href":"https:\/\/etab.ac-reunion.fr\/clg-bourbon\/wp-json\/wp\/v2\/media\/2962"}],"wp:attachment":[{"href":"https:\/\/etab.ac-reunion.fr\/clg-bourbon\/wp-json\/wp\/v2\/media?parent=2961"}],"wp:term":[{"taxonomy":"category","embeddable":true,"href":"https:\/\/etab.ac-reunion.fr\/clg-bourbon\/wp-json\/wp\/v2\/categories?post=2961"},{"taxonomy":"post_tag","embeddable":true,"href":"https:\/\/etab.ac-reunion.fr\/clg-bourbon\/wp-json\/wp\/v2\/tags?post=2961"}],"curies":[{"name":"wp","href":"https:\/\/api.w.org\/{rel}","templated":true}]}}