{"id":3029,"date":"2018-09-12T17:34:10","date_gmt":"2018-09-12T13:34:10","guid":{"rendered":"http:\/\/college-bourbon.ac-reunion.fr\/?p=3029"},"modified":"2024-07-28T19:44:33","modified_gmt":"2024-07-28T15:44:33","slug":"journee-du-patrimoine","status":"publish","type":"post","link":"https:\/\/etab.ac-reunion.fr\/clg-bourbon\/journee-du-patrimoine\/","title":{"rendered":"Journ\u00e9e du Patrimoine"},"content":{"rendered":"[et_pb_section bb_built=\u00a0\u00bb1&Prime;][et_pb_row][et_pb_column type=\u00a0\u00bb2_3&Prime;][et_pb_text _builder_version=\u00a0\u00bb3.14&Prime;]\n<p>Dans le cadre des journ\u00e9es europ\u00e9ennes du patrimoine, et \u00e0 l&rsquo;occasion du bicentenaire de l&rsquo;\u00e9tablissement, le coll\u00e8ge de Bourbon vous accueille le samedi 15 septembre.<\/p>\n<p>L&rsquo;\u00e9quipe \u00e9ducative et les \u00e9l\u00e8ves comptent sur vous !<\/p>\n[\/et_pb_text][\/et_pb_column][et_pb_column type=\u00a0\u00bb1_3&Prime;][et_pb_button _builder_version=\u00a0\u00bb3.14&Prime; button_text=\u00a0\u00bbt\u00e9l\u00e9charger l&rsquo;invitation\u00a0\u00bb button_url=\u00a0\u00bbhttps:\/\/etab.ac-reunion.fr\/clg-bourbon\/wp-content\/uploads\/sites\/10\/2018\/09\/InvitationBourbonBicentenaire.pdf\u00a0\u00bb custom_button=\u00a0\u00bbon\u00a0\u00bb button_text_color=\u00a0\u00bb#c01777&Prime; button_bg_color=\u00a0\u00bb#ffffff\u00a0\u00bb button_border_color=\u00a0\u00bb#c01777&Prime; button_icon=\u00a0\u00bb%%153%%\u00a0\u00bb button_icon_color=\u00a0\u00bb#ffffff\u00a0\u00bb button_text_color_hover=\u00a0\u00bb#ffffff\u00a0\u00bb button_bg_color_hover=\u00a0\u00bb#c01777&Prime; button_border_radius_hover=\u00a0\u00bb100&Prime; \/][\/et_pb_column][\/et_pb_row][\/et_pb_section]\n","protected":false},"excerpt":{"rendered":"<p><div class=\"et_pb_row et_pb_row_0 et_pb_row_empty\">\n\t\t\t\t\n\t\t\t\t\n\t\t\t\t\n\t\t\t\t\n\t\t\t\t\n\t\t\t<\/div> Dans le cadre des journ\u00e9es europ\u00e9ennes du patrimoine, et \u00e0 l&rsquo;occasion du bicentenaire de l&rsquo;\u00e9tablissement, le coll\u00e8ge de Bourbon vous accueille le samedi 15 septembre. L&rsquo;\u00e9quipe \u00e9ducative et les \u00e9l\u00e8ves comptent sur vous !<\/p>\n","protected":false},"author":9884,"featured_media":3030,"comment_status":"closed","ping_status":"open","sticky":false,"template":"","format":"standard","meta":{"_et_pb_use_builder":"on","_et_pb_old_content":"","_et_gb_content_width":"","footnotes":""},"categories":[91],"tags":[],"class_list":["post-3029","post","type-post","status-publish","format-standard","has-post-thumbnail","hentry","category-vivre"],"_links":{"self":[{"href":"https:\/\/etab.ac-reunion.fr\/clg-bourbon\/wp-json\/wp\/v2\/posts\/3029","targetHints":{"allow":["GET"]}}],"collection":[{"href":"https:\/\/etab.ac-reunion.fr\/clg-bourbon\/wp-json\/wp\/v2\/posts"}],"about":[{"href":"https:\/\/etab.ac-reunion.fr\/clg-bourbon\/wp-json\/wp\/v2\/types\/post"}],"author":[{"embeddable":true,"href":"https:\/\/etab.ac-reunion.fr\/clg-bourbon\/wp-json\/wp\/v2\/users\/9884"}],"replies":[{"embeddable":true,"href":"https:\/\/etab.ac-reunion.fr\/clg-bourbon\/wp-json\/wp\/v2\/comments?post=3029"}],"version-history":[{"count":1,"href":"https:\/\/etab.ac-reunion.fr\/clg-bourbon\/wp-json\/wp\/v2\/posts\/3029\/revisions"}],"predecessor-version":[{"id":3033,"href":"https:\/\/etab.ac-reunion.fr\/clg-bourbon\/wp-json\/wp\/v2\/posts\/3029\/revisions\/3033"}],"wp:featuredmedia":[{"embeddable":true,"href":"https:\/\/etab.ac-reunion.fr\/clg-bourbon\/wp-json\/wp\/v2\/media\/3030"}],"wp:attachment":[{"href":"https:\/\/etab.ac-reunion.fr\/clg-bourbon\/wp-json\/wp\/v2\/media?parent=3029"}],"wp:term":[{"taxonomy":"category","embeddable":true,"href":"https:\/\/etab.ac-reunion.fr\/clg-bourbon\/wp-json\/wp\/v2\/categories?post=3029"},{"taxonomy":"post_tag","embeddable":true,"href":"https:\/\/etab.ac-reunion.fr\/clg-bourbon\/wp-json\/wp\/v2\/tags?post=3029"}],"curies":[{"name":"wp","href":"https:\/\/api.w.org\/{rel}","templated":true}]}}