{"id":8489,"date":"2021-05-25T08:36:53","date_gmt":"2021-05-25T04:36:53","guid":{"rendered":"http:\/\/college-bourbon.ac-reunion.fr\/?p=8489"},"modified":"2024-07-28T19:44:47","modified_gmt":"2024-07-28T15:44:47","slug":"semaine-des-langues","status":"publish","type":"post","link":"https:\/\/etab.ac-reunion.fr\/clg-bourbon\/semaine-des-langues\/","title":{"rendered":"Semaine des langues"},"content":{"rendered":"\n[et_pb_section fb_built=\u00a0\u00bb1&Prime; _builder_version=\u00a0\u00bb4.9.4&Prime; _module_preset=\u00a0\u00bbdefault\u00a0\u00bb hover_enabled=\u00a0\u00bb0&Prime; sticky_enabled=\u00a0\u00bb0&Prime;][et_pb_row _builder_version=\u00a0\u00bb4.9.4&Prime; _module_preset=\u00a0\u00bbdefault\u00a0\u00bb column_structure=\u00a0\u00bb2_5,3_5&Prime; custom_padding=\u00a0\u00bb||3px|||\u00a0\u00bb][et_pb_column _builder_version=\u00a0\u00bb4.9.4&Prime; _module_preset=\u00a0\u00bbdefault\u00a0\u00bb type=\u00a0\u00bb2_5&Prime;][et_pb_text _builder_version=\u00a0\u00bb4.9.4&Prime; _module_preset=\u00a0\u00bbdefault\u00a0\u00bb hover_enabled=\u00a0\u00bb0&Prime; sticky_enabled=\u00a0\u00bb0&Prime;]<p>Du 12 au 16 Avril s\u2019est tenue la Semaine des Langues au Coll\u00e8ge de Bourbon. Temps fort de l\u2019ann\u00e9e, cette semaine permet de sensibiliser les \u00e9l\u00e8ves \u00e0 l\u2019importance de l\u2019apprentissage des langues et de mettre en avant la diversit\u00e9 culturelle de l\u2019\u00e9tablissement.<br \/>Toute la semaine, une fanfare d\u2019ateliers a \u00e9t\u00e9 organis\u00e9e par les enseignants tels que chants, quizs culturels, Escape Games \u00e0 l\u2019international, billard indien \u00ab le Carrom \u00bb, ateliers vid\u00e9os etc\u2026 Et n\u2019oublions pas le Concours d\u2019Affiche de la Semaine des Langues avec la remise des prix qui aura permis de r\u00e9compenser trois \u00e9l\u00e8ves talentueux qui repartaient contents avec leurs cadeaux bien m\u00e9rit\u00e9s !<br \/><br \/><\/p>[\/et_pb_text][\/et_pb_column][et_pb_column _builder_version=\u00a0\u00bb4.9.4&Prime; _module_preset=\u00a0\u00bbdefault\u00a0\u00bb type=\u00a0\u00bb3_5&Prime;][et_pb_video src=\u00a0\u00bbhttps:\/\/media.joomeo.com\/480p\/60901a7dce1e0.mp4&Prime; _builder_version=\u00a0\u00bb4.9.4&Prime; _module_preset=\u00a0\u00bbdefault\u00a0\u00bb hover_enabled=\u00a0\u00bb0&Prime; sticky_enabled=\u00a0\u00bb0&Prime;][\/et_pb_video][\/et_pb_column][\/et_pb_row][et_pb_row _builder_version=\u00a0\u00bb4.9.4&Prime; _module_preset=\u00a0\u00bbdefault\u00a0\u00bb][et_pb_column _builder_version=\u00a0\u00bb4.9.4&Prime; _module_preset=\u00a0\u00bbdefault\u00a0\u00bb type=\u00a0\u00bb4_4&Prime;][et_pb_text _builder_version=\u00a0\u00bb4.9.4&Prime; _module_preset=\u00a0\u00bbdefault\u00a0\u00bb hover_enabled=\u00a0\u00bb0&Prime; sticky_enabled=\u00a0\u00bb0&Prime;]A chaque jour sa langue :\nLundi, nous avons d\u00e9marr\u00e9 ce p\u00e9riple par un arr\u00eat en Allemagne : d\u00e9couverte de la langue en classe, et une cour color\u00e9e d\u2019affiches de la Semaine des Langues pour bien d\u00e9marrer cette semaine, un moyen pour les \u00e9l\u00e8ves de mettre en avant leurs travaux et leurs talents.\nMardi, petit tour en Espagne, o\u00f9 la paella bat son plein \u00e0 la cantine ! Succ\u00e8s garanti !\nMercredi, une matin\u00e9e avec le Latin, alors que Jeudi, au royaume de la Reine d\u2019Angleterre, l\u2019agneau \u00e0 la menthe et le fish and chips ont conquis notre c\u0153ur\u2026 et notre palais !\nTerminons cette folle semaine par Vendredi, une escale tout en couleur o\u00f9 la francophonie et les diff\u00e9rentes cultures de notre coll\u00e8ge ont \u00e9t\u00e9 mises en avant par un flashmob pr\u00e9sent\u00e9 dans la cour : France, R\u00e9union, Europe, Mayotte, Les Comores, Sri-Lanka, Madagascar. Telle est la formidable mixit\u00e9 que les \u00e9l\u00e8ves repr\u00e9sentent fi\u00e8rement dans notre coll\u00e8ge.\nUn tour du monde en une semaine, et des bons souvenirs plein la t\u00eate, le rendez-vous est fix\u00e9 \u00e0 l\u2019ann\u00e9e prochaine ![\/et_pb_text][et_pb_gallery _builder_version=\u00a0\u00bb4.9.4&Prime; _module_preset=\u00a0\u00bbdefault\u00a0\u00bb gallery_ids=\u00a0\u00bb8513,8512,8511,8510,8509,8508,8507,8506,8505,8504,8503,8502,8501,8500,8499,8498,8497,8496,8495,8494,8492,8493&Prime; hover_enabled=\u00a0\u00bb0&Prime; sticky_enabled=\u00a0\u00bb0&Prime; fullwidth=\u00a0\u00bbon\u00a0\u00bb auto=\u00a0\u00bbon\u00a0\u00bb][\/et_pb_gallery][et_pb_gallery _builder_version=\u00a0\u00bb4.9.4&Prime; _module_preset=\u00a0\u00bbdefault\u00a0\u00bb gallery_ids=\u00a0\u00bb8492,8493,8494,8495,8496,8497,8498,8499,8500,8501,8502,8503,8504,8505,8506,8507,8508,8509,8510,8511,8512,8513&Prime; hover_enabled=\u00a0\u00bb0&Prime; sticky_enabled=\u00a0\u00bb0&Prime;][\/et_pb_gallery][\/et_pb_column][\/et_pb_row][\/et_pb_section]\n","protected":false},"excerpt":{"rendered":"<p>Du 12 au 16 Avril s\u2019est tenue la Semaine des Langues au Coll\u00e8ge de Bourbon. Temps fort de l\u2019ann\u00e9e, cette semaine permet de sensibiliser les \u00e9l\u00e8ves \u00e0 l\u2019importance de l\u2019apprentissage des langues et de mettre en avant la diversit\u00e9 culturelle de l\u2019\u00e9tablissement.Toute la semaine, une fanfare d\u2019ateliers a \u00e9t\u00e9 organis\u00e9e par les enseignants tels que [&hellip;]<\/p>\n","protected":false},"author":9884,"featured_media":8504,"comment_status":"closed","ping_status":"open","sticky":false,"template":"","format":"standard","meta":{"_et_pb_use_builder":"on","_et_pb_old_content":"","_et_gb_content_width":"1024","footnotes":""},"categories":[91],"tags":[],"class_list":["post-8489","post","type-post","status-publish","format-standard","has-post-thumbnail","hentry","category-vivre"],"_links":{"self":[{"href":"https:\/\/etab.ac-reunion.fr\/clg-bourbon\/wp-json\/wp\/v2\/posts\/8489","targetHints":{"allow":["GET"]}}],"collection":[{"href":"https:\/\/etab.ac-reunion.fr\/clg-bourbon\/wp-json\/wp\/v2\/posts"}],"about":[{"href":"https:\/\/etab.ac-reunion.fr\/clg-bourbon\/wp-json\/wp\/v2\/types\/post"}],"author":[{"embeddable":true,"href":"https:\/\/etab.ac-reunion.fr\/clg-bourbon\/wp-json\/wp\/v2\/users\/9884"}],"replies":[{"embeddable":true,"href":"https:\/\/etab.ac-reunion.fr\/clg-bourbon\/wp-json\/wp\/v2\/comments?post=8489"}],"version-history":[{"count":3,"href":"https:\/\/etab.ac-reunion.fr\/clg-bourbon\/wp-json\/wp\/v2\/posts\/8489\/revisions"}],"predecessor-version":[{"id":8515,"href":"https:\/\/etab.ac-reunion.fr\/clg-bourbon\/wp-json\/wp\/v2\/posts\/8489\/revisions\/8515"}],"wp:featuredmedia":[{"embeddable":true,"href":"https:\/\/etab.ac-reunion.fr\/clg-bourbon\/wp-json\/wp\/v2\/media\/8504"}],"wp:attachment":[{"href":"https:\/\/etab.ac-reunion.fr\/clg-bourbon\/wp-json\/wp\/v2\/media?parent=8489"}],"wp:term":[{"taxonomy":"category","embeddable":true,"href":"https:\/\/etab.ac-reunion.fr\/clg-bourbon\/wp-json\/wp\/v2\/categories?post=8489"},{"taxonomy":"post_tag","embeddable":true,"href":"https:\/\/etab.ac-reunion.fr\/clg-bourbon\/wp-json\/wp\/v2\/tags?post=8489"}],"curies":[{"name":"wp","href":"https:\/\/api.w.org\/{rel}","templated":true}]}}