{"id":3375,"date":"2016-06-05T06:15:00","date_gmt":"2016-06-05T06:15:00","guid":{"rendered":"http:\/\/college-cambuston.ac-reunion.fr\/?p=3375"},"modified":"2016-06-15T15:10:12","modified_gmt":"2016-06-15T15:10:12","slug":"les-parents-dans-le-jardin-des-poetes","status":"publish","type":"post","link":"https:\/\/etab.ac-reunion.fr\/clg-cambuston\/les-parents-dans-le-jardin-des-poetes\/","title":{"rendered":"LES PARENTS DANS LE JARDIN DES POETES !"},"content":{"rendered":"<div id=\"attachment_3388\" style=\"width: 344px\" class=\"wp-caption aligncenter\"><img loading=\"lazy\" decoding=\"async\" aria-describedby=\"caption-attachment-3388\" class=\" wp-image-3388\" src=\"https:\/\/etab.ac-reunion.fr\/clg-cambuston\/wp-content\/uploads\/sites\/45\/2016\/06\/DSC01112-300x169.jpg\" alt=\"Parents , partenaires, \u00e9l\u00e8ves, professeurs, agents, direction... Il pousse plus dans un jardin que ce qu'on y a sem\u00e9. Proverbe arabe\" width=\"334\" height=\"188\" srcset=\"https:\/\/etab.ac-reunion.fr\/clg-cambuston\/wp-content\/uploads\/sites\/45\/2016\/06\/DSC01112-300x169.jpg 300w, https:\/\/etab.ac-reunion.fr\/clg-cambuston\/wp-content\/uploads\/sites\/45\/2016\/06\/DSC01112-50x28.jpg 50w, https:\/\/etab.ac-reunion.fr\/clg-cambuston\/wp-content\/uploads\/sites\/45\/2016\/06\/DSC01112-1024x576.jpg 1024w, https:\/\/etab.ac-reunion.fr\/clg-cambuston\/wp-content\/uploads\/sites\/45\/2016\/06\/DSC01112-95x54.jpg 95w, https:\/\/etab.ac-reunion.fr\/clg-cambuston\/wp-content\/uploads\/sites\/45\/2016\/06\/DSC01112.jpg 1920w\" sizes=\"auto, (max-width: 334px) 100vw, 334px\" \/><p id=\"caption-attachment-3388\" class=\"wp-caption-text\">Un jardin qui cr\u00e9e du lien<\/p><\/div>\n<p><strong><em>TEA TIME\u00a0 IN THE GARDEN<\/em><\/strong><\/p>\n<p>Dans le cadre de la Semaine Europ\u00e9enne du D\u00e9veloppement durable, les parents des \u00e9l\u00e8ves qui ont oeuvr\u00e9 pour le jardin des po\u00e8tes ont \u00e9t\u00e9 invit\u00e9s \u00e0 d\u00e9couvrir le travail de leurs enfants. <img loading=\"lazy\" decoding=\"async\" class=\"size-medium wp-image-3377 alignleft\" src=\"https:\/\/etab.ac-reunion.fr\/clg-cambuston\/wp-content\/uploads\/sites\/45\/2016\/06\/1-300x169.jpg\" alt=\"1\" width=\"300\" height=\"169\" srcset=\"https:\/\/etab.ac-reunion.fr\/clg-cambuston\/wp-content\/uploads\/sites\/45\/2016\/06\/1-300x169.jpg 300w, https:\/\/etab.ac-reunion.fr\/clg-cambuston\/wp-content\/uploads\/sites\/45\/2016\/06\/1-50x28.jpg 50w, https:\/\/etab.ac-reunion.fr\/clg-cambuston\/wp-content\/uploads\/sites\/45\/2016\/06\/1-1024x576.jpg 1024w, https:\/\/etab.ac-reunion.fr\/clg-cambuston\/wp-content\/uploads\/sites\/45\/2016\/06\/1-95x54.jpg 95w, https:\/\/etab.ac-reunion.fr\/clg-cambuston\/wp-content\/uploads\/sites\/45\/2016\/06\/1.jpg 1920w\" sizes=\"auto, (max-width: 300px) 100vw, 300px\" \/>C&rsquo;est un premier tea time qui a eu lieu dans le jardin pour une vingtaine\u00a0 de parents. Ils \u00e9taient venus en famille pour d\u00e9couvrir cet espace. Ce fut un moment inter-g\u00e9n\u00e9rationnel, chaleureux et convivial . Mme Parmentier les a accueillis.<\/p>\n<p>&nbsp;<\/p>\n<p><img loading=\"lazy\" decoding=\"async\" class=\" wp-image-3378 alignright\" src=\"https:\/\/etab.ac-reunion.fr\/clg-cambuston\/wp-content\/uploads\/sites\/45\/2016\/06\/accueil-fait-avec-Mme-Parmentier-300x169.jpg\" alt=\"accueil fait avec Mme Parmentier\" width=\"344\" height=\"194\" srcset=\"https:\/\/etab.ac-reunion.fr\/clg-cambuston\/wp-content\/uploads\/sites\/45\/2016\/06\/accueil-fait-avec-Mme-Parmentier-300x169.jpg 300w, https:\/\/etab.ac-reunion.fr\/clg-cambuston\/wp-content\/uploads\/sites\/45\/2016\/06\/accueil-fait-avec-Mme-Parmentier-50x28.jpg 50w, https:\/\/etab.ac-reunion.fr\/clg-cambuston\/wp-content\/uploads\/sites\/45\/2016\/06\/accueil-fait-avec-Mme-Parmentier-1024x576.jpg 1024w, https:\/\/etab.ac-reunion.fr\/clg-cambuston\/wp-content\/uploads\/sites\/45\/2016\/06\/accueil-fait-avec-Mme-Parmentier-95x54.jpg 95w, https:\/\/etab.ac-reunion.fr\/clg-cambuston\/wp-content\/uploads\/sites\/45\/2016\/06\/accueil-fait-avec-Mme-Parmentier.jpg 1920w\" sizes=\"auto, (max-width: 344px) 100vw, 344px\" \/><\/p>\n<p>&nbsp;<\/p>\n<p>Mme Mounissamy a pr\u00e9sent\u00e9 \u00e9galement le travail en atelier recyclage qui \u00e9tait expos\u00e9.<\/p>\n<p>Mr Grondin a \u00e9t\u00e9 press\u00e9 de questions \u00e0 propos du syst\u00e8me aquaponique qui a suscit\u00e9 curiosit\u00e9 et int\u00e9r\u00eat. Ce sont les \u00e9l\u00e8ves qui ont pr\u00e9sent\u00e9 ce qu&rsquo;ils ont fait dans la mise en place de ce syst\u00e8me. <img loading=\"lazy\" decoding=\"async\" class=\"size-medium wp-image-3382 alignleft\" src=\"https:\/\/etab.ac-reunion.fr\/clg-cambuston\/wp-content\/uploads\/sites\/45\/2016\/06\/DSC01088-300x169.jpg\" alt=\"DSC01088\" width=\"300\" height=\"169\" srcset=\"https:\/\/etab.ac-reunion.fr\/clg-cambuston\/wp-content\/uploads\/sites\/45\/2016\/06\/DSC01088-300x169.jpg 300w, https:\/\/etab.ac-reunion.fr\/clg-cambuston\/wp-content\/uploads\/sites\/45\/2016\/06\/DSC01088-50x28.jpg 50w, https:\/\/etab.ac-reunion.fr\/clg-cambuston\/wp-content\/uploads\/sites\/45\/2016\/06\/DSC01088-1024x576.jpg 1024w, https:\/\/etab.ac-reunion.fr\/clg-cambuston\/wp-content\/uploads\/sites\/45\/2016\/06\/DSC01088-95x54.jpg 95w, https:\/\/etab.ac-reunion.fr\/clg-cambuston\/wp-content\/uploads\/sites\/45\/2016\/06\/DSC01088.jpg 1920w\" sizes=\"auto, (max-width: 300px) 100vw, 300px\" \/><\/p>\n<p>L&rsquo;arbre de vie, \u00e0 l&rsquo;entr\u00e9e du jardin, r\u00e9alis\u00e9 par deux \u00e9l\u00e8ves de Mme Soucramanien a \u00e9t\u00e9 tr\u00e8s admir\u00e9.Ils \u00e9taient fiers de voir le travail de leurs enfants et flatt\u00e9s d&rsquo;avoir \u00e9t\u00e9 invit\u00e9s. Les membres du<strong> Lions Club les Vacoas<\/strong> \u00e9taient \u00e0 nos c\u00f4t\u00e9s pour partager cette rencontre.<\/p>\n<p>Nous avons plant\u00e9 symboliquement\u00a0 \u00ab\u00a0L&rsquo;arbre des parents\u00a0\u00bb. Ils ont choisi l\u2019emplacement et les enfants ont mis en terre cet arbre symbolique . Il s&rsquo;agit\u00a0 d&rsquo;un z\u00e9vi marron, venant tout droit de la serre de Mr Dupuy. Parmi les\u00a0 heureuses surprises : la pr\u00e9sence d&rsquo; anciens \u00e9l\u00e8ves , et\u00a0 trois g\u00e9n\u00e9rations plantant ce z\u00e9vi marron comme le montre la photo ci-contre: la m\u00e8re (qui a connu le coll\u00e8ge \u00e0 ses d\u00e9buts), la grande s\u0153ur (qui a maintenant quitt\u00e9 le coll\u00e8ge), et la plus jeune ( actuellement en 5\u00e8me). <img loading=\"lazy\" decoding=\"async\" class=\" wp-image-3389 alignright\" src=\"https:\/\/etab.ac-reunion.fr\/clg-cambuston\/wp-content\/uploads\/sites\/45\/2016\/06\/DSC01119-300x169.jpg\" alt=\"DSC01119\" width=\"346\" height=\"195\" srcset=\"https:\/\/etab.ac-reunion.fr\/clg-cambuston\/wp-content\/uploads\/sites\/45\/2016\/06\/DSC01119-300x169.jpg 300w, https:\/\/etab.ac-reunion.fr\/clg-cambuston\/wp-content\/uploads\/sites\/45\/2016\/06\/DSC01119-50x28.jpg 50w, https:\/\/etab.ac-reunion.fr\/clg-cambuston\/wp-content\/uploads\/sites\/45\/2016\/06\/DSC01119-1024x576.jpg 1024w, https:\/\/etab.ac-reunion.fr\/clg-cambuston\/wp-content\/uploads\/sites\/45\/2016\/06\/DSC01119-95x54.jpg 95w, https:\/\/etab.ac-reunion.fr\/clg-cambuston\/wp-content\/uploads\/sites\/45\/2016\/06\/DSC01119.jpg 1920w\" sizes=\"auto, (max-width: 346px) 100vw, 346px\" \/><\/p>\n<p>Une maman nous a propos\u00e9 des plants de coton que nous avons accept\u00e9s avec beaucoup de plaisir.<\/p>\n<p>Un grand merci \u00e0 Mr Soundron et Mr Ellama qui sont rest\u00e9s pour nous aider \u00e0 ranger.<\/p>\n<p>Ce jardin constitue v\u00e9ritablement un atout pour les liens qui sont encore \u00e0 construire avec les parents. Et cette rencontre en augure bien d\u2019autres\u2026\u2026<\/p>\n<p>Sydalise Dufestin et Diana l\u00e9ocadie <img loading=\"lazy\" decoding=\"async\" class=\" wp-image-3386 aligncenter\" src=\"https:\/\/etab.ac-reunion.fr\/clg-cambuston\/wp-content\/uploads\/sites\/45\/2016\/06\/DSC01103-300x169.jpg\" alt=\"DSC01103\" width=\"323\" height=\"182\" srcset=\"https:\/\/etab.ac-reunion.fr\/clg-cambuston\/wp-content\/uploads\/sites\/45\/2016\/06\/DSC01103-300x169.jpg 300w, https:\/\/etab.ac-reunion.fr\/clg-cambuston\/wp-content\/uploads\/sites\/45\/2016\/06\/DSC01103-50x28.jpg 50w, https:\/\/etab.ac-reunion.fr\/clg-cambuston\/wp-content\/uploads\/sites\/45\/2016\/06\/DSC01103-1024x576.jpg 1024w, https:\/\/etab.ac-reunion.fr\/clg-cambuston\/wp-content\/uploads\/sites\/45\/2016\/06\/DSC01103-95x54.jpg 95w, https:\/\/etab.ac-reunion.fr\/clg-cambuston\/wp-content\/uploads\/sites\/45\/2016\/06\/DSC01103.jpg 1920w\" sizes=\"auto, (max-width: 323px) 100vw, 323px\" \/><\/p>\n<!-- AddThis Advanced Settings generic via filter on the_content --><!-- AddThis Share Buttons generic via filter on the_content -->","protected":false},"excerpt":{"rendered":"<p>TEA TIME\u00a0 IN THE GARDEN Dans le cadre de la Semaine Europ\u00e9enne du D\u00e9veloppement durable, les parents des \u00e9l\u00e8ves qui ont oeuvr\u00e9 pour le jardin des po\u00e8tes ont \u00e9t\u00e9 invit\u00e9s \u00e0 d\u00e9couvrir le travail de leurs enfants. C&rsquo;est un premier tea time qui a eu lieu dans le jardin pour une vingtaine\u00a0 de parents. Ils [&hellip;]<!-- AddThis Advanced Settings generic via filter on get_the_excerpt --><!-- AddThis Share Buttons generic via filter on get_the_excerpt --><\/p>\n","protected":false},"author":7591,"featured_media":3388,"comment_status":"closed","ping_status":"closed","sticky":false,"template":"","format":"standard","meta":{"footnotes":""},"categories":[3,14,17,15,11,7,10,21,9,1,6,13],"tags":[],"class_list":["post-3375","post","type-post","status-publish","format-standard","has-post-thumbnail","hentry","category-actualites","category-cafe-des-parents","category-eco-college","category-espace-parents","category-evenements","category-fixed","category-gallerie2","category-marches-publics","category-menu-2","category-non-classe","category-slider","category-theatre"],"_links":{"self":[{"href":"https:\/\/etab.ac-reunion.fr\/clg-cambuston\/wp-json\/wp\/v2\/posts\/3375","targetHints":{"allow":["GET"]}}],"collection":[{"href":"https:\/\/etab.ac-reunion.fr\/clg-cambuston\/wp-json\/wp\/v2\/posts"}],"about":[{"href":"https:\/\/etab.ac-reunion.fr\/clg-cambuston\/wp-json\/wp\/v2\/types\/post"}],"author":[{"embeddable":true,"href":"https:\/\/etab.ac-reunion.fr\/clg-cambuston\/wp-json\/wp\/v2\/users\/7591"}],"replies":[{"embeddable":true,"href":"https:\/\/etab.ac-reunion.fr\/clg-cambuston\/wp-json\/wp\/v2\/comments?post=3375"}],"version-history":[{"count":7,"href":"https:\/\/etab.ac-reunion.fr\/clg-cambuston\/wp-json\/wp\/v2\/posts\/3375\/revisions"}],"predecessor-version":[{"id":3399,"href":"https:\/\/etab.ac-reunion.fr\/clg-cambuston\/wp-json\/wp\/v2\/posts\/3375\/revisions\/3399"}],"wp:featuredmedia":[{"embeddable":true,"href":"https:\/\/etab.ac-reunion.fr\/clg-cambuston\/wp-json\/wp\/v2\/media\/3388"}],"wp:attachment":[{"href":"https:\/\/etab.ac-reunion.fr\/clg-cambuston\/wp-json\/wp\/v2\/media?parent=3375"}],"wp:term":[{"taxonomy":"category","embeddable":true,"href":"https:\/\/etab.ac-reunion.fr\/clg-cambuston\/wp-json\/wp\/v2\/categories?post=3375"},{"taxonomy":"post_tag","embeddable":true,"href":"https:\/\/etab.ac-reunion.fr\/clg-cambuston\/wp-json\/wp\/v2\/tags?post=3375"}],"curies":[{"name":"wp","href":"https:\/\/api.w.org\/{rel}","templated":true}]}}