{"id":4339,"date":"2020-05-14T03:13:46","date_gmt":"2020-05-14T03:13:46","guid":{"rendered":"http:\/\/college-cambuston.ac-reunion.fr\/?p=4339"},"modified":"2020-08-10T19:34:30","modified_gmt":"2020-08-10T19:34:30","slug":"informations-rentree-college","status":"publish","type":"post","link":"https:\/\/etab.ac-reunion.fr\/clg-cambuston\/informations-rentree-college\/","title":{"rendered":"Informations rentr\u00e9e coll\u00e8ge"},"content":{"rendered":"\n<p>Chers parents, chers \u00e9l\u00e8ves,<\/p>\n\n\n\n<p>En pr\u00e9vision d\u2019une rentr\u00e9e scolaire annonc\u00e9e par le gouvernement, nous souhaitons communiquer sur les gestes barri\u00e8res et de distanciation d\u2019au moins 1 m\u00e8tre, qui sont utiles aussi bien au coll\u00e8ge que pour votre vie quotidienne.<\/p>\n\n\n\n<p>Il sera <strong><u>OBLIGATOIRE<\/u><\/strong> :<\/p>\n\n\n\n<ul class=\"wp-block-list\"><li><strong>De ne pas envoyer<\/strong> son enfant au coll\u00e8ge en cas de fi\u00e8vre, toux, rhume, difficult\u00e9s respiratoires\u2026 Les enfants dont l\u2019un des parents est identifi\u00e9 comme cas confirm\u00e9 de Covid19 doivent rester \u00e0 la maison mais aussi en cas de pathologie figurant sur la liste suivante&nbsp;: <a href=\"https:\/\/solidarites-sante.gouv.fr\/actualites\/actualites-du-ministere\/article\/coronavirus-qui-sont-les-personnes-fragiles?fbclid=IwAR1J0DuDuLdXtPM62PmWTMYtlXyKNaHRzmBYK3Ml9c7D0IuBxEfoQQGAzFE\">https:\/\/solidarites-sante.gouv.fr\/actualites\/actualites-du-ministere\/article\/coronavirus-qui-sont-les-personnes-fragiles?fbclid=IwAR1J0DuDuLdXtPM62PmWTMYtlXyKNaHRzmBYK3Ml9c7D0IuBxEfoQQGAzFE<\/a><\/li><li><strong>De porter son masque dans l\u2019enceinte du coll\u00e8ge<\/strong>. L\u2019\u00e9l\u00e8ve ne sera pas accept\u00e9 et sera renvoy\u00e9 \u00e0 son domicile s\u2019il ne porte pas son masque. &nbsp;<strong>De fa\u00e7on ponctuelle, <\/strong>l\u2019\u00e9tablissement pourra fournir un masque jetable.<\/li><\/ul>\n\n\n\n<ul class=\"wp-block-list\"><li>Trousse qui doit \u00eatre fournie par la famille comprenant&nbsp;: 2 masques pour la journ\u00e9e, un gel hydroalcoolique et un sachet pour mettre le masque sale<strong>.<\/strong><\/li><\/ul>\n\n\n\n<p>Lorsqu\u2019un \u00e9l\u00e8ve pr\u00e9sente des signes suspects de COVID (Toux, fi\u00e8vre, douleurs abdos, maux de t\u00eate), les parents viennent <strong>rapidement<\/strong> r\u00e9cup\u00e9rer leur enfant malade. <strong>Un certificat m\u00e9dical<\/strong> sera demand\u00e9 pour r\u00e9int\u00e9grer l\u2019\u00e9tablissement.<\/p>\n\n\n\n<p>Quelques recommandations&nbsp;:<\/p>\n\n\n\n<ul class=\"wp-block-list\"><li><strong>Prendre la temp\u00e9rature<\/strong> de son enfant avant d\u2019aller au coll\u00e8ge. La temp\u00e9rature ne devant pas d\u00e9passer 37,8\u00b0.<\/li><\/ul>\n\n\n\n<ul class=\"wp-block-list\"><li><strong>Vos coordonn\u00e9es doivent \u00eatre connues<\/strong> afin de pouvoir vous joindre \u00e0 tout moment de la journ\u00e9e. Une fiche de renseignement \u00e0 retrouver \u00e0 la page 10, sera \u00e0 compl\u00e9ter et \u00e0 renvoyer au coll\u00e8ge SVP.<\/li><\/ul>\n\n\n\n<ul class=\"wp-block-list\"><li>Favoriser les <strong>cheveux attach\u00e9s<\/strong><\/li><\/ul>\n\n\n\n<ul class=\"wp-block-list\"><li>Favoriser les <strong>ongles courts<\/strong><\/li><\/ul>\n\n\n\n<ul class=\"wp-block-list\"><li>Eviter de porter des bijoux<\/li><\/ul>\n\n\n\n<ul class=\"wp-block-list\"><li>Avoir toutes ses affaires afin de limiter l\u2019\u00e9change des objets<\/li><\/ul>\n\n\n\n<p>S\u2019il y a un quelconque probl\u00e8me m\u00e9dical \u00e0 signaler, ou pour tout questionnement m\u00e9dical, appeler l\u2019infirmerie (Mme Isabelle PAYET et Mme Virginie RESPAUD) au 02 62 46 55 31.<\/p>\n\n\n\n<p>Pour rappel&nbsp;:<\/p>\n\n\n\n<p><a>Gestes barri\u00e8res<\/a><\/p>\n\n\n\n<figure class=\"wp-block-image size-large\"><img loading=\"lazy\" decoding=\"async\" width=\"459\" height=\"637\" src=\"https:\/\/etab.ac-reunion.fr\/clg-cambuston\/wp-content\/uploads\/sites\/45\/2020\/05\/GESTE-BARRIERE.png\" alt=\"\" class=\"wp-image-4356\" srcset=\"https:\/\/etab.ac-reunion.fr\/clg-cambuston\/wp-content\/uploads\/sites\/45\/2020\/05\/GESTE-BARRIERE.png 459w, https:\/\/etab.ac-reunion.fr\/clg-cambuston\/wp-content\/uploads\/sites\/45\/2020\/05\/GESTE-BARRIERE-216x300.png 216w, https:\/\/etab.ac-reunion.fr\/clg-cambuston\/wp-content\/uploads\/sites\/45\/2020\/05\/GESTE-BARRIERE-36x50.png 36w\" sizes=\"auto, (max-width: 459px) 100vw, 459px\" \/><\/figure>\n\n\n\n<p><a>Les m\u00e9thodes pour laver ses mains avec du savon ou gel hydroalcoolique<\/a><\/p>\n\n\n\n<figure class=\"wp-block-image size-large\"><img loading=\"lazy\" decoding=\"async\" width=\"797\" height=\"628\" src=\"https:\/\/etab.ac-reunion.fr\/clg-cambuston\/wp-content\/uploads\/sites\/45\/2020\/05\/inf2.png\" alt=\"\" class=\"wp-image-4357\" srcset=\"https:\/\/etab.ac-reunion.fr\/clg-cambuston\/wp-content\/uploads\/sites\/45\/2020\/05\/inf2.png 797w, https:\/\/etab.ac-reunion.fr\/clg-cambuston\/wp-content\/uploads\/sites\/45\/2020\/05\/inf2-300x236.png 300w, https:\/\/etab.ac-reunion.fr\/clg-cambuston\/wp-content\/uploads\/sites\/45\/2020\/05\/inf2-50x39.png 50w, https:\/\/etab.ac-reunion.fr\/clg-cambuston\/wp-content\/uploads\/sites\/45\/2020\/05\/inf2-768x605.png 768w\" sizes=\"auto, (max-width: 797px) 100vw, 797px\" \/><\/figure>\n\n\n\n<figure class=\"wp-block-image size-large\"><img loading=\"lazy\" decoding=\"async\" width=\"805\" height=\"548\" src=\"https:\/\/etab.ac-reunion.fr\/clg-cambuston\/wp-content\/uploads\/sites\/45\/2020\/05\/inf3.png\" alt=\"\" class=\"wp-image-4358\" srcset=\"https:\/\/etab.ac-reunion.fr\/clg-cambuston\/wp-content\/uploads\/sites\/45\/2020\/05\/inf3.png 805w, https:\/\/etab.ac-reunion.fr\/clg-cambuston\/wp-content\/uploads\/sites\/45\/2020\/05\/inf3-300x204.png 300w, https:\/\/etab.ac-reunion.fr\/clg-cambuston\/wp-content\/uploads\/sites\/45\/2020\/05\/inf3-50x34.png 50w, https:\/\/etab.ac-reunion.fr\/clg-cambuston\/wp-content\/uploads\/sites\/45\/2020\/05\/inf3-768x523.png 768w, https:\/\/etab.ac-reunion.fr\/clg-cambuston\/wp-content\/uploads\/sites\/45\/2020\/05\/inf3-140x94.png 140w\" sizes=\"auto, (max-width: 805px) 100vw, 805px\" \/><\/figure>\n\n\n\n<figure class=\"wp-block-image size-large\"><img loading=\"lazy\" decoding=\"async\" width=\"724\" height=\"1024\" src=\"https:\/\/etab.ac-reunion.fr\/clg-cambuston\/wp-content\/uploads\/sites\/45\/2020\/05\/inf4-724x1024.jpg\" alt=\"\" class=\"wp-image-4359\" srcset=\"https:\/\/etab.ac-reunion.fr\/clg-cambuston\/wp-content\/uploads\/sites\/45\/2020\/05\/inf4-724x1024.jpg 724w, https:\/\/etab.ac-reunion.fr\/clg-cambuston\/wp-content\/uploads\/sites\/45\/2020\/05\/inf4-212x300.jpg 212w, https:\/\/etab.ac-reunion.fr\/clg-cambuston\/wp-content\/uploads\/sites\/45\/2020\/05\/inf4-35x50.jpg 35w, https:\/\/etab.ac-reunion.fr\/clg-cambuston\/wp-content\/uploads\/sites\/45\/2020\/05\/inf4-768x1086.jpg 768w, https:\/\/etab.ac-reunion.fr\/clg-cambuston\/wp-content\/uploads\/sites\/45\/2020\/05\/inf4.jpg 1000w\" sizes=\"auto, (max-width: 724px) 100vw, 724px\" \/><\/figure>\n\n\n\n<p>Vid\u00e9o explicative&nbsp;pour le lavage des mains&nbsp;:<\/p>\n\n\n\n<p><a href=\"https:\/\/cutt.ly\/dyfy2n2\">https:\/\/cutt.ly\/dyfy2n2<\/a><\/p>\n\n\n\n<figure class=\"wp-block-embed-youtube wp-block-embed is-type-video is-provider-youtube wp-embed-aspect-16-9 wp-has-aspect-ratio\"><div class=\"wp-block-embed__wrapper\">\n<iframe loading=\"lazy\" title=\"Hygi\u00e8ne des mains - Lavage simple.mov\" width=\"500\" height=\"281\" src=\"https:\/\/www.youtube.com\/embed\/r9N2QcqDbuk?feature=oembed\" frameborder=\"0\" allow=\"accelerometer; autoplay; clipboard-write; encrypted-media; gyroscope; picture-in-picture; web-share\" referrerpolicy=\"strict-origin-when-cross-origin\" allowfullscreen><\/iframe>\n<\/div><\/figure>\n\n\n\n<h2 class=\"wp-block-heading\"><a><u>Conseil port du masque&nbsp;:<\/u><\/a><\/h2>\n\n\n\n<p>Pour \u00eatre correctement mis, le masque doit couvrir le nez et la bouche, et ne doit pas \u00eatre mis en position d&rsquo;attente sur le front ou autour du cou.<\/p>\n\n\n\n<figure class=\"wp-block-image size-large is-resized\"><img loading=\"lazy\" decoding=\"async\" src=\"https:\/\/etab.ac-reunion.fr\/clg-cambuston\/wp-content\/uploads\/sites\/45\/2020\/05\/inf5.png\" alt=\"\" class=\"wp-image-4360\" width=\"484\" height=\"707\" srcset=\"https:\/\/etab.ac-reunion.fr\/clg-cambuston\/wp-content\/uploads\/sites\/45\/2020\/05\/inf5.png 445w, https:\/\/etab.ac-reunion.fr\/clg-cambuston\/wp-content\/uploads\/sites\/45\/2020\/05\/inf5-205x300.png 205w, https:\/\/etab.ac-reunion.fr\/clg-cambuston\/wp-content\/uploads\/sites\/45\/2020\/05\/inf5-34x50.png 34w\" sizes=\"auto, (max-width: 484px) 100vw, 484px\" \/><\/figure>\n\n\n\n<p><a>Vid\u00e9o explicative<\/a>&nbsp;: <a rel=\"noreferrer noopener\" href=\"https:\/\/www.youtube.com\/watch?v=o-_DPOiBA1o\" target=\"_blank\">https:\/\/www.youtube.com\/watch?v=o-_DPOiBA1o<\/a><\/p>\n\n\n\n<figure class=\"wp-block-embed-youtube wp-block-embed is-type-video is-provider-youtube wp-embed-aspect-4-3 wp-has-aspect-ratio\"><div class=\"wp-block-embed__wrapper\">\n<script>document.addEventListener('DOMContentLoaded', function() {(tarteaucitron.job = tarteaucitron.job || []).push('youtube');});<\/script><div class=\"youtube_player\" videoID=\"o-_DPOiBA1o\" width=\"100%\" height=\"100%\" style=\"height:50vw\" theme=\"light\" rel=\"0\" controls=\"1\" showinfo=\"1\" autoplay=\"0\"><\/div>\n<\/div><\/figure>\n\n\n\n<p>Conseil d&rsquo;entretien<\/p>\n\n\n\n<figure class=\"wp-block-image size-large\"><img loading=\"lazy\" decoding=\"async\" width=\"578\" height=\"753\" src=\"https:\/\/etab.ac-reunion.fr\/clg-cambuston\/wp-content\/uploads\/sites\/45\/2020\/05\/ce-quil-faut.jpg\" alt=\"\" class=\"wp-image-4348\" srcset=\"https:\/\/etab.ac-reunion.fr\/clg-cambuston\/wp-content\/uploads\/sites\/45\/2020\/05\/ce-quil-faut.jpg 578w, https:\/\/etab.ac-reunion.fr\/clg-cambuston\/wp-content\/uploads\/sites\/45\/2020\/05\/ce-quil-faut-230x300.jpg 230w, https:\/\/etab.ac-reunion.fr\/clg-cambuston\/wp-content\/uploads\/sites\/45\/2020\/05\/ce-quil-faut-38x50.jpg 38w\" sizes=\"auto, (max-width: 578px) 100vw, 578px\" \/><\/figure>\n\n\n\n<figure class=\"wp-block-image size-large\"><img loading=\"lazy\" decoding=\"async\" width=\"577\" height=\"846\" src=\"https:\/\/etab.ac-reunion.fr\/clg-cambuston\/wp-content\/uploads\/sites\/45\/2020\/05\/cequilfautPAS.jpg\" alt=\"\" class=\"wp-image-4349\" srcset=\"https:\/\/etab.ac-reunion.fr\/clg-cambuston\/wp-content\/uploads\/sites\/45\/2020\/05\/cequilfautPAS.jpg 577w, https:\/\/etab.ac-reunion.fr\/clg-cambuston\/wp-content\/uploads\/sites\/45\/2020\/05\/cequilfautPAS-205x300.jpg 205w, https:\/\/etab.ac-reunion.fr\/clg-cambuston\/wp-content\/uploads\/sites\/45\/2020\/05\/cequilfautPAS-34x50.jpg 34w\" sizes=\"auto, (max-width: 577px) 100vw, 577px\" \/><\/figure>\n\n\n\n<figure class=\"wp-block-image size-large\"><img loading=\"lazy\" decoding=\"async\" width=\"425\" height=\"612\" src=\"https:\/\/etab.ac-reunion.fr\/clg-cambuston\/wp-content\/uploads\/sites\/45\/2020\/05\/inf8.png\" alt=\"\" class=\"wp-image-4361\" srcset=\"https:\/\/etab.ac-reunion.fr\/clg-cambuston\/wp-content\/uploads\/sites\/45\/2020\/05\/inf8.png 425w, https:\/\/etab.ac-reunion.fr\/clg-cambuston\/wp-content\/uploads\/sites\/45\/2020\/05\/inf8-208x300.png 208w, https:\/\/etab.ac-reunion.fr\/clg-cambuston\/wp-content\/uploads\/sites\/45\/2020\/05\/inf8-35x50.png 35w\" sizes=\"auto, (max-width: 425px) 100vw, 425px\" \/><\/figure>\n\n\n\n<p>Lien pour le document en fichier ET la fiche de renseignement<\/p>\n\n\n\n<div class=\"wp-block-file\"><a href=\"https:\/\/etab.ac-reunion.fr\/clg-cambuston\/wp-content\/uploads\/sites\/45\/2020\/05\/informations_rentr\u00e9e_coll\u00e8ge-et-fiche-de-renseignement.odt\">informations_rentr\u00e9e_coll\u00e8ge-et-fiche-de-renseignement<\/a><a href=\"https:\/\/etab.ac-reunion.fr\/clg-cambuston\/wp-content\/uploads\/sites\/45\/2020\/05\/informations_rentr\u00e9e_coll\u00e8ge-et-fiche-de-renseignement.odt\" class=\"wp-block-file__button\" download>T\u00e9l\u00e9charger<\/a><\/div>\n<!-- AddThis Advanced Settings generic via filter on the_content --><!-- AddThis Share Buttons generic via filter on the_content -->","protected":false},"excerpt":{"rendered":"<p>Chers parents, chers \u00e9l\u00e8ves, En pr\u00e9vision d\u2019une rentr\u00e9e scolaire annonc\u00e9e par le gouvernement, nous souhaitons communiquer sur les gestes barri\u00e8res et de distanciation d\u2019au moins 1 m\u00e8tre, qui sont utiles aussi bien au coll\u00e8ge que pour votre vie quotidienne. Il sera OBLIGATOIRE : De ne pas envoyer son enfant au coll\u00e8ge en cas de fi\u00e8vre, [&hellip;]<!-- AddThis Advanced Settings generic via filter on get_the_excerpt --><!-- AddThis Share Buttons generic via filter on get_the_excerpt --><\/p>\n","protected":false},"author":19428,"featured_media":3518,"comment_status":"closed","ping_status":"closed","sticky":false,"template":"","format":"standard","meta":{"footnotes":""},"categories":[22],"tags":[],"class_list":["post-4339","post","type-post","status-publish","format-standard","has-post-thumbnail","hentry","category-archive"],"_links":{"self":[{"href":"https:\/\/etab.ac-reunion.fr\/clg-cambuston\/wp-json\/wp\/v2\/posts\/4339","targetHints":{"allow":["GET"]}}],"collection":[{"href":"https:\/\/etab.ac-reunion.fr\/clg-cambuston\/wp-json\/wp\/v2\/posts"}],"about":[{"href":"https:\/\/etab.ac-reunion.fr\/clg-cambuston\/wp-json\/wp\/v2\/types\/post"}],"author":[{"embeddable":true,"href":"https:\/\/etab.ac-reunion.fr\/clg-cambuston\/wp-json\/wp\/v2\/users\/19428"}],"replies":[{"embeddable":true,"href":"https:\/\/etab.ac-reunion.fr\/clg-cambuston\/wp-json\/wp\/v2\/comments?post=4339"}],"version-history":[{"count":3,"href":"https:\/\/etab.ac-reunion.fr\/clg-cambuston\/wp-json\/wp\/v2\/posts\/4339\/revisions"}],"predecessor-version":[{"id":4391,"href":"https:\/\/etab.ac-reunion.fr\/clg-cambuston\/wp-json\/wp\/v2\/posts\/4339\/revisions\/4391"}],"wp:featuredmedia":[{"embeddable":true,"href":"https:\/\/etab.ac-reunion.fr\/clg-cambuston\/wp-json\/wp\/v2\/media\/3518"}],"wp:attachment":[{"href":"https:\/\/etab.ac-reunion.fr\/clg-cambuston\/wp-json\/wp\/v2\/media?parent=4339"}],"wp:term":[{"taxonomy":"category","embeddable":true,"href":"https:\/\/etab.ac-reunion.fr\/clg-cambuston\/wp-json\/wp\/v2\/categories?post=4339"},{"taxonomy":"post_tag","embeddable":true,"href":"https:\/\/etab.ac-reunion.fr\/clg-cambuston\/wp-json\/wp\/v2\/tags?post=4339"}],"curies":[{"name":"wp","href":"https:\/\/api.w.org\/{rel}","templated":true}]}}