{"id":4947,"date":"2023-02-13T07:36:40","date_gmt":"2023-02-13T07:36:40","guid":{"rendered":"https:\/\/etab.ac-reunion.fr\/clg-cambuston\/?p=4947"},"modified":"2023-02-13T07:37:23","modified_gmt":"2023-02-13T07:37:23","slug":"visite-de-madame-la-rectrice-au-college-de-cambuston-cl-mahoudeaux","status":"publish","type":"post","link":"https:\/\/etab.ac-reunion.fr\/clg-cambuston\/visite-de-madame-la-rectrice-au-college-de-cambuston-cl-mahoudeaux\/","title":{"rendered":"VISITE DE MADAME LA RECTRICE AU COLLEGE DE CAMBUSTON CL. MAHOUDEAUX"},"content":{"rendered":"\n<figure class=\"wp-block-image size-large\"><img loading=\"lazy\" decoding=\"async\" width=\"1024\" height=\"672\" src=\"https:\/\/etab.ac-reunion.fr\/clg-cambuston\/wp-content\/uploads\/sites\/45\/2023\/02\/FB_IMG_1676259632013-1024x672.jpg\" alt=\"\" class=\"wp-image-4957\" srcset=\"https:\/\/etab.ac-reunion.fr\/clg-cambuston\/wp-content\/uploads\/sites\/45\/2023\/02\/FB_IMG_1676259632013-1024x672.jpg 1024w, https:\/\/etab.ac-reunion.fr\/clg-cambuston\/wp-content\/uploads\/sites\/45\/2023\/02\/FB_IMG_1676259632013-300x197.jpg 300w, https:\/\/etab.ac-reunion.fr\/clg-cambuston\/wp-content\/uploads\/sites\/45\/2023\/02\/FB_IMG_1676259632013-50x33.jpg 50w, https:\/\/etab.ac-reunion.fr\/clg-cambuston\/wp-content\/uploads\/sites\/45\/2023\/02\/FB_IMG_1676259632013-768x504.jpg 768w, https:\/\/etab.ac-reunion.fr\/clg-cambuston\/wp-content\/uploads\/sites\/45\/2023\/02\/FB_IMG_1676259632013-248x162.jpg 248w, https:\/\/etab.ac-reunion.fr\/clg-cambuston\/wp-content\/uploads\/sites\/45\/2023\/02\/FB_IMG_1676259632013-207x136.jpg 207w, https:\/\/etab.ac-reunion.fr\/clg-cambuston\/wp-content\/uploads\/sites\/45\/2023\/02\/FB_IMG_1676259632013-260x170.jpg 260w, https:\/\/etab.ac-reunion.fr\/clg-cambuston\/wp-content\/uploads\/sites\/45\/2023\/02\/FB_IMG_1676259632013-430x283.jpg 430w, https:\/\/etab.ac-reunion.fr\/clg-cambuston\/wp-content\/uploads\/sites\/45\/2023\/02\/FB_IMG_1676259632013.jpg 1080w\" sizes=\"auto, (max-width: 1024px) 100vw, 1024px\" \/><\/figure>\n\n\n\n<p>A l\u2019occasion de l&rsquo;anniversaire de la circulaire du 11 f\u00e9vrier 2005 pour \u00ab\u00a0L&rsquo;Egalit\u00e9 des Chances et des Droits\u00a0\u00bb, les \u00e9l\u00e8ves du coll\u00e8ge de Cambuston Cl. Mahoudeaux ont souhait\u00e9 la bienvenue \u00e0 Madame la Rectrice en LSF avec un acrostiche sur l&rsquo;\u00e9ducation et un extrait du discours de Malala Yousafzai \u00e0 l&rsquo;ONU. <\/p>\n\n\n\n<figure class=\"wp-block-gallery has-nested-images columns-default is-cropped wp-block-gallery-1 is-layout-flex wp-block-gallery-is-layout-flex\">\n<figure class=\"wp-block-image size-large\"><img loading=\"lazy\" decoding=\"async\" width=\"1024\" height=\"768\" data-id=\"4953\" src=\"https:\/\/etab.ac-reunion.fr\/clg-cambuston\/wp-content\/uploads\/sites\/45\/2023\/02\/IMG-20230210-WA0026-1024x768.jpg\" alt=\"\" class=\"wp-image-4953\" srcset=\"https:\/\/etab.ac-reunion.fr\/clg-cambuston\/wp-content\/uploads\/sites\/45\/2023\/02\/IMG-20230210-WA0026-1024x768.jpg 1024w, https:\/\/etab.ac-reunion.fr\/clg-cambuston\/wp-content\/uploads\/sites\/45\/2023\/02\/IMG-20230210-WA0026-300x225.jpg 300w, https:\/\/etab.ac-reunion.fr\/clg-cambuston\/wp-content\/uploads\/sites\/45\/2023\/02\/IMG-20230210-WA0026-50x38.jpg 50w, https:\/\/etab.ac-reunion.fr\/clg-cambuston\/wp-content\/uploads\/sites\/45\/2023\/02\/IMG-20230210-WA0026-768x576.jpg 768w, https:\/\/etab.ac-reunion.fr\/clg-cambuston\/wp-content\/uploads\/sites\/45\/2023\/02\/IMG-20230210-WA0026.jpg 1280w\" sizes=\"auto, (max-width: 1024px) 100vw, 1024px\" \/><\/figure>\n\n\n\n<figure class=\"wp-block-image size-large\"><img loading=\"lazy\" decoding=\"async\" width=\"1024\" height=\"899\" data-id=\"4956\" src=\"https:\/\/etab.ac-reunion.fr\/clg-cambuston\/wp-content\/uploads\/sites\/45\/2023\/02\/20230210_140908-1024x899.jpg\" alt=\"\" class=\"wp-image-4956\" srcset=\"https:\/\/etab.ac-reunion.fr\/clg-cambuston\/wp-content\/uploads\/sites\/45\/2023\/02\/20230210_140908-1024x899.jpg 1024w, https:\/\/etab.ac-reunion.fr\/clg-cambuston\/wp-content\/uploads\/sites\/45\/2023\/02\/20230210_140908-300x263.jpg 300w, https:\/\/etab.ac-reunion.fr\/clg-cambuston\/wp-content\/uploads\/sites\/45\/2023\/02\/20230210_140908-50x44.jpg 50w, https:\/\/etab.ac-reunion.fr\/clg-cambuston\/wp-content\/uploads\/sites\/45\/2023\/02\/20230210_140908-768x675.jpg 768w, https:\/\/etab.ac-reunion.fr\/clg-cambuston\/wp-content\/uploads\/sites\/45\/2023\/02\/20230210_140908-1536x1349.jpg 1536w, https:\/\/etab.ac-reunion.fr\/clg-cambuston\/wp-content\/uploads\/sites\/45\/2023\/02\/20230210_140908-2048x1799.jpg 2048w\" sizes=\"auto, (max-width: 1024px) 100vw, 1024px\" \/><\/figure>\n<\/figure>\n\n\n\n<p>Nous remercions  M. Bretaudeau, intervenant IRSAM,  pour son aide et sa disponibilit\u00e9 concernant  l&rsquo;initiation \u00e0 la LSF. <\/p>\n\n\n\n<figure class=\"wp-block-gallery has-nested-images columns-default is-cropped wp-block-gallery-2 is-layout-flex wp-block-gallery-is-layout-flex\">\n<figure class=\"wp-block-image size-large\"><img loading=\"lazy\" decoding=\"async\" width=\"1024\" height=\"768\" data-id=\"4958\" src=\"https:\/\/etab.ac-reunion.fr\/clg-cambuston\/wp-content\/uploads\/sites\/45\/2023\/02\/20230210_084438-1024x768.jpg\" alt=\"\" class=\"wp-image-4958\" srcset=\"https:\/\/etab.ac-reunion.fr\/clg-cambuston\/wp-content\/uploads\/sites\/45\/2023\/02\/20230210_084438-1024x768.jpg 1024w, https:\/\/etab.ac-reunion.fr\/clg-cambuston\/wp-content\/uploads\/sites\/45\/2023\/02\/20230210_084438-300x225.jpg 300w, https:\/\/etab.ac-reunion.fr\/clg-cambuston\/wp-content\/uploads\/sites\/45\/2023\/02\/20230210_084438-50x38.jpg 50w, https:\/\/etab.ac-reunion.fr\/clg-cambuston\/wp-content\/uploads\/sites\/45\/2023\/02\/20230210_084438-768x576.jpg 768w, https:\/\/etab.ac-reunion.fr\/clg-cambuston\/wp-content\/uploads\/sites\/45\/2023\/02\/20230210_084438-1536x1152.jpg 1536w, https:\/\/etab.ac-reunion.fr\/clg-cambuston\/wp-content\/uploads\/sites\/45\/2023\/02\/20230210_084438-2048x1536.jpg 2048w\" sizes=\"auto, (max-width: 1024px) 100vw, 1024px\" \/><\/figure>\n<\/figure>\n\n\n\n<p>Rencontre et \u00e9changes  avec les \u00e9l\u00e8ves de la 308 et leur professeure de Math\u00e9matiques , Mme Comorassamy,  et le dispositif ULIS AVEC Mme Vauldin. Rencontre avec Mme Tandrayen, AESH<\/p>\n\n\n\n<figure class=\"wp-block-gallery has-nested-images columns-default is-cropped wp-block-gallery-3 is-layout-flex wp-block-gallery-is-layout-flex\">\n<figure class=\"wp-block-image size-full\"><img loading=\"lazy\" decoding=\"async\" width=\"1024\" height=\"768\" data-id=\"4960\" src=\"https:\/\/etab.ac-reunion.fr\/clg-cambuston\/wp-content\/uploads\/sites\/45\/2023\/02\/20230210_143354.jpg\" alt=\"\" class=\"wp-image-4960\" srcset=\"https:\/\/etab.ac-reunion.fr\/clg-cambuston\/wp-content\/uploads\/sites\/45\/2023\/02\/20230210_143354.jpg 1024w, https:\/\/etab.ac-reunion.fr\/clg-cambuston\/wp-content\/uploads\/sites\/45\/2023\/02\/20230210_143354-300x225.jpg 300w, https:\/\/etab.ac-reunion.fr\/clg-cambuston\/wp-content\/uploads\/sites\/45\/2023\/02\/20230210_143354-50x38.jpg 50w, https:\/\/etab.ac-reunion.fr\/clg-cambuston\/wp-content\/uploads\/sites\/45\/2023\/02\/20230210_143354-768x576.jpg 768w\" sizes=\"auto, (max-width: 1024px) 100vw, 1024px\" \/><\/figure>\n\n\n\n<figure class=\"wp-block-image size-full\"><img loading=\"lazy\" decoding=\"async\" width=\"1080\" height=\"1622\" data-id=\"4961\" src=\"https:\/\/etab.ac-reunion.fr\/clg-cambuston\/wp-content\/uploads\/sites\/45\/2023\/02\/FB_IMG_1676271746413.jpg\" alt=\"\" class=\"wp-image-4961\" srcset=\"https:\/\/etab.ac-reunion.fr\/clg-cambuston\/wp-content\/uploads\/sites\/45\/2023\/02\/FB_IMG_1676271746413.jpg 1080w, https:\/\/etab.ac-reunion.fr\/clg-cambuston\/wp-content\/uploads\/sites\/45\/2023\/02\/FB_IMG_1676271746413-200x300.jpg 200w, https:\/\/etab.ac-reunion.fr\/clg-cambuston\/wp-content\/uploads\/sites\/45\/2023\/02\/FB_IMG_1676271746413-682x1024.jpg 682w, https:\/\/etab.ac-reunion.fr\/clg-cambuston\/wp-content\/uploads\/sites\/45\/2023\/02\/FB_IMG_1676271746413-33x50.jpg 33w, https:\/\/etab.ac-reunion.fr\/clg-cambuston\/wp-content\/uploads\/sites\/45\/2023\/02\/FB_IMG_1676271746413-768x1153.jpg 768w, https:\/\/etab.ac-reunion.fr\/clg-cambuston\/wp-content\/uploads\/sites\/45\/2023\/02\/FB_IMG_1676271746413-1023x1536.jpg 1023w\" sizes=\"auto, (max-width: 1080px) 100vw, 1080px\" \/><\/figure>\n<\/figure>\n\n\n\n<p>Une  approche artistique autour de l&rsquo;\u00e9ducation inclusive, en ce jour anniversaire, a ouvert la table ronde r\u00e9unissant direction, partenaires , parents et \u00e9quipes \u00e9ducatives.  Merci \u00e0 la Compagnie Dansez Masala ,Marie Claire Damour et Dolsy Baudry, pour cette danse du Vivre-Ensemble. <\/p>\n\n\n\n<p><\/p>\n\n\n\n<figure class=\"wp-block-gallery has-nested-images columns-default is-cropped wp-block-gallery-4 is-layout-flex wp-block-gallery-is-layout-flex\">\n<figure class=\"wp-block-image size-large\"><img loading=\"lazy\" decoding=\"async\" width=\"701\" height=\"1024\" data-id=\"4954\" src=\"https:\/\/etab.ac-reunion.fr\/clg-cambuston\/wp-content\/uploads\/sites\/45\/2023\/02\/20230210_092949-701x1024.jpg\" alt=\"\" class=\"wp-image-4954\" srcset=\"https:\/\/etab.ac-reunion.fr\/clg-cambuston\/wp-content\/uploads\/sites\/45\/2023\/02\/20230210_092949-701x1024.jpg 701w, https:\/\/etab.ac-reunion.fr\/clg-cambuston\/wp-content\/uploads\/sites\/45\/2023\/02\/20230210_092949-205x300.jpg 205w, https:\/\/etab.ac-reunion.fr\/clg-cambuston\/wp-content\/uploads\/sites\/45\/2023\/02\/20230210_092949-34x50.jpg 34w, https:\/\/etab.ac-reunion.fr\/clg-cambuston\/wp-content\/uploads\/sites\/45\/2023\/02\/20230210_092949-768x1122.jpg 768w, https:\/\/etab.ac-reunion.fr\/clg-cambuston\/wp-content\/uploads\/sites\/45\/2023\/02\/20230210_092949-1052x1536.jpg 1052w, https:\/\/etab.ac-reunion.fr\/clg-cambuston\/wp-content\/uploads\/sites\/45\/2023\/02\/20230210_092949-1402x2048.jpg 1402w, https:\/\/etab.ac-reunion.fr\/clg-cambuston\/wp-content\/uploads\/sites\/45\/2023\/02\/20230210_092949.jpg 1669w\" sizes=\"auto, (max-width: 701px) 100vw, 701px\" \/><\/figure>\n\n\n\n<figure class=\"wp-block-image size-large\"><img loading=\"lazy\" decoding=\"async\" width=\"768\" height=\"1024\" data-id=\"4955\" src=\"https:\/\/etab.ac-reunion.fr\/clg-cambuston\/wp-content\/uploads\/sites\/45\/2023\/02\/20230210_093037-768x1024.jpg\" alt=\"\" class=\"wp-image-4955\" srcset=\"https:\/\/etab.ac-reunion.fr\/clg-cambuston\/wp-content\/uploads\/sites\/45\/2023\/02\/20230210_093037-768x1024.jpg 768w, https:\/\/etab.ac-reunion.fr\/clg-cambuston\/wp-content\/uploads\/sites\/45\/2023\/02\/20230210_093037-225x300.jpg 225w, https:\/\/etab.ac-reunion.fr\/clg-cambuston\/wp-content\/uploads\/sites\/45\/2023\/02\/20230210_093037-38x50.jpg 38w, https:\/\/etab.ac-reunion.fr\/clg-cambuston\/wp-content\/uploads\/sites\/45\/2023\/02\/20230210_093037-1152x1536.jpg 1152w, https:\/\/etab.ac-reunion.fr\/clg-cambuston\/wp-content\/uploads\/sites\/45\/2023\/02\/20230210_093037-1536x2048.jpg 1536w, https:\/\/etab.ac-reunion.fr\/clg-cambuston\/wp-content\/uploads\/sites\/45\/2023\/02\/20230210_093037-scaled.jpg 1920w\" sizes=\"auto, (max-width: 768px) 100vw, 768px\" \/><\/figure>\n<\/figure>\n\n\n\n<p><\/p>\n\n\n\n<figure class=\"wp-block-embed aligncenter is-type-rich is-provider-twitter wp-block-embed-twitter\"><div class=\"wp-block-embed__wrapper\">\n<blockquote class=\"twitter-tweet\" data-width=\"500\" data-dnt=\"true\"><p lang=\"fr\" dir=\"ltr\">Le coll\u00e8ge de Cambuston est un exemple de bonnes pratiques \u00e0 valoriser et \u00e0 partager : professeurs impliqu\u00e9s, partenaires et collectivit\u00e9s pr\u00e9sents. Les \u00e9l\u00e8ves sont accompagn\u00e9s et leur estime de soi renforc\u00e9e par le d\u00e9veloppement d\u2019expression orale \u00e9crite et artistique.Bravo ! <a href=\"https:\/\/t.co\/H3T8rC81SX\">https:\/\/t.co\/H3T8rC81SX<\/a><\/p>&mdash; Chantal Manes Bonnisseau (@ChantalManes) <a href=\"https:\/\/twitter.com\/ChantalManes\/status\/1623946523448057856?ref_src=twsrc%5Etfw\">February 10, 2023<\/a><\/blockquote><script async src=\"https:\/\/platform.twitter.com\/widgets.js\" charset=\"utf-8\"><\/script>\n<\/div><\/figure>\n\n\n\n<p>Ci-dessous, les liens pour d\u00e9couvrir le reportage et l&rsquo;article du Service Communication de la Mairie de Saint-Andr\u00e9 que nous remercions chaleureusement pour sa pr\u00e9sence.<\/p>\n\n\n\n<p><a href=\"https:\/\/m.facebook.com\/story.php?story_fbid=2211385669043862&amp;id=278721222310326&amp;sfnsn=mo\">https:\/\/m.facebook.com\/story.php?story_fbid=2211385669043862&amp;id=278721222310326&amp;sfnsn=mo<\/a><\/p>\n\n\n\n<p><a href=\"https:\/\/www.facebook.com\/saintandre.re\/videos\/5773549082710256\/?extid=NS-UNK-UNK-UNK-IOS_GK0T-GK1C&amp;mibextid=2Rb1fB\">https:\/\/www.facebook.com\/saintandre.re\/videos\/5773549082710256\/?extid=NS-UNK-UNK-UNK-IOS_GK0T-GK1C&amp;mibextid=2Rb1fB<\/a><\/p>\n\n\n\n<figure class=\"wp-block-image size-large\"><img loading=\"lazy\" decoding=\"async\" width=\"1024\" height=\"800\" src=\"https:\/\/etab.ac-reunion.fr\/clg-cambuston\/wp-content\/uploads\/sites\/45\/2023\/02\/20230210_084545-1024x800.jpg\" alt=\"\" class=\"wp-image-4963\" srcset=\"https:\/\/etab.ac-reunion.fr\/clg-cambuston\/wp-content\/uploads\/sites\/45\/2023\/02\/20230210_084545-1024x800.jpg 1024w, https:\/\/etab.ac-reunion.fr\/clg-cambuston\/wp-content\/uploads\/sites\/45\/2023\/02\/20230210_084545-300x234.jpg 300w, https:\/\/etab.ac-reunion.fr\/clg-cambuston\/wp-content\/uploads\/sites\/45\/2023\/02\/20230210_084545-50x39.jpg 50w, https:\/\/etab.ac-reunion.fr\/clg-cambuston\/wp-content\/uploads\/sites\/45\/2023\/02\/20230210_084545-768x600.jpg 768w, https:\/\/etab.ac-reunion.fr\/clg-cambuston\/wp-content\/uploads\/sites\/45\/2023\/02\/20230210_084545-1536x1200.jpg 1536w, https:\/\/etab.ac-reunion.fr\/clg-cambuston\/wp-content\/uploads\/sites\/45\/2023\/02\/20230210_084545-2048x1600.jpg 2048w\" sizes=\"auto, (max-width: 1024px) 100vw, 1024px\" \/><figcaption class=\"wp-element-caption\"><strong>\u00ab\u00a0Si je diff\u00e8re de toi , loin de te l\u00e9ser , je t&rsquo;augmente \u00ab\u00a0<\/strong> Antoine de St Exup\u00e9ry <em>Lettre \u00e0 un otage.<\/em><\/figcaption><\/figure>\n<!-- AddThis Advanced Settings generic via filter on the_content --><!-- AddThis Share Buttons generic via filter on the_content -->","protected":false},"excerpt":{"rendered":"<p>A l\u2019occasion de l&rsquo;anniversaire de la circulaire du 11 f\u00e9vrier 2005 pour \u00ab\u00a0L&rsquo;Egalit\u00e9 des Chances et des Droits\u00a0\u00bb, les \u00e9l\u00e8ves du coll\u00e8ge de Cambuston Cl. Mahoudeaux ont souhait\u00e9 la bienvenue \u00e0 Madame la Rectrice en LSF avec un acrostiche sur l&rsquo;\u00e9ducation et un extrait du discours de Malala Yousafzai \u00e0 l&rsquo;ONU. Nous remercions M. Bretaudeau, [&hellip;]<!-- AddThis Advanced Settings generic via filter on get_the_excerpt --><!-- AddThis Share Buttons generic via filter on get_the_excerpt --><\/p>\n","protected":false},"author":7591,"featured_media":4965,"comment_status":"closed","ping_status":"closed","sticky":false,"template":"","format":"standard","meta":{"footnotes":""},"categories":[3,22,14,17,23,15,11,7,10,21,9,1,26,6,13,12],"tags":[],"class_list":["post-4947","post","type-post","status-publish","format-standard","has-post-thumbnail","hentry","category-actualites","category-archive","category-cafe-des-parents","category-eco-college","category-election-parent","category-espace-parents","category-evenements","category-fixed","category-gallerie2","category-marches-publics","category-menu-2","category-non-classe","category-orientation","category-slider","category-theatre","category-unss"],"_links":{"self":[{"href":"https:\/\/etab.ac-reunion.fr\/clg-cambuston\/wp-json\/wp\/v2\/posts\/4947","targetHints":{"allow":["GET"]}}],"collection":[{"href":"https:\/\/etab.ac-reunion.fr\/clg-cambuston\/wp-json\/wp\/v2\/posts"}],"about":[{"href":"https:\/\/etab.ac-reunion.fr\/clg-cambuston\/wp-json\/wp\/v2\/types\/post"}],"author":[{"embeddable":true,"href":"https:\/\/etab.ac-reunion.fr\/clg-cambuston\/wp-json\/wp\/v2\/users\/7591"}],"replies":[{"embeddable":true,"href":"https:\/\/etab.ac-reunion.fr\/clg-cambuston\/wp-json\/wp\/v2\/comments?post=4947"}],"version-history":[{"count":4,"href":"https:\/\/etab.ac-reunion.fr\/clg-cambuston\/wp-json\/wp\/v2\/posts\/4947\/revisions"}],"predecessor-version":[{"id":4964,"href":"https:\/\/etab.ac-reunion.fr\/clg-cambuston\/wp-json\/wp\/v2\/posts\/4947\/revisions\/4964"}],"wp:featuredmedia":[{"embeddable":true,"href":"https:\/\/etab.ac-reunion.fr\/clg-cambuston\/wp-json\/wp\/v2\/media\/4965"}],"wp:attachment":[{"href":"https:\/\/etab.ac-reunion.fr\/clg-cambuston\/wp-json\/wp\/v2\/media?parent=4947"}],"wp:term":[{"taxonomy":"category","embeddable":true,"href":"https:\/\/etab.ac-reunion.fr\/clg-cambuston\/wp-json\/wp\/v2\/categories?post=4947"},{"taxonomy":"post_tag","embeddable":true,"href":"https:\/\/etab.ac-reunion.fr\/clg-cambuston\/wp-json\/wp\/v2\/tags?post=4947"}],"curies":[{"name":"wp","href":"https:\/\/api.w.org\/{rel}","templated":true}]}}