{"id":5381,"date":"2024-02-09T11:25:34","date_gmt":"2024-02-09T11:25:34","guid":{"rendered":"https:\/\/etab.ac-reunion.fr\/clg-cambuston\/?p=5381"},"modified":"2024-02-23T06:55:08","modified_gmt":"2024-02-23T06:55:08","slug":"rencontre-avec-philippe-meirieu-au-college-de-cambuston","status":"publish","type":"post","link":"https:\/\/etab.ac-reunion.fr\/clg-cambuston\/rencontre-avec-philippe-meirieu-au-college-de-cambuston\/","title":{"rendered":"RENCONTRE AVEC PHILIPPE MEIRIEU AU COLLEGE DE CAMBUSTON"},"content":{"rendered":"\n<p><\/p>\n\n\n\n<figure class=\"wp-block-image size-large\"><img loading=\"lazy\" decoding=\"async\" width=\"1024\" height=\"768\" src=\"https:\/\/etab.ac-reunion.fr\/clg-cambuston\/wp-content\/uploads\/sites\/45\/2024\/02\/IMG-20240208-WA0012-1024x768.jpg\" alt=\"\" class=\"wp-image-5386\" srcset=\"https:\/\/etab.ac-reunion.fr\/clg-cambuston\/wp-content\/uploads\/sites\/45\/2024\/02\/IMG-20240208-WA0012-1024x768.jpg 1024w, https:\/\/etab.ac-reunion.fr\/clg-cambuston\/wp-content\/uploads\/sites\/45\/2024\/02\/IMG-20240208-WA0012-300x225.jpg 300w, https:\/\/etab.ac-reunion.fr\/clg-cambuston\/wp-content\/uploads\/sites\/45\/2024\/02\/IMG-20240208-WA0012-50x38.jpg 50w, https:\/\/etab.ac-reunion.fr\/clg-cambuston\/wp-content\/uploads\/sites\/45\/2024\/02\/IMG-20240208-WA0012-768x576.jpg 768w, https:\/\/etab.ac-reunion.fr\/clg-cambuston\/wp-content\/uploads\/sites\/45\/2024\/02\/IMG-20240208-WA0012.jpg 1280w\" sizes=\"auto, (max-width: 1024px) 100vw, 1024px\" \/><\/figure>\n\n\n\n<p>Quel plaisir et quel honneur de recevoir M.Meirieu au coll\u00e8ge de Cambuston !<br>Merci \u00e0 notre partenaire  CEMEA R\u00e9union d&rsquo;avoir permis cette rencontre riche en \u00e9changes avec la communaut\u00e9 \u00e9ducative, les \u00e9l\u00e8ves et le r\u00e9seau de Cambuston.<\/p>\n\n\n\n<figure class=\"wp-block-image size-large\"><img loading=\"lazy\" decoding=\"async\" width=\"1024\" height=\"768\" src=\"https:\/\/etab.ac-reunion.fr\/clg-cambuston\/wp-content\/uploads\/sites\/45\/2024\/02\/20240208_092354-1024x768.jpg\" alt=\"\" class=\"wp-image-5392\" srcset=\"https:\/\/etab.ac-reunion.fr\/clg-cambuston\/wp-content\/uploads\/sites\/45\/2024\/02\/20240208_092354-1024x768.jpg 1024w, https:\/\/etab.ac-reunion.fr\/clg-cambuston\/wp-content\/uploads\/sites\/45\/2024\/02\/20240208_092354-300x225.jpg 300w, https:\/\/etab.ac-reunion.fr\/clg-cambuston\/wp-content\/uploads\/sites\/45\/2024\/02\/20240208_092354-50x38.jpg 50w, https:\/\/etab.ac-reunion.fr\/clg-cambuston\/wp-content\/uploads\/sites\/45\/2024\/02\/20240208_092354-768x576.jpg 768w, https:\/\/etab.ac-reunion.fr\/clg-cambuston\/wp-content\/uploads\/sites\/45\/2024\/02\/20240208_092354-1536x1152.jpg 1536w, https:\/\/etab.ac-reunion.fr\/clg-cambuston\/wp-content\/uploads\/sites\/45\/2024\/02\/20240208_092354-2048x1536.jpg 2048w\" sizes=\"auto, (max-width: 1024px) 100vw, 1024px\" \/><\/figure>\n\n\n\n<p>Un accueil par les \u00e9l\u00e8ves:  <\/p>\n\n\n\n<p>Ils ont pr\u00e9sent\u00e9 les tr\u00e9sors du coll\u00e8ge et d\u00e9clam\u00e9  un acrostiche sur le mot Education. Ils ont aussi sign\u00e9 la citation de Malala :<\/p>\n\n\n\n<p class=\"has-text-align-center\"> \u00ab\u00a0<em><strong>Un enfant, un professeur, un livre et un stylo peuvent changer le monde.\u00a0\u00bb<\/strong><\/em><\/p>\n\n\n\n<figure class=\"wp-block-gallery has-nested-images columns-default is-cropped wp-block-gallery-1 is-layout-flex wp-block-gallery-is-layout-flex\">\n<figure class=\"wp-block-image size-large\"><img loading=\"lazy\" decoding=\"async\" width=\"1024\" height=\"768\" data-id=\"5393\" src=\"https:\/\/etab.ac-reunion.fr\/clg-cambuston\/wp-content\/uploads\/sites\/45\/2024\/02\/20240208_091132-1-1024x768.jpg\" alt=\"\" class=\"wp-image-5393\" srcset=\"https:\/\/etab.ac-reunion.fr\/clg-cambuston\/wp-content\/uploads\/sites\/45\/2024\/02\/20240208_091132-1-1024x768.jpg 1024w, https:\/\/etab.ac-reunion.fr\/clg-cambuston\/wp-content\/uploads\/sites\/45\/2024\/02\/20240208_091132-1-300x225.jpg 300w, https:\/\/etab.ac-reunion.fr\/clg-cambuston\/wp-content\/uploads\/sites\/45\/2024\/02\/20240208_091132-1-50x38.jpg 50w, https:\/\/etab.ac-reunion.fr\/clg-cambuston\/wp-content\/uploads\/sites\/45\/2024\/02\/20240208_091132-1-768x576.jpg 768w, https:\/\/etab.ac-reunion.fr\/clg-cambuston\/wp-content\/uploads\/sites\/45\/2024\/02\/20240208_091132-1-1536x1152.jpg 1536w, https:\/\/etab.ac-reunion.fr\/clg-cambuston\/wp-content\/uploads\/sites\/45\/2024\/02\/20240208_091132-1-2048x1536.jpg 2048w\" sizes=\"auto, (max-width: 1024px) 100vw, 1024px\" \/><\/figure>\n\n\n\n<figure class=\"wp-block-image size-large\"><img loading=\"lazy\" decoding=\"async\" width=\"1024\" height=\"768\" data-id=\"5394\" src=\"https:\/\/etab.ac-reunion.fr\/clg-cambuston\/wp-content\/uploads\/sites\/45\/2024\/02\/IMG-20240208-WA00311-1024x768.jpg\" alt=\"\" class=\"wp-image-5394\" srcset=\"https:\/\/etab.ac-reunion.fr\/clg-cambuston\/wp-content\/uploads\/sites\/45\/2024\/02\/IMG-20240208-WA00311-1024x768.jpg 1024w, https:\/\/etab.ac-reunion.fr\/clg-cambuston\/wp-content\/uploads\/sites\/45\/2024\/02\/IMG-20240208-WA00311-300x225.jpg 300w, https:\/\/etab.ac-reunion.fr\/clg-cambuston\/wp-content\/uploads\/sites\/45\/2024\/02\/IMG-20240208-WA00311-50x38.jpg 50w, https:\/\/etab.ac-reunion.fr\/clg-cambuston\/wp-content\/uploads\/sites\/45\/2024\/02\/IMG-20240208-WA00311-768x576.jpg 768w, https:\/\/etab.ac-reunion.fr\/clg-cambuston\/wp-content\/uploads\/sites\/45\/2024\/02\/IMG-20240208-WA00311.jpg 1280w\" sizes=\"auto, (max-width: 1024px) 100vw, 1024px\" \/><\/figure>\n<\/figure>\n\n\n\n<p>Une d\u00e9couverte du coll\u00e8ge a \u00e9t\u00e9 propos\u00e9e \u00e0 M. Meirieu: de l&rsquo;all\u00e9e de la Connaissance au Jardin des Po\u00e8tes en passant par la place M\u00e9mona Hintermann Affej\u00e9e, marraine de la Pers\u00e9v\u00e9rance .<\/p>\n\n\n\n<p>Les \u00e9l\u00e8ves de 503 ont pr\u00e9sent\u00e9 sur cette place leur travail collectif sur le chemin de fer .<\/p>\n\n\n\n<p><strong>Un\u2019 Ti Train dan\u2019 Coll\u00e8ge Cambuston&nbsp;: &nbsp;La Voie de l\u2019Ecole<\/strong><\/p>\n\n\n\n<figure class=\"wp-block-image size-large\"><img loading=\"lazy\" decoding=\"async\" width=\"1024\" height=\"768\" src=\"https:\/\/etab.ac-reunion.fr\/clg-cambuston\/wp-content\/uploads\/sites\/45\/2024\/02\/20240208_091847-1024x768.jpg\" alt=\"\" class=\"wp-image-5395\" srcset=\"https:\/\/etab.ac-reunion.fr\/clg-cambuston\/wp-content\/uploads\/sites\/45\/2024\/02\/20240208_091847-1024x768.jpg 1024w, https:\/\/etab.ac-reunion.fr\/clg-cambuston\/wp-content\/uploads\/sites\/45\/2024\/02\/20240208_091847-300x225.jpg 300w, https:\/\/etab.ac-reunion.fr\/clg-cambuston\/wp-content\/uploads\/sites\/45\/2024\/02\/20240208_091847-50x38.jpg 50w, https:\/\/etab.ac-reunion.fr\/clg-cambuston\/wp-content\/uploads\/sites\/45\/2024\/02\/20240208_091847-768x576.jpg 768w, https:\/\/etab.ac-reunion.fr\/clg-cambuston\/wp-content\/uploads\/sites\/45\/2024\/02\/20240208_091847-1536x1152.jpg 1536w, https:\/\/etab.ac-reunion.fr\/clg-cambuston\/wp-content\/uploads\/sites\/45\/2024\/02\/20240208_091847-2048x1536.jpg 2048w\" sizes=\"auto, (max-width: 1024px) 100vw, 1024px\" \/><\/figure>\n\n\n\n<p><em>Cher M. Meirieu<\/em><\/p>\n\n\n\n<p><em>Notre classe a travaill\u00e9 sur l\u2019histoire du train. Nous avons pu faire une affiche sur laquelle on voit le train qui d\u00e9pose les \u00e9l\u00e8ves au rond-point du coll\u00e8ge. Nous avons \u00e9crit un texte dans lequel on a imagin\u00e9 qu\u2019il passait dans notre coll\u00e8ge.<\/em> <em>Nous la f\u00e9 un r\u00eave\u2026Un joli r\u00eave !<\/em><\/p>\n\n\n\n<p>Bonzour zot tout\u2019&nbsp;! A nous marmay Cambuston, <\/p>\n\n\n\n<p>Kan nou l\u00e8v le matin pou aler l\u00e9kol, nou prend lo ti train.<\/p>\n\n\n\n<p>Li sort\u2019 la gare&nbsp;7h15 et nou retrouv a nous ek nout\u2019 band kamarad.<\/p>\n\n\n\n<p>Apr\u00e8s direction coll\u00e8ge Cambuston&nbsp;:&nbsp; Lo ti train i d\u00e9pose a nou su le rond-point de not\u2019 coll\u00e8ge au milieu la kour. Ti train la, li l\u00e9 rienk pou nous. Tout\u2019 la \u00e9t\u00e9 pr\u00e9vu. N\u00e9na un garde barri\u00e8re, li l\u00e9 la pou nout\u2019 s\u00e9curit\u00e9 comma \u00e7a point n\u2019importe qui i rent\u2019 dan nout\u2019 coll\u00e8ge. L\u00e9 gayar, m\u00e9 inqui\u00e8te pas, n\u00e9na un\u2019 voie ferr\u00e9e pou band\u2019 voyageur. Li contourne le coll\u00e8ge pour aler c\u00f4t\u00e9 Bois-Rouge.<\/p>\n\n\n\n<p>Aster nou sa explik a zot comment nout\u2019 ti train i l\u00e9.<\/p>\n\n\n\n<p>Nou&nbsp; n\u00e9na un locomotive Schneider m\u00e9 nou utilise pu charbon parce que charbon, sa l\u00e9 fossile. &nbsp;Nou utilise un l\u00e9nergie pli propre pou nout\u2019 l\u2019\u00eele et nout\u2019 plan\u00e8te.<\/p>\n\n\n\n<p>EKoute a mwin&nbsp;! Nout\u2019 ti train, na poin deux comme li&nbsp;! Tous les wagons i repr\u00e9sent un\u2019 mati\u00e8re&nbsp;: un wagon, n\u00e9na la musique&nbsp;:&nbsp; zouk, maloya , musik classik\u2026 Un not\u2019 wagon na maths&nbsp;:&nbsp; calcul mental, table multiplication\u2026Un not\u2019, na EPS ek&nbsp; les signes des jeux olympiques, tables de tennis\u2026&nbsp; Ti train-l\u00e0, i f\u00e9 chavire nout\u2019 c\u0153ur.<\/p>\n\n\n\n<p>Bon, Mesdames, Messieurs la compagnie, sat la \u00e9coute a nou, &nbsp;zot la cru, s\u00e9lmant, &nbsp;c\u2019est&nbsp; zist\u2019 un zoli r\u00eave\u2026<\/p>\n\n\n\n<p>Mais nou aimerai bien ke l\u00e9&nbsp; vrai .<\/p>\n\n\n\n<p><strong>En fran\u00e7ais&nbsp;:<\/strong><\/p>\n\n\n\n<p>Nous, les \u00e9l\u00e8ves du coll\u00e8ge de Cambuston, quand on se l\u00e8ve le matin pour aller \u00e0 l\u2019\u00e9cole, on prend le petit train. Le train part \u00e0 7h15 de la gare et on se retrouve l\u00e0-bas avec nos amis.&nbsp; Puis, direction le coll\u00e8ge&nbsp;! Il nous d\u00e9pose sur le rond-point en plein milieu du coll\u00e8ge de Cambuston&nbsp;!<\/p>\n\n\n\n<p>&nbsp;Vous ne le savez peut-\u00eatre pas, mais notre coll\u00e8ge poss\u00e8de un rond-point sur lequel passe un petit train rien que pour nous. C\u2019est fantastique&nbsp;! Mais ne vous inqui\u00e9tez pas&nbsp;! Les autres voyageurs ont une voie ferr\u00e9e qui contourne le coll\u00e8ge et qui les emm\u00e8ne vers Bois-Rouge.<\/p>\n\n\n\n<p>Tout a \u00e9t\u00e9 pr\u00e9vu pour la s\u00e9curit\u00e9 des \u00e9l\u00e8ves par rapport au train&nbsp;: panneaux, barri\u00e8res, pr\u00e9sence d\u2019un garde-barri\u00e8re\u2026.<\/p>\n\n\n\n<p>Maintenant on va vous expliquer comment est construit notre train. On a gard\u00e9 la locomotive Schneider mais on n\u2019utilise plus le charbon. On utilise une \u00e9nergie plus propre.<\/p>\n\n\n\n<p>Notre train est unique&nbsp;! Chaque wagon repr\u00e9sente une mati\u00e8re&nbsp;: Musique, Fran\u00e7ais, Sciences, EPS\u2026<\/p>\n\n\n\n<p>Ce petit train, nous le portons dans notre c\u0153ur.<\/p>\n\n\n\n<p>Mesdames, messieurs, ce train dans notre coll\u00e8ge, c\u2019est un bien joli r\u00eave. Mais on aimerait tellement qu\u2019il soit vrai.  <\/p>\n\n\n\n<p>Apr\u00e8s le Jardin des Po\u00e8tes, M. Meirieu s&rsquo;est pr\u00eat\u00e9 \u00e0 une interview avec les 402 au <strong>Studio Multim\u00e9dia <\/strong>avec Mme Mounissamy.<\/p>\n\n\n\n<figure class=\"wp-block-image size-large\"><img loading=\"lazy\" decoding=\"async\" width=\"1024\" height=\"615\" src=\"https:\/\/etab.ac-reunion.fr\/clg-cambuston\/wp-content\/uploads\/sites\/45\/2024\/02\/STUDIO-1024x615.jpg\" alt=\"\" class=\"wp-image-5398\" srcset=\"https:\/\/etab.ac-reunion.fr\/clg-cambuston\/wp-content\/uploads\/sites\/45\/2024\/02\/STUDIO-1024x615.jpg 1024w, https:\/\/etab.ac-reunion.fr\/clg-cambuston\/wp-content\/uploads\/sites\/45\/2024\/02\/STUDIO-300x180.jpg 300w, https:\/\/etab.ac-reunion.fr\/clg-cambuston\/wp-content\/uploads\/sites\/45\/2024\/02\/STUDIO-50x30.jpg 50w, https:\/\/etab.ac-reunion.fr\/clg-cambuston\/wp-content\/uploads\/sites\/45\/2024\/02\/STUDIO-768x461.jpg 768w, https:\/\/etab.ac-reunion.fr\/clg-cambuston\/wp-content\/uploads\/sites\/45\/2024\/02\/STUDIO-1536x923.jpg 1536w, https:\/\/etab.ac-reunion.fr\/clg-cambuston\/wp-content\/uploads\/sites\/45\/2024\/02\/STUDIO-2048x1230.jpg 2048w\" sizes=\"auto, (max-width: 1024px) 100vw, 1024px\" \/><\/figure>\n\n\n\n<figure class=\"wp-block-image size-large\"><img loading=\"lazy\" decoding=\"async\" width=\"1024\" height=\"981\" src=\"https:\/\/etab.ac-reunion.fr\/clg-cambuston\/wp-content\/uploads\/sites\/45\/2024\/02\/STUDIO-2-1024x981.jpg\" alt=\"\" class=\"wp-image-5399\" srcset=\"https:\/\/etab.ac-reunion.fr\/clg-cambuston\/wp-content\/uploads\/sites\/45\/2024\/02\/STUDIO-2-1024x981.jpg 1024w, https:\/\/etab.ac-reunion.fr\/clg-cambuston\/wp-content\/uploads\/sites\/45\/2024\/02\/STUDIO-2-300x288.jpg 300w, https:\/\/etab.ac-reunion.fr\/clg-cambuston\/wp-content\/uploads\/sites\/45\/2024\/02\/STUDIO-2-50x48.jpg 50w, https:\/\/etab.ac-reunion.fr\/clg-cambuston\/wp-content\/uploads\/sites\/45\/2024\/02\/STUDIO-2-768x736.jpg 768w, https:\/\/etab.ac-reunion.fr\/clg-cambuston\/wp-content\/uploads\/sites\/45\/2024\/02\/STUDIO-2-1536x1472.jpg 1536w, https:\/\/etab.ac-reunion.fr\/clg-cambuston\/wp-content\/uploads\/sites\/45\/2024\/02\/STUDIO-2-2048x1963.jpg 2048w\" sizes=\"auto, (max-width: 1024px) 100vw, 1024px\" \/><\/figure>\n\n\n\n<figure class=\"wp-block-image size-large\"><img loading=\"lazy\" decoding=\"async\" width=\"1024\" height=\"768\" src=\"https:\/\/etab.ac-reunion.fr\/clg-cambuston\/wp-content\/uploads\/sites\/45\/2024\/02\/20240208_094211-1024x768.jpg\" alt=\"\" class=\"wp-image-5400\" srcset=\"https:\/\/etab.ac-reunion.fr\/clg-cambuston\/wp-content\/uploads\/sites\/45\/2024\/02\/20240208_094211-1024x768.jpg 1024w, https:\/\/etab.ac-reunion.fr\/clg-cambuston\/wp-content\/uploads\/sites\/45\/2024\/02\/20240208_094211-300x225.jpg 300w, https:\/\/etab.ac-reunion.fr\/clg-cambuston\/wp-content\/uploads\/sites\/45\/2024\/02\/20240208_094211-50x38.jpg 50w, https:\/\/etab.ac-reunion.fr\/clg-cambuston\/wp-content\/uploads\/sites\/45\/2024\/02\/20240208_094211-768x576.jpg 768w, https:\/\/etab.ac-reunion.fr\/clg-cambuston\/wp-content\/uploads\/sites\/45\/2024\/02\/20240208_094211-1536x1152.jpg 1536w, https:\/\/etab.ac-reunion.fr\/clg-cambuston\/wp-content\/uploads\/sites\/45\/2024\/02\/20240208_094211-2048x1536.jpg 2048w\" sizes=\"auto, (max-width: 1024px) 100vw, 1024px\" \/><\/figure>\n\n\n\n<p>En passant, Illan lui a offert un conte cr\u00e9ole: Zistoir Ti Jean et la sorci\u00e8re&#8230;.<\/p>\n\n\n\n<p><em>&nbsp;<\/em>Une table ronde avec les associations de quartier,des professeurs et des partenaires culturels  a \u00e9t\u00e9 l&rsquo;occasion de mettre en avant la richesse du r\u00e9seau et la dynamique de projets  au coll\u00e8ge, leviers du Vivre-Ensemble.<\/p>\n\n\n\n<p>Merci \u00e0 l&rsquo;ADICA, l&rsquo;association Jeunes de l&rsquo;An 2000, Expression  Nature R\u00e9union, au Th\u00e9\u00e2tre Conflore , aux coll\u00e8gues pr\u00e9sents pour cet \u00e9change riche et porteur.<\/p>\n\n\n\n<div class=\"wp-block-columns is-layout-flex wp-container-core-columns-is-layout-9d6595d7 wp-block-columns-is-layout-flex\">\n<div class=\"wp-block-column is-layout-flow wp-block-column-is-layout-flow\" style=\"flex-basis:100%\">\n<div class=\"wp-block-columns is-layout-flex wp-container-core-columns-is-layout-9d6595d7 wp-block-columns-is-layout-flex\">\n<div class=\"wp-block-column is-layout-flow wp-block-column-is-layout-flow\" style=\"flex-basis:100%\">\n<figure class=\"wp-block-image size-large\"><img loading=\"lazy\" decoding=\"async\" width=\"1024\" height=\"768\" src=\"https:\/\/etab.ac-reunion.fr\/clg-cambuston\/wp-content\/uploads\/sites\/45\/2024\/02\/IMG-20240208-WA0008-1024x768.jpg\" alt=\"\" class=\"wp-image-5412\" srcset=\"https:\/\/etab.ac-reunion.fr\/clg-cambuston\/wp-content\/uploads\/sites\/45\/2024\/02\/IMG-20240208-WA0008-1024x768.jpg 1024w, https:\/\/etab.ac-reunion.fr\/clg-cambuston\/wp-content\/uploads\/sites\/45\/2024\/02\/IMG-20240208-WA0008-300x225.jpg 300w, https:\/\/etab.ac-reunion.fr\/clg-cambuston\/wp-content\/uploads\/sites\/45\/2024\/02\/IMG-20240208-WA0008-50x38.jpg 50w, https:\/\/etab.ac-reunion.fr\/clg-cambuston\/wp-content\/uploads\/sites\/45\/2024\/02\/IMG-20240208-WA0008-768x576.jpg 768w, https:\/\/etab.ac-reunion.fr\/clg-cambuston\/wp-content\/uploads\/sites\/45\/2024\/02\/IMG-20240208-WA0008.jpg 1280w\" sizes=\"auto, (max-width: 1024px) 100vw, 1024px\" \/><\/figure>\n<\/div>\n<\/div>\n\n\n\n<div class=\"wp-block-columns is-layout-flex wp-container-core-columns-is-layout-9d6595d7 wp-block-columns-is-layout-flex\">\n<div class=\"wp-block-column is-layout-flow wp-block-column-is-layout-flow\" style=\"flex-basis:100%\">\n<div class=\"wp-block-columns is-layout-flex wp-container-core-columns-is-layout-9d6595d7 wp-block-columns-is-layout-flex\">\n<div class=\"wp-block-column is-layout-flow wp-block-column-is-layout-flow\" style=\"flex-basis:100%\"><\/div>\n<\/div>\n\n\n\n<figure class=\"wp-block-image size-full\"><img loading=\"lazy\" decoding=\"async\" width=\"1280\" height=\"960\" src=\"https:\/\/etab.ac-reunion.fr\/clg-cambuston\/wp-content\/uploads\/sites\/45\/2024\/02\/IMG-20240208-WA00191-2.jpg\" alt=\"\" class=\"wp-image-5410\" srcset=\"https:\/\/etab.ac-reunion.fr\/clg-cambuston\/wp-content\/uploads\/sites\/45\/2024\/02\/IMG-20240208-WA00191-2.jpg 1280w, https:\/\/etab.ac-reunion.fr\/clg-cambuston\/wp-content\/uploads\/sites\/45\/2024\/02\/IMG-20240208-WA00191-2-300x225.jpg 300w, https:\/\/etab.ac-reunion.fr\/clg-cambuston\/wp-content\/uploads\/sites\/45\/2024\/02\/IMG-20240208-WA00191-2-1024x768.jpg 1024w, https:\/\/etab.ac-reunion.fr\/clg-cambuston\/wp-content\/uploads\/sites\/45\/2024\/02\/IMG-20240208-WA00191-2-50x38.jpg 50w, https:\/\/etab.ac-reunion.fr\/clg-cambuston\/wp-content\/uploads\/sites\/45\/2024\/02\/IMG-20240208-WA00191-2-768x576.jpg 768w\" sizes=\"auto, (max-width: 1280px) 100vw, 1280px\" \/><\/figure>\n\n\n\n<p>Un \u00e9change avec la communaut\u00e9 \u00e9ducative a cl\u00f4tur\u00e9 la matin\u00e9e. M Conradi , directeur des CEMEA R\u00e9union et M. Meirieu , vice -pr\u00e9sident des CEMEA France ont inscrit dans la dur\u00e9e le partenariat avec le coll\u00e8ge. <\/p>\n\n\n\n<p>Le postulat d&rsquo;\u00e9ducabilit\u00e9 , principe fondateur de l&rsquo;\u00e9ducation, sera affich\u00e9 dans notre coll\u00e8ge. <\/p>\n\n\n\n<p> <\/p>\n\n\n\n<figure class=\"wp-block-table\"><table><tbody><tr><td><strong>EDUCABILITE<\/strong><\/td><\/tr><tr><td><em>L&rsquo;\u00e9ducabilit\u00e9 est d&rsquo;abord le principe \u00ab\u00a0logique\u00a0\u00bb de toute activit\u00e9 \u00e9ducative: si l&rsquo;on ne postule pas que les \u00eatres que l&rsquo;on veut \u00e9duquer sont \u00e9ducables, il vaut mieux changer de m\u00e9tier. C&rsquo;est aussi un principe heuristique essentiel: seule la postulation de l&rsquo;\u00e9ducabilit\u00e9 de l&rsquo;autre interdit \u00e0 l&rsquo;\u00e9ducateur d&rsquo;attribuer syst\u00e9matiquement ses \u00e9checs \u00e0 des causes sur lesquelles il n&rsquo;a pas pouvoir et d&rsquo;engager la recherche obstin\u00e9e de nouvelles m\u00e9diations. C&rsquo;est pourquoi, sans doute, l&rsquo;immense majorit\u00e9 des \u00ab\u00a0inventions didactiques\u00a0\u00bb a \u00e9t\u00e9 effectu\u00e9e par ceux et celles qui se sont attach\u00e9s \u00e0 \u00e9duquer des \u00eatres jusque l\u00e0 r\u00e9put\u00e9s in\u00e9ducables. <br>Mais l&rsquo;affirmation de l&rsquo;\u00e9ducabilit\u00e9 de l&rsquo;autre est aussi, paradoxalement, un signe de modestie: elle interdit d&rsquo;obturer d\u00e9finitivement son avenir en le condamnant \u00e0 n&rsquo;en faire qu&rsquo;une duplication de son pass\u00e9; elle laisse ouverte la possibilit\u00e9 d&rsquo;un changement, d&rsquo;une r\u00e9ussite, d&rsquo;une r\u00e9demption, dont nous savons bien, dans le registre de l&rsquo;humain, qu&rsquo;ils peuvent toujours advenir. Le postulat de l&rsquo;\u00e9ducabilit\u00e9 est, enfin, une sorte d'\u00a0\u00bbefficace du regard\u00a0\u00bb en ce qu&rsquo;il communique \u00e0 l&rsquo;autre, le plus souvent \u00e0 notre insu, une image de lui-m\u00eame \u00e0 laquelle nous savons bien qu&rsquo;il a souvent tendance \u00e0 se conformer. <br><br>Mais le principe d&rsquo;\u00e9ducabilit\u00e9 peut, on le sent bien, \u00eatre porteur de pr\u00e9occupantes d\u00e9rives: on sait ce qu&rsquo;il advient quand on se donne pour objectif d&rsquo;\u00e9duquer \u00ab\u00a0quoi qu&rsquo;il en co\u00fbte\u00a0\u00bb: la violence n&rsquo;est pas loin, l&rsquo;exclusion parfois, la \u00ab\u00a0r\u00e9\u00e9ducation\u00a0\u00bb de temps en temps. Le pi\u00e8ge, en Education, c&rsquo;est de confondre la formation d&rsquo;une personne et la fabrication d&rsquo;un objet, de ne pas supporter que l&rsquo;autre nous \u00e9chappe, se r\u00e9cuse&#8230; et d&rsquo;abandonner le principe d&rsquo;\u00e9ducabilit\u00e9 quand l&rsquo;autre ne nous paye pas des efforts que l&rsquo;on a fait pour lui par sa reconnaissance, sa soumission ou sa r\u00e9ussite. Le vrai pari \u00e9ducatif c&rsquo;est celui de l&rsquo;\u00e9ducabilit\u00e9 associ\u00e9 \u00e0 celui de la non-r\u00e9ciprocit\u00e9: tout faire pour que l&rsquo;autre r\u00e9ussisse, s&rsquo;obstiner \u00e0 inventer tous les moyens possibles pour qu&rsquo;il apprenne mais en sachant que c&rsquo;est lui qui apprend et que, tout en exigeant le meilleur, je dois me pr\u00e9parer \u00e0 accepter le pire&#8230; et surtout \u00e0 continuer \u00e0 exiger le meilleur apr\u00e8s avoir accept\u00e9 le pire! Admettre que le principe d&rsquo;\u00e9ducabilit\u00e9 soit constamment mis en \u00e9chec sans, pour autant, y renoncer. Assumer la n\u00e9gativit\u00e9 de l&rsquo;\u00e9ducabilit\u00e9, sans, pour autant, basculer dans le d\u00e9pit et la suffisance, sans sombrer dans le fatalisme. Le principe d&rsquo;\u00e9ducabilit\u00e9 et son corollaire, le principe de non-r\u00e9ciprocit\u00e9, sont donc au coeur de la dynamique p\u00e9dagogique, ils en constitue, en quelque sorte, le pari fondateur&#8230; <br> Choix \u00e9thique et politique \u00e0 la fois, ils sont, en r\u00e9alit\u00e9, la v\u00e9ritable \u00ab\u00a0pierre de touche\u00a0\u00bb de bien des d\u00e9bats qui auraient int\u00e9r\u00eat, pour la clart\u00e9 de la discussion actuelle, \u00e0 faire ressortir syst\u00e9matiquement cette dimension des choses. Qu&rsquo;est-ce qui se joue, au fond, \u00e0 travers le statut des recherches p\u00e9dagogie, si ce n&rsquo;est la position que l&rsquo;on prend sur ces deux questions essentielles: suis-je pr\u00eat \u00e0 faire le pari de l&rsquo;\u00e9ducabilit\u00e9 de tous et \u00e0 mettre en oeuvre toutes les connaissances dont je dispose et toute l&rsquo;imagination dont je suis capable pour y parvenir? Suis-je pr\u00eat \u00e0 accepter que l&rsquo;autre \u00e9chappe \u00e0 mon projet, ne me paye ni en reconnaissance, ni en soumission, puisse se d\u00e9gager de mon influence&#8230; sans, pour autant, lui en vouloir ni abandonner ma d\u00e9termination?              <br><\/em><br> Philippe MEIRIEU<\/td><\/tr><\/tbody><\/table><\/figure>\n<\/div>\n<\/div>\n<\/div>\n<\/div>\n\n\n\n<figure class=\"wp-block-image size-large\"><img loading=\"lazy\" decoding=\"async\" width=\"1024\" height=\"768\" src=\"https:\/\/etab.ac-reunion.fr\/clg-cambuston\/wp-content\/uploads\/sites\/45\/2024\/02\/IMG-20240208-WA0009-1024x768.jpg\" alt=\"\" class=\"wp-image-5401\" srcset=\"https:\/\/etab.ac-reunion.fr\/clg-cambuston\/wp-content\/uploads\/sites\/45\/2024\/02\/IMG-20240208-WA0009-1024x768.jpg 1024w, https:\/\/etab.ac-reunion.fr\/clg-cambuston\/wp-content\/uploads\/sites\/45\/2024\/02\/IMG-20240208-WA0009-300x225.jpg 300w, https:\/\/etab.ac-reunion.fr\/clg-cambuston\/wp-content\/uploads\/sites\/45\/2024\/02\/IMG-20240208-WA0009-50x38.jpg 50w, https:\/\/etab.ac-reunion.fr\/clg-cambuston\/wp-content\/uploads\/sites\/45\/2024\/02\/IMG-20240208-WA0009-768x576.jpg 768w, https:\/\/etab.ac-reunion.fr\/clg-cambuston\/wp-content\/uploads\/sites\/45\/2024\/02\/IMG-20240208-WA0009.jpg 1280w\" sizes=\"auto, (max-width: 1024px) 100vw, 1024px\" \/><\/figure>\n\n\n\n<figure class=\"wp-block-image size-large\"><img loading=\"lazy\" decoding=\"async\" width=\"1024\" height=\"768\" src=\"https:\/\/etab.ac-reunion.fr\/clg-cambuston\/wp-content\/uploads\/sites\/45\/2024\/02\/20240208_122840-1024x768.jpg\" alt=\"\" class=\"wp-image-5413\" srcset=\"https:\/\/etab.ac-reunion.fr\/clg-cambuston\/wp-content\/uploads\/sites\/45\/2024\/02\/20240208_122840-1024x768.jpg 1024w, https:\/\/etab.ac-reunion.fr\/clg-cambuston\/wp-content\/uploads\/sites\/45\/2024\/02\/20240208_122840-300x225.jpg 300w, https:\/\/etab.ac-reunion.fr\/clg-cambuston\/wp-content\/uploads\/sites\/45\/2024\/02\/20240208_122840-50x38.jpg 50w, https:\/\/etab.ac-reunion.fr\/clg-cambuston\/wp-content\/uploads\/sites\/45\/2024\/02\/20240208_122840-768x576.jpg 768w, https:\/\/etab.ac-reunion.fr\/clg-cambuston\/wp-content\/uploads\/sites\/45\/2024\/02\/20240208_122840-1536x1152.jpg 1536w, https:\/\/etab.ac-reunion.fr\/clg-cambuston\/wp-content\/uploads\/sites\/45\/2024\/02\/20240208_122840-2048x1536.jpg 2048w\" sizes=\"auto, (max-width: 1024px) 100vw, 1024px\" \/><\/figure>\n\n\n\n<p>Un moment convivial autour d&rsquo;un manger ravages , hommage aux racines et au patrimoine de notre \u00eele, propos\u00e9 par l&rsquo;ADICA<\/p>\n\n\n\n<figure class=\"wp-block-image size-large\"><img loading=\"lazy\" decoding=\"async\" width=\"768\" height=\"1024\" src=\"https:\/\/etab.ac-reunion.fr\/clg-cambuston\/wp-content\/uploads\/sites\/45\/2024\/02\/20240208_130135-1-768x1024.jpg\" alt=\"\" class=\"wp-image-5416\" srcset=\"https:\/\/etab.ac-reunion.fr\/clg-cambuston\/wp-content\/uploads\/sites\/45\/2024\/02\/20240208_130135-1-768x1024.jpg 768w, https:\/\/etab.ac-reunion.fr\/clg-cambuston\/wp-content\/uploads\/sites\/45\/2024\/02\/20240208_130135-1-225x300.jpg 225w, https:\/\/etab.ac-reunion.fr\/clg-cambuston\/wp-content\/uploads\/sites\/45\/2024\/02\/20240208_130135-1-38x50.jpg 38w, https:\/\/etab.ac-reunion.fr\/clg-cambuston\/wp-content\/uploads\/sites\/45\/2024\/02\/20240208_130135-1-1152x1536.jpg 1152w, https:\/\/etab.ac-reunion.fr\/clg-cambuston\/wp-content\/uploads\/sites\/45\/2024\/02\/20240208_130135-1-1536x2048.jpg 1536w, https:\/\/etab.ac-reunion.fr\/clg-cambuston\/wp-content\/uploads\/sites\/45\/2024\/02\/20240208_130135-1-scaled.jpg 1920w\" sizes=\"auto, (max-width: 768px) 100vw, 768px\" \/><\/figure>\n\n\n\n<div class=\"wp-block-columns is-layout-flex wp-container-core-columns-is-layout-9d6595d7 wp-block-columns-is-layout-flex\">\n<div class=\"wp-block-column is-layout-flow wp-block-column-is-layout-flow\" style=\"flex-basis:100%\">\n<figure class=\"wp-block-gallery has-nested-images columns-default is-cropped wp-block-gallery-2 is-layout-flex wp-block-gallery-is-layout-flex\"><\/figure>\n<\/div>\n<\/div>\n\n\n\n<p>Cette matin\u00e9e est \u00e0 marquer au coll\u00e8ge. La venue de M. Meirieu est tout simplement  inspirante.<\/p>\n\n\n\n<div class=\"wp-block-columns is-layout-flex wp-container-core-columns-is-layout-9d6595d7 wp-block-columns-is-layout-flex\">\n<div class=\"wp-block-column is-layout-flow wp-block-column-is-layout-flow\" style=\"flex-basis:100%\"><\/div>\n<\/div>\n\n\n\n<figure class=\"wp-block-image size-large\"><img loading=\"lazy\" decoding=\"async\" width=\"1024\" height=\"854\" src=\"https:\/\/etab.ac-reunion.fr\/clg-cambuston\/wp-content\/uploads\/sites\/45\/2024\/02\/20240208_092358-1-1024x854.jpg\" alt=\"\" class=\"wp-image-5384\" srcset=\"https:\/\/etab.ac-reunion.fr\/clg-cambuston\/wp-content\/uploads\/sites\/45\/2024\/02\/20240208_092358-1-1024x854.jpg 1024w, https:\/\/etab.ac-reunion.fr\/clg-cambuston\/wp-content\/uploads\/sites\/45\/2024\/02\/20240208_092358-1-300x250.jpg 300w, https:\/\/etab.ac-reunion.fr\/clg-cambuston\/wp-content\/uploads\/sites\/45\/2024\/02\/20240208_092358-1-50x42.jpg 50w, https:\/\/etab.ac-reunion.fr\/clg-cambuston\/wp-content\/uploads\/sites\/45\/2024\/02\/20240208_092358-1-768x641.jpg 768w, https:\/\/etab.ac-reunion.fr\/clg-cambuston\/wp-content\/uploads\/sites\/45\/2024\/02\/20240208_092358-1-1536x1282.jpg 1536w, https:\/\/etab.ac-reunion.fr\/clg-cambuston\/wp-content\/uploads\/sites\/45\/2024\/02\/20240208_092358-1-2048x1709.jpg 2048w\" sizes=\"auto, (max-width: 1024px) 100vw, 1024px\" \/><\/figure>\n<!-- AddThis Advanced Settings generic via filter on the_content --><!-- AddThis Share Buttons generic via filter on the_content -->","protected":false},"excerpt":{"rendered":"<p>Quel plaisir et quel honneur de recevoir M.Meirieu au coll\u00e8ge de Cambuston !Merci \u00e0 notre partenaire CEMEA R\u00e9union d&rsquo;avoir permis cette rencontre riche en \u00e9changes avec la communaut\u00e9 \u00e9ducative, les \u00e9l\u00e8ves et le r\u00e9seau de Cambuston. Un accueil par les \u00e9l\u00e8ves: Ils ont pr\u00e9sent\u00e9 les tr\u00e9sors du coll\u00e8ge et d\u00e9clam\u00e9 un acrostiche sur le mot [&hellip;]<!-- AddThis Advanced Settings generic via filter on get_the_excerpt --><!-- AddThis Share Buttons generic via filter on get_the_excerpt --><\/p>\n","protected":false},"author":7591,"featured_media":0,"comment_status":"closed","ping_status":"closed","sticky":false,"template":"","format":"standard","meta":{"footnotes":""},"categories":[3,22,14,17,15,11,10,9,1,6],"tags":[],"class_list":["post-5381","post","type-post","status-publish","format-standard","hentry","category-actualites","category-archive","category-cafe-des-parents","category-eco-college","category-espace-parents","category-evenements","category-gallerie2","category-menu-2","category-non-classe","category-slider"],"_links":{"self":[{"href":"https:\/\/etab.ac-reunion.fr\/clg-cambuston\/wp-json\/wp\/v2\/posts\/5381","targetHints":{"allow":["GET"]}}],"collection":[{"href":"https:\/\/etab.ac-reunion.fr\/clg-cambuston\/wp-json\/wp\/v2\/posts"}],"about":[{"href":"https:\/\/etab.ac-reunion.fr\/clg-cambuston\/wp-json\/wp\/v2\/types\/post"}],"author":[{"embeddable":true,"href":"https:\/\/etab.ac-reunion.fr\/clg-cambuston\/wp-json\/wp\/v2\/users\/7591"}],"replies":[{"embeddable":true,"href":"https:\/\/etab.ac-reunion.fr\/clg-cambuston\/wp-json\/wp\/v2\/comments?post=5381"}],"version-history":[{"count":6,"href":"https:\/\/etab.ac-reunion.fr\/clg-cambuston\/wp-json\/wp\/v2\/posts\/5381\/revisions"}],"predecessor-version":[{"id":5450,"href":"https:\/\/etab.ac-reunion.fr\/clg-cambuston\/wp-json\/wp\/v2\/posts\/5381\/revisions\/5450"}],"wp:attachment":[{"href":"https:\/\/etab.ac-reunion.fr\/clg-cambuston\/wp-json\/wp\/v2\/media?parent=5381"}],"wp:term":[{"taxonomy":"category","embeddable":true,"href":"https:\/\/etab.ac-reunion.fr\/clg-cambuston\/wp-json\/wp\/v2\/categories?post=5381"},{"taxonomy":"post_tag","embeddable":true,"href":"https:\/\/etab.ac-reunion.fr\/clg-cambuston\/wp-json\/wp\/v2\/tags?post=5381"}],"curies":[{"name":"wp","href":"https:\/\/api.w.org\/{rel}","templated":true}]}}