{"id":6340,"date":"2026-04-27T06:24:42","date_gmt":"2026-04-27T06:24:42","guid":{"rendered":"https:\/\/etab.ac-reunion.fr\/clg-cambuston\/?p=6340"},"modified":"2026-04-27T06:26:07","modified_gmt":"2026-04-27T06:26:07","slug":"lespagnol-en-fete-quand-les-eleves-font-danser-les-mots-et-parfois-les-profs","status":"publish","type":"post","link":"https:\/\/etab.ac-reunion.fr\/clg-cambuston\/lespagnol-en-fete-quand-les-eleves-font-danser-les-mots-et-parfois-les-profs\/","title":{"rendered":"L\u2019espagnol en f\u00eate : Quand les \u00e9l\u00e8ves font danser les mots (et parfois les profs)"},"content":{"rendered":"\n<p><br>Pendant la semaine des langues, les \u00e9l\u00e8ves ont c\u00e9l\u00e9br\u00e9 la langue de <em><strong>Cervante<\/strong><\/em><strong>s<\/strong>: l\u2019espagnol. Loin de se r\u00e9sumer \u00e0 des verbes \u00e0 apprendre les \u00e9l\u00e8ves ont prouv\u00e9 que l\u2019espagnol est une langue qui s\u2019entend, qui se vit au quotidien, une langue qui se lit comme elle s\u2019\u00e9crit, une langue qui se danse et qui donne (presque) envie de faire ses devoirs.<\/p>\n\n\n\n<h2 class=\"wp-block-heading\">Un ab\u00e9c\u00e9daire pas comme les autres (plus simple en fait: toutes les lettres se prononcent)<\/h2>\n\n\n\n<p>Les \u00e9l\u00e8ves ont fait preuve de cr\u00e9ativit\u00e9 pour r\u00e9aliser un ab\u00e9c\u00e9daire illustr\u00e9 en espagnol.<\/p>\n\n\n\n<p>Entre s\u00e9rieux (ou presque) et fous-rires ils ont enregistr\u00e9 un audio de cet ab\u00e9c\u00e9daire o\u00f9 ils ont d\u00e9couvert un des super-pouvoirs de l\u2019espagnol: on lit ce qu\u2019on voit.<\/p>\n\n\n\n<p>Pas de pi\u00e8ge, pas de lettre qui dispara\u00eet en douce, pas de lettres muettes cach\u00e9es au dernier moment. M\u00eame en d\u00e9butant, on peut d\u00e9j\u00e0 parler\u2026 et \u00e7a, c\u2019est g\u00e9nial! <\/p>\n\n\n\n<figure class=\"wp-block-image size-large\"><img loading=\"lazy\" decoding=\"async\" width=\"582\" height=\"1024\" src=\"https:\/\/etab.ac-reunion.fr\/clg-cambuston\/wp-content\/uploads\/sites\/45\/2026\/04\/20251204_083603-582x1024.jpg\" alt=\"\" class=\"wp-image-6344\" srcset=\"https:\/\/etab.ac-reunion.fr\/clg-cambuston\/wp-content\/uploads\/sites\/45\/2026\/04\/20251204_083603-582x1024.jpg 582w, https:\/\/etab.ac-reunion.fr\/clg-cambuston\/wp-content\/uploads\/sites\/45\/2026\/04\/20251204_083603-170x300.jpg 170w, https:\/\/etab.ac-reunion.fr\/clg-cambuston\/wp-content\/uploads\/sites\/45\/2026\/04\/20251204_083603-28x50.jpg 28w, https:\/\/etab.ac-reunion.fr\/clg-cambuston\/wp-content\/uploads\/sites\/45\/2026\/04\/20251204_083603-768x1352.jpg 768w, https:\/\/etab.ac-reunion.fr\/clg-cambuston\/wp-content\/uploads\/sites\/45\/2026\/04\/20251204_083603-872x1536.jpg 872w, https:\/\/etab.ac-reunion.fr\/clg-cambuston\/wp-content\/uploads\/sites\/45\/2026\/04\/20251204_083603-1163x2048.jpg 1163w, https:\/\/etab.ac-reunion.fr\/clg-cambuston\/wp-content\/uploads\/sites\/45\/2026\/04\/20251204_083603-scaled.jpg 1454w\" sizes=\"auto, (max-width: 582px) 100vw, 582px\" \/><figcaption class=\"wp-element-caption\"><em>Ab\u00e9c\u00e9daire r\u00e9alis\u00e9 par les \u00e9l\u00e8ves de 6e et 5e. <\/em><\/figcaption><\/figure>\n\n\n\n<figure class=\"wp-block-audio\"><audio controls src=\"https:\/\/etab.ac-reunion.fr\/clg-cambuston\/wp-content\/uploads\/sites\/45\/2026\/04\/6e-alfabeto.mp3\"><\/audio><figcaption class=\"wp-element-caption\"><em>R\u00e9v\u00e9lation: \u00ab\u00a0L&rsquo;espagnol se lit comme elle s&rsquo;\u00e9crit! \u00a1Es genial!\u00a0\u00bb<\/em><\/figcaption><\/figure>\n\n\n\n<h2 class=\"wp-block-heading\"><br>\u201cLa vida es un baile\u201d : une porte qui ne passe pas inaper\u00e7ue<\/h2>\n\n\n\n<p>Impossible de rater l\u2019entr\u00e9e de la salle de classe. Des couleurs vives, une danseuse de flamenco \u00e9l\u00e9gante qui donne le ton: ici on travaille avec du style!<\/p>\n\n\n\n<p>Intitul\u00e9e <em>\u201cLa vida es un baile\u201d <\/em>cette porte r\u00e9alis\u00e9e collectivement par les \u00e9l\u00e8ves de 6e et de 5e est clairement une invitation \u00e0 la culture hispanique.<\/p>\n\n\n\n<p>Arr\u00eatez-vous deux secondes pour regarder, on validera votre billet de retard!<\/p>\n\n\n\n<figure class=\"wp-block-image size-large is-resized\"><img loading=\"lazy\" decoding=\"async\" width=\"768\" height=\"1024\" src=\"https:\/\/etab.ac-reunion.fr\/clg-cambuston\/wp-content\/uploads\/sites\/45\/2026\/04\/20260421_132210-768x1024.jpg\" alt=\"\" class=\"wp-image-6346\" style=\"aspect-ratio:0.7500000155490381;width:446px;height:auto\" srcset=\"https:\/\/etab.ac-reunion.fr\/clg-cambuston\/wp-content\/uploads\/sites\/45\/2026\/04\/20260421_132210-768x1024.jpg 768w, https:\/\/etab.ac-reunion.fr\/clg-cambuston\/wp-content\/uploads\/sites\/45\/2026\/04\/20260421_132210-225x300.jpg 225w, https:\/\/etab.ac-reunion.fr\/clg-cambuston\/wp-content\/uploads\/sites\/45\/2026\/04\/20260421_132210-38x50.jpg 38w, https:\/\/etab.ac-reunion.fr\/clg-cambuston\/wp-content\/uploads\/sites\/45\/2026\/04\/20260421_132210-1152x1536.jpg 1152w, https:\/\/etab.ac-reunion.fr\/clg-cambuston\/wp-content\/uploads\/sites\/45\/2026\/04\/20260421_132210-1536x2048.jpg 1536w, https:\/\/etab.ac-reunion.fr\/clg-cambuston\/wp-content\/uploads\/sites\/45\/2026\/04\/20260421_132210-scaled.jpg 1920w\" sizes=\"auto, (max-width: 768px) 100vw, 768px\" \/><\/figure>\n\n\n\n<h2 class=\"wp-block-heading\"><br>Quand la cour devient piste de danse (et que personne ne juge\u2026 normalement)<\/h2>\n\n\n\n<p>L\u2019espagnol c\u2019est aussi bouger. Alors place \u00e0 la danse!<\/p>\n\n\n\n<p>Les \u00e9l\u00e8ves et les adultes ont partag\u00e9 un moment festif en dansant sur des musiques latino-am\u00e9ricaines qui occupent le podium des classements actuels.<\/p>\n\n\n\n<p>Coordination parfaite ? \u00c9videmment que non ! Bonne humeur ? Toujours.<\/p>\n\n\n\n<p>Entre deux pas improvis\u00e9s et quelques mouvements \u201ctr\u00e8s personnels\u201d r\u00e9alis\u00e9s avec beaucoup de confiance, une chose est s\u00fbre : on retient mieux quand on s\u2019amuse !<\/p>\n\n\n\n<p>Et bonus : personne n\u2019a demand\u00e9 \u201cMadame, \u00e7a sera not\u00e9 ?\u201d La r\u00e9cr\u00e9ation avait un go\u00fbt de pas assez. Promis on remet \u00e7a!<\/p>\n\n\n\n<figure class=\"wp-block-image size-large\"><img loading=\"lazy\" decoding=\"async\" width=\"858\" height=\"1024\" src=\"https:\/\/etab.ac-reunion.fr\/clg-cambuston\/wp-content\/uploads\/sites\/45\/2026\/04\/IMG-20260426-WA0000-858x1024.jpg\" alt=\"\" class=\"wp-image-6347\" srcset=\"https:\/\/etab.ac-reunion.fr\/clg-cambuston\/wp-content\/uploads\/sites\/45\/2026\/04\/IMG-20260426-WA0000-858x1024.jpg 858w, https:\/\/etab.ac-reunion.fr\/clg-cambuston\/wp-content\/uploads\/sites\/45\/2026\/04\/IMG-20260426-WA0000-251x300.jpg 251w, https:\/\/etab.ac-reunion.fr\/clg-cambuston\/wp-content\/uploads\/sites\/45\/2026\/04\/IMG-20260426-WA0000-42x50.jpg 42w, https:\/\/etab.ac-reunion.fr\/clg-cambuston\/wp-content\/uploads\/sites\/45\/2026\/04\/IMG-20260426-WA0000-768x917.jpg 768w, https:\/\/etab.ac-reunion.fr\/clg-cambuston\/wp-content\/uploads\/sites\/45\/2026\/04\/IMG-20260426-WA0000.jpg 982w\" sizes=\"auto, (max-width: 858px) 100vw, 858px\" \/><figcaption class=\"wp-element-caption\"><br><em>Mention sp\u00e9ciale aux pas improvis\u00e9s qui n\u2019existent dans aucun pays hispanophones mais qui m\u00e9riteraient d\u2019\u00eatre export\u00e9es.<\/em><\/figcaption><\/figure>\n\n\n\n<h2 class=\"wp-block-heading\"><br>L\u2019espagnol : une langue s\u00e9rieuse\u2026 sans se prendre au s\u00e9rieux<\/h2>\n\n\n\n<p>\u00c0 travers ces activit\u00e9s, les \u00e9l\u00e8ves d\u00e9couvrent que l\u2019espagnol, parl\u00e9e par plus de 500 millions de personnes dans le monde, est une langue :<\/p>\n\n\n\n<p>\u25cf accessible&nbsp;: on parle sans stress vraiment!<\/p>\n\n\n\n<p>\u25cf vivante&nbsp;: \u00e7a bouge !<\/p>\n\n\n\n<p>\u25cf joyeuse&nbsp;: une langue qu\u2019on apprend avec la t\u00eate, le sourire et tout le corps. \u00ab&nbsp;Tu bouges autant qu\u2019en sport je suis s\u00fbre!&nbsp;\u00bb<\/p>\n\n\n\n<p>Un grand merci aux \u00e9l\u00e8ves et adultes qui ont particip\u00e9 \u00e0 ces activit\u00e9s \u00e0 nos c\u00f4t\u00e9s&nbsp;!<\/p>\n\n\n\n<p><em>Bonne semaine des langues&nbsp;! \u00a1Feliz semana de las lenguas&nbsp;!Merci beaucoup et \u00e0 bient\u00f4t! \u00a1Muchas gracias y hasta pronto&nbsp;!<\/em><\/p>\n\n\n\n<p><\/p>\n<!-- AddThis Advanced Settings generic via filter on the_content --><!-- AddThis Share Buttons generic via filter on the_content -->","protected":false},"excerpt":{"rendered":"<p>Pendant la semaine des langues, les \u00e9l\u00e8ves ont c\u00e9l\u00e9br\u00e9 la langue de Cervantes: l\u2019espagnol. Loin de se r\u00e9sumer \u00e0 des verbes \u00e0 apprendre les \u00e9l\u00e8ves ont prouv\u00e9 que l\u2019espagnol est une langue qui s\u2019entend, qui se vit au quotidien, une langue qui se lit comme elle s\u2019\u00e9crit, une langue qui se danse et qui donne [&hellip;]<!-- AddThis Advanced Settings generic via filter on get_the_excerpt --><!-- AddThis Share Buttons generic via filter on get_the_excerpt --><\/p>\n","protected":false},"author":36582,"featured_media":5056,"comment_status":"closed","ping_status":"closed","sticky":false,"template":"","format":"standard","meta":{"footnotes":""},"categories":[3,27,30,6],"tags":[],"class_list":["post-6340","post","type-post","status-publish","format-standard","has-post-thumbnail","hentry","category-actualites","category-lve","category-semaines-des-langues","category-slider"],"_links":{"self":[{"href":"https:\/\/etab.ac-reunion.fr\/clg-cambuston\/wp-json\/wp\/v2\/posts\/6340","targetHints":{"allow":["GET"]}}],"collection":[{"href":"https:\/\/etab.ac-reunion.fr\/clg-cambuston\/wp-json\/wp\/v2\/posts"}],"about":[{"href":"https:\/\/etab.ac-reunion.fr\/clg-cambuston\/wp-json\/wp\/v2\/types\/post"}],"author":[{"embeddable":true,"href":"https:\/\/etab.ac-reunion.fr\/clg-cambuston\/wp-json\/wp\/v2\/users\/36582"}],"replies":[{"embeddable":true,"href":"https:\/\/etab.ac-reunion.fr\/clg-cambuston\/wp-json\/wp\/v2\/comments?post=6340"}],"version-history":[{"count":2,"href":"https:\/\/etab.ac-reunion.fr\/clg-cambuston\/wp-json\/wp\/v2\/posts\/6340\/revisions"}],"predecessor-version":[{"id":6349,"href":"https:\/\/etab.ac-reunion.fr\/clg-cambuston\/wp-json\/wp\/v2\/posts\/6340\/revisions\/6349"}],"wp:featuredmedia":[{"embeddable":true,"href":"https:\/\/etab.ac-reunion.fr\/clg-cambuston\/wp-json\/wp\/v2\/media\/5056"}],"wp:attachment":[{"href":"https:\/\/etab.ac-reunion.fr\/clg-cambuston\/wp-json\/wp\/v2\/media?parent=6340"}],"wp:term":[{"taxonomy":"category","embeddable":true,"href":"https:\/\/etab.ac-reunion.fr\/clg-cambuston\/wp-json\/wp\/v2\/categories?post=6340"},{"taxonomy":"post_tag","embeddable":true,"href":"https:\/\/etab.ac-reunion.fr\/clg-cambuston\/wp-json\/wp\/v2\/tags?post=6340"}],"curies":[{"name":"wp","href":"https:\/\/api.w.org\/{rel}","templated":true}]}}