{"id":1035,"date":"2018-04-20T09:13:32","date_gmt":"2018-04-20T05:13:32","guid":{"rendered":"http:\/\/college-chemin-morin.ac-reunion.fr\/?p=1035"},"modified":"2018-04-20T09:13:32","modified_gmt":"2018-04-20T05:13:32","slug":"latelier-percussions","status":"publish","type":"post","link":"https:\/\/etab.ac-reunion.fr\/clg-chemin-morin\/latelier-percussions\/","title":{"rendered":"L&rsquo;atelier \u00ab\u00a0Percussions\u00a0\u00bb"},"content":{"rendered":"<p style=\"text-align: left\">L\u2019atelier radio multim\u00e9dia est ravi de vous pr\u00e9senter cet article qui parle de l\u2019atelier \u00ab\u00a0Percussions\u00a0\u00bb, pour vous faire d\u00e9couvrir les \u00abcoulisses\u00bb des repr\u00e9sentations effectu\u00e9es dans notre coll\u00e8ge.<\/p>\n<p>Chaque mercredi de 12h15 \u00e0 13h15, au Coll\u00e8ge Chemin Morin, un groupe d\u2019\u00e9l\u00e8ves reste \u00e0 l\u2019int\u00e9rieur de l\u2019\u00e9tablissement contrairement \u00e0 leurs amis.<br \/>\nPourquoi restent-ils ? A cause d\u2019une activit\u00e9 qui leur tient \u00e0 c\u0153ur : l\u2019atelier \u00ab\u00a0Percussions\u00a0\u00bb.<br \/>\nCe sont les m\u00eames \u00e9l\u00e8ves qui jouent ensemble avec leurs instruments lors de journ\u00e9es particuli\u00e8res (carnaval, 21 d\u00e9cembre,\u2026).<\/p>\n<p>Nous avons r\u00e9alis\u00e9 une interview aupr\u00e8s de M. JAGUELIN, professeur de musique dans notre \u00e9tablissement. C\u2019est aussi lui qui dirige les r\u00e9p\u00e9tions et les repr\u00e9sentations.<\/p>\n<p>1)\u00a0Depuis\u00a0quand\u00a0l\u2019atelier\u00a0percussions\u00a0existe-t-il\u00a0au\u00a0coll\u00e8ge?<br \/>\nM. JAGUELIN : Il y a d\u00e9j\u00e0 5 ans que l\u2019atelier percussion a \u00e9t\u00e9 instaur\u00e9 au coll\u00e8ge Morin.<\/p>\n<p>2)\u00a0Pourquoi\u00a0avez-vous\u00a0d\u00e9cid\u00e9\u00a0de\u00a0diriger\u00a0cet\u00a0atelier?<br \/>\nM. JAGUELIN : La raison principale qui m\u2019a pouss\u00e9 \u00e0 prendre cette d\u00e9cision est la transmission du savoir aux \u00e9l\u00e8ves. Leur apprendre quelque chose de nouveau, et peut-\u00eatre m\u00eame faire vivre en eux une passion pour les percussions.<\/p>\n<p>3)\u00a0Qui\u00a0finance\u00a0ce\u00a0projet?<br \/>\nM. JAGUELIN : C\u2019est\u00a0le\u00a0coll\u00e8ge\u00a0qui\u00a0finance\u00a0ce\u00a0projet\u00a0(instruments,\u00a0salaire\u2026).<\/p>\n<p>4)\u00a0L\u2019atelier\u00a0a-t-il\u00a0rencontr\u00e9\u00a0beaucoup\u00a0de\u00a0succ\u00e8s\u00a0d\u00e8s\u00a0le\u00a0d\u00e9but?<br \/>\nM. JAGUELIN : Non, malheureusement il n&rsquo;a pas rencontr\u00e9 beaucoup de succ\u00e8s d\u00e8s le d\u00e9but, \u00e0 cause des horaires tardives.<\/p>\n<p>5)\u00a0Des\u00a0repr\u00e9sentations\u00a0sont-elles\u00a0envisag\u00e9es?\u00a0Si\u00a0oui\u00a0quand?<br \/>\nM. JAGUELIN : Oui, des repr\u00e9sentations sont pr\u00e9vues \u00e0 chaque occasion (carnaval, 21 d\u00e9cembre, fin d&rsquo;ann\u00e9e&#8230;)<\/p>\n<p>6)\u00a0Les\u00a0\u00e9l\u00e8ves\u00a0sont\u00a0ils\u00a0motiv\u00e9s?<br \/>\nM. JAGUELIN : La plupart d&rsquo;entre eux sont motiv\u00e9s, mais beaucoup ne viennent pas r\u00e9guli\u00e8rement. Depuis le d\u00e9but de l&rsquo;ann\u00e9e, la moiti\u00e9 des \u00e9l\u00e8ves inscrits ne viennent plus aux r\u00e9p\u00e9titions.<\/p>\n<p>7)\u00a0Est-ce\u00a0difficile\u00a0de\u00a0synchroniser\u00a0les\u00a0\u00e9l\u00e8ves?<br \/>\nM. JAGUELIN : Tout est une question de temps et de l&rsquo;am\u00e9lioration personnelle des \u00e9l\u00e8ves. Pour moi, ce n&rsquo;est pas difficile, c&rsquo;est pour eux qu&rsquo;il y a de la difficult\u00e9.<\/p>\n<p>Merci beaucoup, Monsieur Jaguelin, d&rsquo;avoir accept\u00e9 de r\u00e9pondre \u00e0 nos questions.<\/p>\n<p>Ensuite, nous avons r\u00e9alis\u00e9 un interview d&rsquo;un \u00e9l\u00e8ve participant \u00e0 l&rsquo;atelier \u00ab\u00a0Percussions\u00a0\u00bb mais qui souhaite rester anonyme.<\/p>\n<p>1) Qu&rsquo;est ce qui vous a donn\u00e9 l&rsquo;envie de participer \u00e0 cet atelier ? Comment en avez-vous pris connaissance ?<br \/>\n\u00c9l\u00e8ve : C&rsquo;est lorsque j&rsquo;ai entendu la premi\u00e8re repr\u00e9sentation, je me suis dit \u00abWouaw ! je veux faire \u00e7a !\u00bb. Puis il y avait aussi les affiches.<\/p>\n<p>2)\u00a0Est-ce\u00a0difficile ?<br \/>\n\u00c9l\u00e8ve : Personnellement, ce n&rsquo;est pas difficile, il faut juste avoir beaucoup de concentration et aimer le faire. Apr\u00e8s ce n&rsquo;est pas pareil pour tout le monde&#8230;<\/p>\n<p>3)\u00a0Comment\u00a0pourrait-on\u00a0am\u00e9liorer\u00a0l&rsquo;atelier \u00ab\u00a0Percussions\u00a0\u00bb ?<br \/>\n\u00c9l\u00e8ve : Je trouve que c&rsquo;est d\u00e9j\u00e0 bien, mais on pourrait peut-\u00eatre rajouter de nouveaux rythmes plus r\u00e9cents.<\/p>\n<p>4)\u00a0Quels\u00a0sont\u00a0les\u00a0instruments\u00a0utilis\u00e9s ?<br \/>\n\u00c9l\u00e8ve : Nous jouons avec des cloches, caisse-claires , sur-d\u2019eau, et des tambourines.<\/p>\n<p>Merci beaucoup \u00e0 vous, \u00c9l\u00e8ve Anonyme, d&rsquo;avoir accept\u00e9 de r\u00e9pondre \u00e0 nos questions.<\/p>\n<p>Voil\u00e0, cet article est termin\u00e9, nous esp\u00e9rons sinc\u00e8rement qu&rsquo;il vous a plu. D\u00e9sormais vous connaissez l&rsquo;atelier percussion et nous serons ravi de constater que de nouveaux \u00e9l\u00e8ves l&rsquo;ont rejoint.<br \/>\nNous vous remercions de tout c\u0153ur d&rsquo;avoir lu, et sommes press\u00e9s de vous retrouver pour un nouvel\u00a0article.<\/p>\n<p style=\"text-align: right\"><em>Interviews et reportage effectu\u00e9s par Shanandra Pitou et Cynthia Plante.<\/em><\/p>\n","protected":false},"excerpt":{"rendered":"<p>L\u2019atelier radio multim\u00e9dia est ravi de vous pr\u00e9senter cet article qui parle de l\u2019atelier \u00ab\u00a0Percussions\u00a0\u00bb, pour vous faire d\u00e9couvrir les \u00abcoulisses\u00bb des repr\u00e9sentations effectu\u00e9es dans notre coll\u00e8ge. Chaque mercredi de [&hellip;]<\/p>\n","protected":false},"author":178,"featured_media":1037,"comment_status":"closed","ping_status":"open","sticky":false,"template":"","format":"standard","meta":{"_et_pb_use_builder":"","_et_pb_old_content":"","_et_gb_content_width":"","_EventAllDay":false,"_EventTimezone":"","_EventStartDate":"","_EventEndDate":"","_EventStartDateUTC":"","_EventEndDateUTC":"","_EventShowMap":false,"_EventShowMapLink":false,"_EventURL":"","_EventCost":"","_EventCostDescription":"","_EventCurrencySymbol":"","_EventCurrencyCode":"","_EventCurrencyPosition":"","_EventDateTimeSeparator":"","_EventTimeRangeSeparator":"","_EventOrganizerID":[],"_EventVenueID":[],"_OrganizerEmail":"","_OrganizerPhone":"","_OrganizerWebsite":"","_VenueAddress":"","_VenueCity":"","_VenueCountry":"","_VenueProvince":"","_VenueState":"","_VenueZip":"","_VenuePhone":"","_VenueURL":"","_VenueStateProvince":"","_VenueLat":"","_VenueLng":"","_VenueShowMap":false,"_VenueShowMapLink":false,"footnotes":"","_links_to":"","_links_to_target":""},"categories":[1,22],"tags":[],"class_list":["post-1035","post","type-post","status-publish","format-standard","has-post-thumbnail","hentry","category-non-classe","category-atelier-multimedia"],"_links":{"self":[{"href":"https:\/\/etab.ac-reunion.fr\/clg-chemin-morin\/wp-json\/wp\/v2\/posts\/1035","targetHints":{"allow":["GET"]}}],"collection":[{"href":"https:\/\/etab.ac-reunion.fr\/clg-chemin-morin\/wp-json\/wp\/v2\/posts"}],"about":[{"href":"https:\/\/etab.ac-reunion.fr\/clg-chemin-morin\/wp-json\/wp\/v2\/types\/post"}],"author":[{"embeddable":true,"href":"https:\/\/etab.ac-reunion.fr\/clg-chemin-morin\/wp-json\/wp\/v2\/users\/178"}],"replies":[{"embeddable":true,"href":"https:\/\/etab.ac-reunion.fr\/clg-chemin-morin\/wp-json\/wp\/v2\/comments?post=1035"}],"version-history":[{"count":2,"href":"https:\/\/etab.ac-reunion.fr\/clg-chemin-morin\/wp-json\/wp\/v2\/posts\/1035\/revisions"}],"predecessor-version":[{"id":1038,"href":"https:\/\/etab.ac-reunion.fr\/clg-chemin-morin\/wp-json\/wp\/v2\/posts\/1035\/revisions\/1038"}],"wp:featuredmedia":[{"embeddable":true,"href":"https:\/\/etab.ac-reunion.fr\/clg-chemin-morin\/wp-json\/wp\/v2\/media\/1037"}],"wp:attachment":[{"href":"https:\/\/etab.ac-reunion.fr\/clg-chemin-morin\/wp-json\/wp\/v2\/media?parent=1035"}],"wp:term":[{"taxonomy":"category","embeddable":true,"href":"https:\/\/etab.ac-reunion.fr\/clg-chemin-morin\/wp-json\/wp\/v2\/categories?post=1035"},{"taxonomy":"post_tag","embeddable":true,"href":"https:\/\/etab.ac-reunion.fr\/clg-chemin-morin\/wp-json\/wp\/v2\/tags?post=1035"}],"curies":[{"name":"wp","href":"https:\/\/api.w.org\/{rel}","templated":true}]}}