{"id":1039,"date":"2018-05-03T14:18:25","date_gmt":"2018-05-03T10:18:25","guid":{"rendered":"http:\/\/college-chemin-morin.ac-reunion.fr\/?p=1039"},"modified":"2018-05-15T20:12:07","modified_gmt":"2018-05-15T16:12:07","slug":"concours-de-unes-2018","status":"publish","type":"post","link":"https:\/\/etab.ac-reunion.fr\/clg-chemin-morin\/concours-de-unes-2018\/","title":{"rendered":"Concours de Unes 2018"},"content":{"rendered":"<p>Le concours de Unes est organis\u00e9 dans le cadre de la Semaine de la Presse et des M\u00e9dias dans l&rsquo;Ecole. Il invite les coll\u00e9giens et lyc\u00e9ens de La R\u00e9union \u00e0 r\u00e9aliser une Une de journal \u00e0 partir d&rsquo;\u00e9l\u00e9ments (articles, photos, logos&#8230;) mis \u00e0 disposition par le journal Le Quotidien.<\/p>\n<p>Cette ann\u00e9e, les \u00e9l\u00e8ves de 402 ont particip\u00e9 \u00e0 ce concours avec Mme SALVAT-GUILBAUD, professeure de fran\u00e7ais, et Mme NATIVEL, professeure-documentaliste. Ils ont travaill\u00e9 par groupes de 3 ou 4 \u00e9l\u00e8ves et ont produit 7 Unes.<\/p>\n<p>Le travail fourni a pay\u00e9 puisque deux groupes sont laur\u00e9ats de la cat\u00e9gorie 4\u00e8me\/3\u00e8me du concours :<\/p>\n<ul>\n<li>2\u00e8me place pour ANDRIANANJASOA Sabia, DESBY Yvan, LANTIN Mogane et THERMEA Dylan<\/li>\n<li>4\u00e8me place pour ALI Toufiani, AMOUNY Anne-Laure, CAVILLOT Phoebe et DALLEAU Yorana<\/li>\n<\/ul>\n<p>Bravo \u00e0 toute la classe pour son implication et son s\u00e9rieux. F\u00e9licitations aux laur\u00e9ats !<\/p>\n<p>Pour d\u00e9couvrir tous les laur\u00e9ats du Concours de Unes 2018, rendez-vous en bas de la page qui lui est consacr\u00e9e sur le site du CLEMI de\u00a0 La R\u00e9union :\u00a0<a href=\"http:\/\/crdp.re\/clemi\/concours-de-unes-2017-2018\/\">http:\/\/crdp.re\/clemi\/concours-de-unes-2017-2018\/<\/a><\/p>\n\n\t\t<style type=\"text\/css\">\n\t\t\t#gallery-1 {\n\t\t\t\tmargin: auto;\n\t\t\t}\n\t\t\t#gallery-1 .gallery-item {\n\t\t\t\tfloat: left;\n\t\t\t\tmargin-top: 10px;\n\t\t\t\ttext-align: center;\n\t\t\t\twidth: 33%;\n\t\t\t}\n\t\t\t#gallery-1 img {\n\t\t\t\tborder: 2px solid #cfcfcf;\n\t\t\t}\n\t\t\t#gallery-1 .gallery-caption {\n\t\t\t\tmargin-left: 0;\n\t\t\t}\n\t\t\t\/* see gallery_shortcode() in wp-includes\/media.php *\/\n\t\t<\/style>\n\t\t<div id='gallery-1' class='gallery galleryid-1039 gallery-columns-3 gallery-size-thumbnail'><dl class='gallery-item'>\n\t\t\t<dt class='gallery-icon portrait'>\n\t\t\t\t<a href='https:\/\/etab.ac-reunion.fr\/clg-chemin-morin\/wp-content\/uploads\/sites\/38\/2018\/05\/Nalem-Jordan-Sautron-Mattia-Radene-Ratane-Dorian.jpg'><img loading=\"lazy\" decoding=\"async\" width=\"150\" height=\"150\" src=\"https:\/\/etab.ac-reunion.fr\/clg-chemin-morin\/wp-content\/uploads\/sites\/38\/2018\/05\/Nalem-Jordan-Sautron-Mattia-Radene-Ratane-Dorian-150x150.jpg\" class=\"attachment-thumbnail size-thumbnail\" alt=\"\" aria-describedby=\"gallery-1-1047\" srcset=\"https:\/\/etab.ac-reunion.fr\/clg-chemin-morin\/wp-content\/uploads\/sites\/38\/2018\/05\/Nalem-Jordan-Sautron-Mattia-Radene-Ratane-Dorian-150x150.jpg 150w, https:\/\/etab.ac-reunion.fr\/clg-chemin-morin\/wp-content\/uploads\/sites\/38\/2018\/05\/Nalem-Jordan-Sautron-Mattia-Radene-Ratane-Dorian-200x200.jpg 200w, https:\/\/etab.ac-reunion.fr\/clg-chemin-morin\/wp-content\/uploads\/sites\/38\/2018\/05\/Nalem-Jordan-Sautron-Mattia-Radene-Ratane-Dorian-130x130.jpg 130w, https:\/\/etab.ac-reunion.fr\/clg-chemin-morin\/wp-content\/uploads\/sites\/38\/2018\/05\/Nalem-Jordan-Sautron-Mattia-Radene-Ratane-Dorian-67x67.jpg 67w, https:\/\/etab.ac-reunion.fr\/clg-chemin-morin\/wp-content\/uploads\/sites\/38\/2018\/05\/Nalem-Jordan-Sautron-Mattia-Radene-Ratane-Dorian-40x40.jpg 40w, https:\/\/etab.ac-reunion.fr\/clg-chemin-morin\/wp-content\/uploads\/sites\/38\/2018\/05\/Nalem-Jordan-Sautron-Mattia-Radene-Ratane-Dorian-184x184.jpg 184w\" sizes=\"(max-width: 150px) 100vw, 150px\" \/><\/a>\n\t\t\t<\/dt>\n\t\t\t\t<dd class='wp-caption-text gallery-caption' id='gallery-1-1047'>\n\t\t\t\tpar Jordan Nalem, Mattia Sautron et Dorian Radene-Ratane\n\t\t\t\t<\/dd><\/dl><dl class='gallery-item'>\n\t\t\t<dt class='gallery-icon portrait'>\n\t\t\t\t<a href='https:\/\/etab.ac-reunion.fr\/clg-chemin-morin\/wp-content\/uploads\/sites\/38\/2018\/05\/Fung-Kwok-Chine-Naya-Lantin-Kumaran-Roulof-C\u00e9dric.jpg'><img loading=\"lazy\" decoding=\"async\" width=\"150\" height=\"150\" src=\"https:\/\/etab.ac-reunion.fr\/clg-chemin-morin\/wp-content\/uploads\/sites\/38\/2018\/05\/Fung-Kwok-Chine-Naya-Lantin-Kumaran-Roulof-C\u00e9dric-150x150.jpg\" class=\"attachment-thumbnail size-thumbnail\" alt=\"\" aria-describedby=\"gallery-1-1046\" srcset=\"https:\/\/etab.ac-reunion.fr\/clg-chemin-morin\/wp-content\/uploads\/sites\/38\/2018\/05\/Fung-Kwok-Chine-Naya-Lantin-Kumaran-Roulof-C\u00e9dric-150x150.jpg 150w, https:\/\/etab.ac-reunion.fr\/clg-chemin-morin\/wp-content\/uploads\/sites\/38\/2018\/05\/Fung-Kwok-Chine-Naya-Lantin-Kumaran-Roulof-C\u00e9dric-200x200.jpg 200w, https:\/\/etab.ac-reunion.fr\/clg-chemin-morin\/wp-content\/uploads\/sites\/38\/2018\/05\/Fung-Kwok-Chine-Naya-Lantin-Kumaran-Roulof-C\u00e9dric-130x130.jpg 130w, https:\/\/etab.ac-reunion.fr\/clg-chemin-morin\/wp-content\/uploads\/sites\/38\/2018\/05\/Fung-Kwok-Chine-Naya-Lantin-Kumaran-Roulof-C\u00e9dric-67x67.jpg 67w, https:\/\/etab.ac-reunion.fr\/clg-chemin-morin\/wp-content\/uploads\/sites\/38\/2018\/05\/Fung-Kwok-Chine-Naya-Lantin-Kumaran-Roulof-C\u00e9dric-40x40.jpg 40w, https:\/\/etab.ac-reunion.fr\/clg-chemin-morin\/wp-content\/uploads\/sites\/38\/2018\/05\/Fung-Kwok-Chine-Naya-Lantin-Kumaran-Roulof-C\u00e9dric-184x184.jpg 184w\" sizes=\"(max-width: 150px) 100vw, 150px\" \/><\/a>\n\t\t\t<\/dt>\n\t\t\t\t<dd class='wp-caption-text gallery-caption' id='gallery-1-1046'>\n\t\t\t\tpar Naya Fung Kwok Chine, Kumaran Lantin et C\u00e9dric Roulof\n\t\t\t\t<\/dd><\/dl><dl class='gallery-item'>\n\t\t\t<dt class='gallery-icon portrait'>\n\t\t\t\t<a href='https:\/\/etab.ac-reunion.fr\/clg-chemin-morin\/wp-content\/uploads\/sites\/38\/2018\/05\/Cariny-No\u00ebline-Greze-Keylliah-Zafinedravoul-Kasidy.jpg'><img loading=\"lazy\" decoding=\"async\" width=\"150\" height=\"150\" src=\"https:\/\/etab.ac-reunion.fr\/clg-chemin-morin\/wp-content\/uploads\/sites\/38\/2018\/05\/Cariny-No\u00ebline-Greze-Keylliah-Zafinedravoul-Kasidy-150x150.jpg\" class=\"attachment-thumbnail size-thumbnail\" alt=\"\" aria-describedby=\"gallery-1-1045\" srcset=\"https:\/\/etab.ac-reunion.fr\/clg-chemin-morin\/wp-content\/uploads\/sites\/38\/2018\/05\/Cariny-No\u00ebline-Greze-Keylliah-Zafinedravoul-Kasidy-150x150.jpg 150w, https:\/\/etab.ac-reunion.fr\/clg-chemin-morin\/wp-content\/uploads\/sites\/38\/2018\/05\/Cariny-No\u00ebline-Greze-Keylliah-Zafinedravoul-Kasidy-200x200.jpg 200w, https:\/\/etab.ac-reunion.fr\/clg-chemin-morin\/wp-content\/uploads\/sites\/38\/2018\/05\/Cariny-No\u00ebline-Greze-Keylliah-Zafinedravoul-Kasidy-130x130.jpg 130w, https:\/\/etab.ac-reunion.fr\/clg-chemin-morin\/wp-content\/uploads\/sites\/38\/2018\/05\/Cariny-No\u00ebline-Greze-Keylliah-Zafinedravoul-Kasidy-67x67.jpg 67w, https:\/\/etab.ac-reunion.fr\/clg-chemin-morin\/wp-content\/uploads\/sites\/38\/2018\/05\/Cariny-No\u00ebline-Greze-Keylliah-Zafinedravoul-Kasidy-40x40.jpg 40w, https:\/\/etab.ac-reunion.fr\/clg-chemin-morin\/wp-content\/uploads\/sites\/38\/2018\/05\/Cariny-No\u00ebline-Greze-Keylliah-Zafinedravoul-Kasidy-184x184.jpg 184w\" sizes=\"(max-width: 150px) 100vw, 150px\" \/><\/a>\n\t\t\t<\/dt>\n\t\t\t\t<dd class='wp-caption-text gallery-caption' id='gallery-1-1045'>\n\t\t\t\tpar No\u00ebline Cariny, Keylliah Greze et Kasidy Zafinedravoul\n\t\t\t\t<\/dd><\/dl><br style=\"clear: both\" \/><dl class='gallery-item'>\n\t\t\t<dt class='gallery-icon portrait'>\n\t\t\t\t<a href='https:\/\/etab.ac-reunion.fr\/clg-chemin-morin\/wp-content\/uploads\/sites\/38\/2018\/05\/Calimoutou-Coraly-Fontaine-Ludivine-Catan-Killian-Bundhoo-Vanessa.jpg'><img loading=\"lazy\" decoding=\"async\" width=\"150\" height=\"150\" src=\"https:\/\/etab.ac-reunion.fr\/clg-chemin-morin\/wp-content\/uploads\/sites\/38\/2018\/05\/Calimoutou-Coraly-Fontaine-Ludivine-Catan-Killian-Bundhoo-Vanessa-150x150.jpg\" class=\"attachment-thumbnail size-thumbnail\" alt=\"\" aria-describedby=\"gallery-1-1044\" srcset=\"https:\/\/etab.ac-reunion.fr\/clg-chemin-morin\/wp-content\/uploads\/sites\/38\/2018\/05\/Calimoutou-Coraly-Fontaine-Ludivine-Catan-Killian-Bundhoo-Vanessa-150x150.jpg 150w, https:\/\/etab.ac-reunion.fr\/clg-chemin-morin\/wp-content\/uploads\/sites\/38\/2018\/05\/Calimoutou-Coraly-Fontaine-Ludivine-Catan-Killian-Bundhoo-Vanessa-200x200.jpg 200w, https:\/\/etab.ac-reunion.fr\/clg-chemin-morin\/wp-content\/uploads\/sites\/38\/2018\/05\/Calimoutou-Coraly-Fontaine-Ludivine-Catan-Killian-Bundhoo-Vanessa-130x130.jpg 130w, https:\/\/etab.ac-reunion.fr\/clg-chemin-morin\/wp-content\/uploads\/sites\/38\/2018\/05\/Calimoutou-Coraly-Fontaine-Ludivine-Catan-Killian-Bundhoo-Vanessa-67x67.jpg 67w, https:\/\/etab.ac-reunion.fr\/clg-chemin-morin\/wp-content\/uploads\/sites\/38\/2018\/05\/Calimoutou-Coraly-Fontaine-Ludivine-Catan-Killian-Bundhoo-Vanessa-40x40.jpg 40w, https:\/\/etab.ac-reunion.fr\/clg-chemin-morin\/wp-content\/uploads\/sites\/38\/2018\/05\/Calimoutou-Coraly-Fontaine-Ludivine-Catan-Killian-Bundhoo-Vanessa-184x184.jpg 184w\" sizes=\"(max-width: 150px) 100vw, 150px\" \/><\/a>\n\t\t\t<\/dt>\n\t\t\t\t<dd class='wp-caption-text gallery-caption' id='gallery-1-1044'>\n\t\t\t\tpar Vanessa Bundhoo, Coraly Calimoutou, Ludivine Fontaine et Killian Catan\n\t\t\t\t<\/dd><\/dl><dl class='gallery-item'>\n\t\t\t<dt class='gallery-icon portrait'>\n\t\t\t\t<a href='https:\/\/etab.ac-reunion.fr\/clg-chemin-morin\/wp-content\/uploads\/sites\/38\/2018\/05\/Basque-Noha-Hoareau-Laurine-Techer-Camille-Virapatrin-Devy.jpg'><img loading=\"lazy\" decoding=\"async\" width=\"150\" height=\"150\" src=\"https:\/\/etab.ac-reunion.fr\/clg-chemin-morin\/wp-content\/uploads\/sites\/38\/2018\/05\/Basque-Noha-Hoareau-Laurine-Techer-Camille-Virapatrin-Devy-150x150.jpg\" class=\"attachment-thumbnail size-thumbnail\" alt=\"\" aria-describedby=\"gallery-1-1043\" srcset=\"https:\/\/etab.ac-reunion.fr\/clg-chemin-morin\/wp-content\/uploads\/sites\/38\/2018\/05\/Basque-Noha-Hoareau-Laurine-Techer-Camille-Virapatrin-Devy-150x150.jpg 150w, https:\/\/etab.ac-reunion.fr\/clg-chemin-morin\/wp-content\/uploads\/sites\/38\/2018\/05\/Basque-Noha-Hoareau-Laurine-Techer-Camille-Virapatrin-Devy-200x200.jpg 200w, https:\/\/etab.ac-reunion.fr\/clg-chemin-morin\/wp-content\/uploads\/sites\/38\/2018\/05\/Basque-Noha-Hoareau-Laurine-Techer-Camille-Virapatrin-Devy-130x130.jpg 130w, https:\/\/etab.ac-reunion.fr\/clg-chemin-morin\/wp-content\/uploads\/sites\/38\/2018\/05\/Basque-Noha-Hoareau-Laurine-Techer-Camille-Virapatrin-Devy-67x67.jpg 67w, https:\/\/etab.ac-reunion.fr\/clg-chemin-morin\/wp-content\/uploads\/sites\/38\/2018\/05\/Basque-Noha-Hoareau-Laurine-Techer-Camille-Virapatrin-Devy-40x40.jpg 40w, https:\/\/etab.ac-reunion.fr\/clg-chemin-morin\/wp-content\/uploads\/sites\/38\/2018\/05\/Basque-Noha-Hoareau-Laurine-Techer-Camille-Virapatrin-Devy-184x184.jpg 184w\" sizes=\"(max-width: 150px) 100vw, 150px\" \/><\/a>\n\t\t\t<\/dt>\n\t\t\t\t<dd class='wp-caption-text gallery-caption' id='gallery-1-1043'>\n\t\t\t\tpar Laurine Hoareau, Camille Techer, Devy Virapatrin et Noha Basque \n\t\t\t\t<\/dd><\/dl><dl class='gallery-item'>\n\t\t\t<dt class='gallery-icon portrait'>\n\t\t\t\t<a href='https:\/\/etab.ac-reunion.fr\/clg-chemin-morin\/wp-content\/uploads\/sites\/38\/2018\/05\/Andriananjasoa-Sabia-Desby-Yvan-Lantin-Mogane-Therm\u00e9a-Dylan.jpg'><img loading=\"lazy\" decoding=\"async\" width=\"150\" height=\"150\" src=\"https:\/\/etab.ac-reunion.fr\/clg-chemin-morin\/wp-content\/uploads\/sites\/38\/2018\/05\/Andriananjasoa-Sabia-Desby-Yvan-Lantin-Mogane-Therm\u00e9a-Dylan-150x150.jpg\" class=\"attachment-thumbnail size-thumbnail\" alt=\"\" aria-describedby=\"gallery-1-1042\" srcset=\"https:\/\/etab.ac-reunion.fr\/clg-chemin-morin\/wp-content\/uploads\/sites\/38\/2018\/05\/Andriananjasoa-Sabia-Desby-Yvan-Lantin-Mogane-Therm\u00e9a-Dylan-150x150.jpg 150w, https:\/\/etab.ac-reunion.fr\/clg-chemin-morin\/wp-content\/uploads\/sites\/38\/2018\/05\/Andriananjasoa-Sabia-Desby-Yvan-Lantin-Mogane-Therm\u00e9a-Dylan-200x200.jpg 200w, https:\/\/etab.ac-reunion.fr\/clg-chemin-morin\/wp-content\/uploads\/sites\/38\/2018\/05\/Andriananjasoa-Sabia-Desby-Yvan-Lantin-Mogane-Therm\u00e9a-Dylan-130x130.jpg 130w, https:\/\/etab.ac-reunion.fr\/clg-chemin-morin\/wp-content\/uploads\/sites\/38\/2018\/05\/Andriananjasoa-Sabia-Desby-Yvan-Lantin-Mogane-Therm\u00e9a-Dylan-67x67.jpg 67w, https:\/\/etab.ac-reunion.fr\/clg-chemin-morin\/wp-content\/uploads\/sites\/38\/2018\/05\/Andriananjasoa-Sabia-Desby-Yvan-Lantin-Mogane-Therm\u00e9a-Dylan-40x40.jpg 40w, https:\/\/etab.ac-reunion.fr\/clg-chemin-morin\/wp-content\/uploads\/sites\/38\/2018\/05\/Andriananjasoa-Sabia-Desby-Yvan-Lantin-Mogane-Therm\u00e9a-Dylan-184x184.jpg 184w\" sizes=\"(max-width: 150px) 100vw, 150px\" \/><\/a>\n\t\t\t<\/dt>\n\t\t\t\t<dd class='wp-caption-text gallery-caption' id='gallery-1-1042'>\n\t\t\t\tpar Sabia Andriananjasoa, Yvan Desby, Mogane Lantin et Dylan Therm\u00e9a, 2\u00e8me place de la cat\u00e9gorie 4\u00e8me\/3\u00e8me\n\t\t\t\t<\/dd><\/dl><br style=\"clear: both\" \/><dl class='gallery-item'>\n\t\t\t<dt class='gallery-icon portrait'>\n\t\t\t\t<a href='https:\/\/etab.ac-reunion.fr\/clg-chemin-morin\/wp-content\/uploads\/sites\/38\/2018\/05\/Amouny-Anne-Laure-Cavillot-Phoebe-Dalleau-Yorana-Ali-Toufiani.jpg'><img loading=\"lazy\" decoding=\"async\" width=\"150\" height=\"150\" src=\"https:\/\/etab.ac-reunion.fr\/clg-chemin-morin\/wp-content\/uploads\/sites\/38\/2018\/05\/Amouny-Anne-Laure-Cavillot-Phoebe-Dalleau-Yorana-Ali-Toufiani-150x150.jpg\" class=\"attachment-thumbnail size-thumbnail\" alt=\"\" aria-describedby=\"gallery-1-1041\" srcset=\"https:\/\/etab.ac-reunion.fr\/clg-chemin-morin\/wp-content\/uploads\/sites\/38\/2018\/05\/Amouny-Anne-Laure-Cavillot-Phoebe-Dalleau-Yorana-Ali-Toufiani-150x150.jpg 150w, https:\/\/etab.ac-reunion.fr\/clg-chemin-morin\/wp-content\/uploads\/sites\/38\/2018\/05\/Amouny-Anne-Laure-Cavillot-Phoebe-Dalleau-Yorana-Ali-Toufiani-200x200.jpg 200w, https:\/\/etab.ac-reunion.fr\/clg-chemin-morin\/wp-content\/uploads\/sites\/38\/2018\/05\/Amouny-Anne-Laure-Cavillot-Phoebe-Dalleau-Yorana-Ali-Toufiani-130x130.jpg 130w, https:\/\/etab.ac-reunion.fr\/clg-chemin-morin\/wp-content\/uploads\/sites\/38\/2018\/05\/Amouny-Anne-Laure-Cavillot-Phoebe-Dalleau-Yorana-Ali-Toufiani-67x67.jpg 67w, https:\/\/etab.ac-reunion.fr\/clg-chemin-morin\/wp-content\/uploads\/sites\/38\/2018\/05\/Amouny-Anne-Laure-Cavillot-Phoebe-Dalleau-Yorana-Ali-Toufiani-40x40.jpg 40w, https:\/\/etab.ac-reunion.fr\/clg-chemin-morin\/wp-content\/uploads\/sites\/38\/2018\/05\/Amouny-Anne-Laure-Cavillot-Phoebe-Dalleau-Yorana-Ali-Toufiani-184x184.jpg 184w\" sizes=\"(max-width: 150px) 100vw, 150px\" \/><\/a>\n\t\t\t<\/dt>\n\t\t\t\t<dd class='wp-caption-text gallery-caption' id='gallery-1-1041'>\n\t\t\t\tpar Anne-Laure Amouny, Phoebe Cavillot, Yorana Dalleau et Toufiani Ali, 4\u00e8me place de la cat\u00e9gorie 4\u00e8me\/3\u00e8me\n\t\t\t\t<\/dd><\/dl>\n\t\t\t<br style='clear: both' \/>\n\t\t<\/div>\n\n<p>&nbsp;<\/p>\n","protected":false},"excerpt":{"rendered":"<p>Le concours de Unes est organis\u00e9 dans le cadre de la Semaine de la Presse et des M\u00e9dias dans l&rsquo;Ecole. Il invite les coll\u00e9giens et lyc\u00e9ens de La R\u00e9union \u00e0 [&hellip;]<\/p>\n","protected":false},"author":178,"featured_media":1042,"comment_status":"closed","ping_status":"open","sticky":false,"template":"","format":"standard","meta":{"_et_pb_use_builder":"","_et_pb_old_content":"","_et_gb_content_width":"","_EventAllDay":false,"_EventTimezone":"","_EventStartDate":"","_EventEndDate":"","_EventStartDateUTC":"","_EventEndDateUTC":"","_EventShowMap":false,"_EventShowMapLink":false,"_EventURL":"","_EventCost":"","_EventCostDescription":"","_EventCurrencySymbol":"","_EventCurrencyCode":"","_EventCurrencyPosition":"","_EventDateTimeSeparator":"","_EventTimeRangeSeparator":"","_EventOrganizerID":[],"_EventVenueID":[],"_OrganizerEmail":"","_OrganizerPhone":"","_OrganizerWebsite":"","_VenueAddress":"","_VenueCity":"","_VenueCountry":"","_VenueProvince":"","_VenueState":"","_VenueZip":"","_VenuePhone":"","_VenueURL":"","_VenueStateProvince":"","_VenueLat":"","_VenueLng":"","_VenueShowMap":false,"_VenueShowMapLink":false,"footnotes":"","_links_to":"","_links_to_target":""},"categories":[1,16],"tags":[],"class_list":["post-1039","post","type-post","status-publish","format-standard","has-post-thumbnail","hentry","category-non-classe","category-vie-du-college"],"_links":{"self":[{"href":"https:\/\/etab.ac-reunion.fr\/clg-chemin-morin\/wp-json\/wp\/v2\/posts\/1039","targetHints":{"allow":["GET"]}}],"collection":[{"href":"https:\/\/etab.ac-reunion.fr\/clg-chemin-morin\/wp-json\/wp\/v2\/posts"}],"about":[{"href":"https:\/\/etab.ac-reunion.fr\/clg-chemin-morin\/wp-json\/wp\/v2\/types\/post"}],"author":[{"embeddable":true,"href":"https:\/\/etab.ac-reunion.fr\/clg-chemin-morin\/wp-json\/wp\/v2\/users\/178"}],"replies":[{"embeddable":true,"href":"https:\/\/etab.ac-reunion.fr\/clg-chemin-morin\/wp-json\/wp\/v2\/comments?post=1039"}],"version-history":[{"count":3,"href":"https:\/\/etab.ac-reunion.fr\/clg-chemin-morin\/wp-json\/wp\/v2\/posts\/1039\/revisions"}],"predecessor-version":[{"id":1049,"href":"https:\/\/etab.ac-reunion.fr\/clg-chemin-morin\/wp-json\/wp\/v2\/posts\/1039\/revisions\/1049"}],"wp:featuredmedia":[{"embeddable":true,"href":"https:\/\/etab.ac-reunion.fr\/clg-chemin-morin\/wp-json\/wp\/v2\/media\/1042"}],"wp:attachment":[{"href":"https:\/\/etab.ac-reunion.fr\/clg-chemin-morin\/wp-json\/wp\/v2\/media?parent=1039"}],"wp:term":[{"taxonomy":"category","embeddable":true,"href":"https:\/\/etab.ac-reunion.fr\/clg-chemin-morin\/wp-json\/wp\/v2\/categories?post=1039"},{"taxonomy":"post_tag","embeddable":true,"href":"https:\/\/etab.ac-reunion.fr\/clg-chemin-morin\/wp-json\/wp\/v2\/tags?post=1039"}],"curies":[{"name":"wp","href":"https:\/\/api.w.org\/{rel}","templated":true}]}}