{"id":1084,"date":"2018-06-11T08:25:52","date_gmt":"2018-06-11T04:25:52","guid":{"rendered":"http:\/\/college-chemin-morin.ac-reunion.fr\/?p=1084"},"modified":"2018-06-11T08:25:59","modified_gmt":"2018-06-11T04:25:59","slug":"les-benjamins-du-college-morin-champions-de-lest","status":"publish","type":"post","link":"https:\/\/etab.ac-reunion.fr\/clg-chemin-morin\/les-benjamins-du-college-morin-champions-de-lest\/","title":{"rendered":"Les benjamins du coll\u00e8ge MORIN champions de l\u2019Est !!!"},"content":{"rendered":"<p>Ce mercredi 30 mai avaient lieu les finales district pour les benjamins (\u00e9l\u00e8ves de 6<sup>\u00e8me<\/sup> et 5<sup>\u00e8me<\/sup>) en badminton. La comp\u00e9tition se d\u00e9roulait au coll\u00e8ge de Quartier fran\u00e7ais et les meilleures \u00e9quipes des coll\u00e8ges de l\u2019Est \u00e9taient r\u00e9unies pour se qualifier aux finales acad\u00e9miques.<\/p>\n<p>L\u2019\u00e9tablissement \u00e9tait repr\u00e9sent\u00e9 par les \u00e9l\u00e8ves de la classe de 501 suivants\u00a0:<\/p>\n<ul>\n<li>Quentin THIEBAULT<\/li>\n<li>Thibault GALLISSIAZ<\/li>\n<li>Rassimina MOUZAOIR<\/li>\n<li>Camille MIRANVILLE<\/li>\n<\/ul>\n<p>Les \u00e9l\u00e8ves de 301 fra\u00eechement rentr\u00e9s de leur finale du Championnat de France \u00e9taient venus pour les conseiller\u00a0:<\/p>\n<ul>\n<li>Karen HEEKENG<\/li>\n<li>Wilson VILPONT<\/li>\n<\/ul>\n<p>&nbsp;<\/p>\n<p>A la fin de l\u2019apr\u00e8s-midi, nos \u00e9l\u00e8ves sont sortis invaincus. L\u2019\u00e9quipe excellence (section sportive) a bien repr\u00e9sent\u00e9 le coll\u00e8ge malgr\u00e9 l\u2019absence de l\u2019\u00e9quipe \u00e9tablissement dont les membres ne sont pas en section sportive.<\/p>\n<p>Une fois nos \u00e9l\u00e8ves m\u00e9daill\u00e9s et le go\u00fbter pris, ils sont rentr\u00e9s au coll\u00e8ge pour se pr\u00e9parer \u00e0 disputer un titre de champion de La R\u00e9union en benjamins.<\/p>\n\n\t\t<style type=\"text\/css\">\n\t\t\t#gallery-1 {\n\t\t\t\tmargin: auto;\n\t\t\t}\n\t\t\t#gallery-1 .gallery-item {\n\t\t\t\tfloat: left;\n\t\t\t\tmargin-top: 10px;\n\t\t\t\ttext-align: center;\n\t\t\t\twidth: 33%;\n\t\t\t}\n\t\t\t#gallery-1 img {\n\t\t\t\tborder: 2px solid #cfcfcf;\n\t\t\t}\n\t\t\t#gallery-1 .gallery-caption {\n\t\t\t\tmargin-left: 0;\n\t\t\t}\n\t\t\t\/* see gallery_shortcode() in wp-includes\/media.php *\/\n\t\t<\/style>\n\t\t<div id='gallery-1' class='gallery galleryid-1084 gallery-columns-3 gallery-size-thumbnail'><dl class='gallery-item'>\n\t\t\t<dt class='gallery-icon landscape'>\n\t\t\t\t<a href='https:\/\/etab.ac-reunion.fr\/clg-chemin-morin\/les-benjamins-du-college-morin-champions-de-lest\/podium-finales-district-unss-bad-benj\/'><img loading=\"lazy\" decoding=\"async\" width=\"150\" height=\"150\" src=\"https:\/\/etab.ac-reunion.fr\/clg-chemin-morin\/wp-content\/uploads\/sites\/38\/2018\/06\/Podium-Finales-District-UNSS-Bad-Benj-150x150.jpg\" class=\"attachment-thumbnail size-thumbnail\" alt=\"\" srcset=\"https:\/\/etab.ac-reunion.fr\/clg-chemin-morin\/wp-content\/uploads\/sites\/38\/2018\/06\/Podium-Finales-District-UNSS-Bad-Benj-150x150.jpg 150w, https:\/\/etab.ac-reunion.fr\/clg-chemin-morin\/wp-content\/uploads\/sites\/38\/2018\/06\/Podium-Finales-District-UNSS-Bad-Benj-200x200.jpg 200w, https:\/\/etab.ac-reunion.fr\/clg-chemin-morin\/wp-content\/uploads\/sites\/38\/2018\/06\/Podium-Finales-District-UNSS-Bad-Benj-130x130.jpg 130w, https:\/\/etab.ac-reunion.fr\/clg-chemin-morin\/wp-content\/uploads\/sites\/38\/2018\/06\/Podium-Finales-District-UNSS-Bad-Benj-67x67.jpg 67w, https:\/\/etab.ac-reunion.fr\/clg-chemin-morin\/wp-content\/uploads\/sites\/38\/2018\/06\/Podium-Finales-District-UNSS-Bad-Benj-40x40.jpg 40w, https:\/\/etab.ac-reunion.fr\/clg-chemin-morin\/wp-content\/uploads\/sites\/38\/2018\/06\/Podium-Finales-District-UNSS-Bad-Benj-184x184.jpg 184w\" sizes=\"(max-width: 150px) 100vw, 150px\" \/><\/a>\n\t\t\t<\/dt><\/dl>\n\t\t\t<br style='clear: both' \/>\n\t\t<\/div>\n\n","protected":false},"excerpt":{"rendered":"<p>Ce mercredi 30 mai avaient lieu les finales district pour les benjamins (\u00e9l\u00e8ves de 6\u00e8me et 5\u00e8me) en badminton. La comp\u00e9tition se d\u00e9roulait au coll\u00e8ge de Quartier fran\u00e7ais et les [&hellip;]<\/p>\n","protected":false},"author":13978,"featured_media":1086,"comment_status":"closed","ping_status":"open","sticky":false,"template":"","format":"standard","meta":{"_et_pb_use_builder":"","_et_pb_old_content":"","_et_gb_content_width":"","_EventAllDay":false,"_EventTimezone":"","_EventStartDate":"","_EventEndDate":"","_EventStartDateUTC":"","_EventEndDateUTC":"","_EventShowMap":false,"_EventShowMapLink":false,"_EventURL":"","_EventCost":"","_EventCostDescription":"","_EventCurrencySymbol":"","_EventCurrencyCode":"","_EventCurrencyPosition":"","_EventDateTimeSeparator":"","_EventTimeRangeSeparator":"","_EventOrganizerID":[],"_EventVenueID":[],"_OrganizerEmail":"","_OrganizerPhone":"","_OrganizerWebsite":"","_VenueAddress":"","_VenueCity":"","_VenueCountry":"","_VenueProvince":"","_VenueState":"","_VenueZip":"","_VenuePhone":"","_VenueURL":"","_VenueStateProvince":"","_VenueLat":"","_VenueLng":"","_VenueShowMap":false,"_VenueShowMapLink":false,"footnotes":"","_links_to":"","_links_to_target":""},"categories":[1,5],"tags":[],"class_list":["post-1084","post","type-post","status-publish","format-standard","has-post-thumbnail","hentry","category-non-classe","category-association-sportive"],"_links":{"self":[{"href":"https:\/\/etab.ac-reunion.fr\/clg-chemin-morin\/wp-json\/wp\/v2\/posts\/1084","targetHints":{"allow":["GET"]}}],"collection":[{"href":"https:\/\/etab.ac-reunion.fr\/clg-chemin-morin\/wp-json\/wp\/v2\/posts"}],"about":[{"href":"https:\/\/etab.ac-reunion.fr\/clg-chemin-morin\/wp-json\/wp\/v2\/types\/post"}],"author":[{"embeddable":true,"href":"https:\/\/etab.ac-reunion.fr\/clg-chemin-morin\/wp-json\/wp\/v2\/users\/13978"}],"replies":[{"embeddable":true,"href":"https:\/\/etab.ac-reunion.fr\/clg-chemin-morin\/wp-json\/wp\/v2\/comments?post=1084"}],"version-history":[{"count":1,"href":"https:\/\/etab.ac-reunion.fr\/clg-chemin-morin\/wp-json\/wp\/v2\/posts\/1084\/revisions"}],"predecessor-version":[{"id":1087,"href":"https:\/\/etab.ac-reunion.fr\/clg-chemin-morin\/wp-json\/wp\/v2\/posts\/1084\/revisions\/1087"}],"wp:featuredmedia":[{"embeddable":true,"href":"https:\/\/etab.ac-reunion.fr\/clg-chemin-morin\/wp-json\/wp\/v2\/media\/1086"}],"wp:attachment":[{"href":"https:\/\/etab.ac-reunion.fr\/clg-chemin-morin\/wp-json\/wp\/v2\/media?parent=1084"}],"wp:term":[{"taxonomy":"category","embeddable":true,"href":"https:\/\/etab.ac-reunion.fr\/clg-chemin-morin\/wp-json\/wp\/v2\/categories?post=1084"},{"taxonomy":"post_tag","embeddable":true,"href":"https:\/\/etab.ac-reunion.fr\/clg-chemin-morin\/wp-json\/wp\/v2\/tags?post=1084"}],"curies":[{"name":"wp","href":"https:\/\/api.w.org\/{rel}","templated":true}]}}