{"id":1085,"date":"2018-06-11T08:25:50","date_gmt":"2018-06-11T04:25:50","guid":{"rendered":"http:\/\/college-chemin-morin.ac-reunion.fr\/?p=1085"},"modified":"2018-06-11T08:25:57","modified_gmt":"2018-06-11T04:25:57","slug":"les-benjamins-du-college-morin-champions-de-la-reunion","status":"publish","type":"post","link":"https:\/\/etab.ac-reunion.fr\/clg-chemin-morin\/les-benjamins-du-college-morin-champions-de-la-reunion\/","title":{"rendered":"Les benjamins du coll\u00e8ge MORIN champions de La R\u00e9union !!!"},"content":{"rendered":"<p>Ce mercredi 06 juin, M. COULOMBIER accompagnait les benjamins \u00e0 Terre Sainte pour disputer les finales du championnat de La R\u00e9union de badminton. Les meilleures \u00e9quipes des coll\u00e8ges de l\u2019\u00eele \u00e9taient r\u00e9unies pour d\u00e9crocher le titre de Champion de La R\u00e9union.<\/p>\n<p>L\u2019\u00e9tablissement \u00e9tait repr\u00e9sent\u00e9 par les \u00e9l\u00e8ves de la classe de 501 suivants\u00a0:<\/p>\n<ul>\n<li>Quentin THIEBAULT<\/li>\n<li>Thibault GALLISSIAZ<\/li>\n<li>Rassimina MOUZAOIR<\/li>\n<li>Anthony MELA<\/li>\n<\/ul>\n<p>Apr\u00e8s un p\u00e9riple de 3h dans le bus, nos \u00e9l\u00e8ves ont enfin pu \u00e9changer des volants avec les autres \u00e9quipes de l\u2019\u00eele. L\u2019\u00e9quipe excellence (section sportive) a bien repr\u00e9sent\u00e9 le coll\u00e8ge malgr\u00e9 le fait qu\u2019elle ne soit pas autoris\u00e9e \u00e0 disputer les rencontres contre les \u00e9quipes \u00e9tablissement de mani\u00e8re officielle.<\/p>\n<p>Au cours de la journ\u00e9e, Anthony MELA a pu d\u00e9crocher le titre de jeune arbitre acad\u00e9mique avec la meilleure note au questionnaire th\u00e9orique. Il obtient donc le pr\u00e9cieux s\u00e9same qui lui permettra de partir en m\u00e9tropole l\u2019ann\u00e9e prochaine pour les finales du Championnat de France Excellence\u00a0!<\/p>\n\n\t\t<style type=\"text\/css\">\n\t\t\t#gallery-1 {\n\t\t\t\tmargin: auto;\n\t\t\t}\n\t\t\t#gallery-1 .gallery-item {\n\t\t\t\tfloat: left;\n\t\t\t\tmargin-top: 10px;\n\t\t\t\ttext-align: center;\n\t\t\t\twidth: 33%;\n\t\t\t}\n\t\t\t#gallery-1 img {\n\t\t\t\tborder: 2px solid #cfcfcf;\n\t\t\t}\n\t\t\t#gallery-1 .gallery-caption {\n\t\t\t\tmargin-left: 0;\n\t\t\t}\n\t\t\t\/* see gallery_shortcode() in wp-includes\/media.php *\/\n\t\t<\/style>\n\t\t<div id='gallery-1' class='gallery galleryid-1085 gallery-columns-3 gallery-size-thumbnail'><dl class='gallery-item'>\n\t\t\t<dt class='gallery-icon portrait'>\n\t\t\t\t<a href='https:\/\/etab.ac-reunion.fr\/clg-chemin-morin\/les-benjamins-du-college-morin-champions-de-la-reunion\/jo-acad\/'><img loading=\"lazy\" decoding=\"async\" width=\"150\" height=\"150\" src=\"https:\/\/etab.ac-reunion.fr\/clg-chemin-morin\/wp-content\/uploads\/sites\/38\/2018\/06\/JO-acad-150x150.jpg\" class=\"attachment-thumbnail size-thumbnail\" alt=\"\" srcset=\"https:\/\/etab.ac-reunion.fr\/clg-chemin-morin\/wp-content\/uploads\/sites\/38\/2018\/06\/JO-acad-150x150.jpg 150w, https:\/\/etab.ac-reunion.fr\/clg-chemin-morin\/wp-content\/uploads\/sites\/38\/2018\/06\/JO-acad-200x200.jpg 200w, https:\/\/etab.ac-reunion.fr\/clg-chemin-morin\/wp-content\/uploads\/sites\/38\/2018\/06\/JO-acad-130x130.jpg 130w, https:\/\/etab.ac-reunion.fr\/clg-chemin-morin\/wp-content\/uploads\/sites\/38\/2018\/06\/JO-acad-67x67.jpg 67w, https:\/\/etab.ac-reunion.fr\/clg-chemin-morin\/wp-content\/uploads\/sites\/38\/2018\/06\/JO-acad-40x40.jpg 40w, https:\/\/etab.ac-reunion.fr\/clg-chemin-morin\/wp-content\/uploads\/sites\/38\/2018\/06\/JO-acad-184x184.jpg 184w\" sizes=\"(max-width: 150px) 100vw, 150px\" \/><\/a>\n\t\t\t<\/dt><\/dl><dl class='gallery-item'>\n\t\t\t<dt class='gallery-icon portrait'>\n\t\t\t\t<a href='https:\/\/etab.ac-reunion.fr\/clg-chemin-morin\/les-benjamins-du-college-morin-champions-de-la-reunion\/finale-acad-benj-1\/'><img loading=\"lazy\" decoding=\"async\" width=\"150\" height=\"150\" src=\"https:\/\/etab.ac-reunion.fr\/clg-chemin-morin\/wp-content\/uploads\/sites\/38\/2018\/06\/Finale-acad-Benj-1-150x150.jpg\" class=\"attachment-thumbnail size-thumbnail\" alt=\"\" srcset=\"https:\/\/etab.ac-reunion.fr\/clg-chemin-morin\/wp-content\/uploads\/sites\/38\/2018\/06\/Finale-acad-Benj-1-150x150.jpg 150w, https:\/\/etab.ac-reunion.fr\/clg-chemin-morin\/wp-content\/uploads\/sites\/38\/2018\/06\/Finale-acad-Benj-1-200x200.jpg 200w, https:\/\/etab.ac-reunion.fr\/clg-chemin-morin\/wp-content\/uploads\/sites\/38\/2018\/06\/Finale-acad-Benj-1-130x130.jpg 130w, https:\/\/etab.ac-reunion.fr\/clg-chemin-morin\/wp-content\/uploads\/sites\/38\/2018\/06\/Finale-acad-Benj-1-67x67.jpg 67w, https:\/\/etab.ac-reunion.fr\/clg-chemin-morin\/wp-content\/uploads\/sites\/38\/2018\/06\/Finale-acad-Benj-1-40x40.jpg 40w, https:\/\/etab.ac-reunion.fr\/clg-chemin-morin\/wp-content\/uploads\/sites\/38\/2018\/06\/Finale-acad-Benj-1-184x184.jpg 184w\" sizes=\"(max-width: 150px) 100vw, 150px\" \/><\/a>\n\t\t\t<\/dt><\/dl><dl class='gallery-item'>\n\t\t\t<dt class='gallery-icon portrait'>\n\t\t\t\t<a href='https:\/\/etab.ac-reunion.fr\/clg-chemin-morin\/les-benjamins-du-college-morin-champions-de-la-reunion\/finale-acad-benj-2\/'><img loading=\"lazy\" decoding=\"async\" width=\"150\" height=\"150\" src=\"https:\/\/etab.ac-reunion.fr\/clg-chemin-morin\/wp-content\/uploads\/sites\/38\/2018\/06\/Finale-acad-Benj-2-150x150.jpg\" class=\"attachment-thumbnail size-thumbnail\" alt=\"\" srcset=\"https:\/\/etab.ac-reunion.fr\/clg-chemin-morin\/wp-content\/uploads\/sites\/38\/2018\/06\/Finale-acad-Benj-2-150x150.jpg 150w, https:\/\/etab.ac-reunion.fr\/clg-chemin-morin\/wp-content\/uploads\/sites\/38\/2018\/06\/Finale-acad-Benj-2-200x200.jpg 200w, https:\/\/etab.ac-reunion.fr\/clg-chemin-morin\/wp-content\/uploads\/sites\/38\/2018\/06\/Finale-acad-Benj-2-130x130.jpg 130w, https:\/\/etab.ac-reunion.fr\/clg-chemin-morin\/wp-content\/uploads\/sites\/38\/2018\/06\/Finale-acad-Benj-2-67x67.jpg 67w, https:\/\/etab.ac-reunion.fr\/clg-chemin-morin\/wp-content\/uploads\/sites\/38\/2018\/06\/Finale-acad-Benj-2-40x40.jpg 40w, https:\/\/etab.ac-reunion.fr\/clg-chemin-morin\/wp-content\/uploads\/sites\/38\/2018\/06\/Finale-acad-Benj-2-184x184.jpg 184w\" sizes=\"(max-width: 150px) 100vw, 150px\" \/><\/a>\n\t\t\t<\/dt><\/dl><br style=\"clear: both\" \/>\n\t\t<\/div>\n\n","protected":false},"excerpt":{"rendered":"<p>Ce mercredi 06 juin, M. COULOMBIER accompagnait les benjamins \u00e0 Terre Sainte pour disputer les finales du championnat de La R\u00e9union de badminton. Les meilleures \u00e9quipes des coll\u00e8ges de l\u2019\u00eele [&hellip;]<\/p>\n","protected":false},"author":13978,"featured_media":1088,"comment_status":"closed","ping_status":"open","sticky":false,"template":"","format":"standard","meta":{"_et_pb_use_builder":"","_et_pb_old_content":"","_et_gb_content_width":"","_EventAllDay":false,"_EventTimezone":"","_EventStartDate":"","_EventEndDate":"","_EventStartDateUTC":"","_EventEndDateUTC":"","_EventShowMap":false,"_EventShowMapLink":false,"_EventURL":"","_EventCost":"","_EventCostDescription":"","_EventCurrencySymbol":"","_EventCurrencyCode":"","_EventCurrencyPosition":"","_EventDateTimeSeparator":"","_EventTimeRangeSeparator":"","_EventOrganizerID":[],"_EventVenueID":[],"_OrganizerEmail":"","_OrganizerPhone":"","_OrganizerWebsite":"","_VenueAddress":"","_VenueCity":"","_VenueCountry":"","_VenueProvince":"","_VenueState":"","_VenueZip":"","_VenuePhone":"","_VenueURL":"","_VenueStateProvince":"","_VenueLat":"","_VenueLng":"","_VenueShowMap":false,"_VenueShowMapLink":false,"footnotes":"","_links_to":"","_links_to_target":""},"categories":[1,5],"tags":[],"class_list":["post-1085","post","type-post","status-publish","format-standard","has-post-thumbnail","hentry","category-non-classe","category-association-sportive"],"_links":{"self":[{"href":"https:\/\/etab.ac-reunion.fr\/clg-chemin-morin\/wp-json\/wp\/v2\/posts\/1085","targetHints":{"allow":["GET"]}}],"collection":[{"href":"https:\/\/etab.ac-reunion.fr\/clg-chemin-morin\/wp-json\/wp\/v2\/posts"}],"about":[{"href":"https:\/\/etab.ac-reunion.fr\/clg-chemin-morin\/wp-json\/wp\/v2\/types\/post"}],"author":[{"embeddable":true,"href":"https:\/\/etab.ac-reunion.fr\/clg-chemin-morin\/wp-json\/wp\/v2\/users\/13978"}],"replies":[{"embeddable":true,"href":"https:\/\/etab.ac-reunion.fr\/clg-chemin-morin\/wp-json\/wp\/v2\/comments?post=1085"}],"version-history":[{"count":1,"href":"https:\/\/etab.ac-reunion.fr\/clg-chemin-morin\/wp-json\/wp\/v2\/posts\/1085\/revisions"}],"predecessor-version":[{"id":1091,"href":"https:\/\/etab.ac-reunion.fr\/clg-chemin-morin\/wp-json\/wp\/v2\/posts\/1085\/revisions\/1091"}],"wp:featuredmedia":[{"embeddable":true,"href":"https:\/\/etab.ac-reunion.fr\/clg-chemin-morin\/wp-json\/wp\/v2\/media\/1088"}],"wp:attachment":[{"href":"https:\/\/etab.ac-reunion.fr\/clg-chemin-morin\/wp-json\/wp\/v2\/media?parent=1085"}],"wp:term":[{"taxonomy":"category","embeddable":true,"href":"https:\/\/etab.ac-reunion.fr\/clg-chemin-morin\/wp-json\/wp\/v2\/categories?post=1085"},{"taxonomy":"post_tag","embeddable":true,"href":"https:\/\/etab.ac-reunion.fr\/clg-chemin-morin\/wp-json\/wp\/v2\/tags?post=1085"}],"curies":[{"name":"wp","href":"https:\/\/api.w.org\/{rel}","templated":true}]}}