{"id":1092,"date":"2018-06-11T16:06:48","date_gmt":"2018-06-11T12:06:48","guid":{"rendered":"http:\/\/college-chemin-morin.ac-reunion.fr\/?p=1092"},"modified":"2018-06-11T16:06:53","modified_gmt":"2018-06-11T12:06:53","slug":"inscription-des-eleves-au-lycee","status":"publish","type":"post","link":"https:\/\/etab.ac-reunion.fr\/clg-chemin-morin\/inscription-des-eleves-au-lycee\/","title":{"rendered":"Inscription des \u00e9l\u00e8ves au lyc\u00e9e."},"content":{"rendered":"<p>Parents d&rsquo;\u00e9l\u00e8ves de 3\u00e8me vous allez devoir proc\u00e9der d\u00e9but juillet \u00e0 l\u2019inscription de votre enfant au lyc\u00e9e. Cette ann\u00e9e, cette inscription se fera <u>obligatoirement par internet<\/u> (sous forme de t\u00e9l\u00e9 inscription).<\/p>\n<p>Pour effectuer cette d\u00e9marche, il faut <u>imp\u00e9rativement<\/u> vous munir de votre <strong>compte ATEN<\/strong> <strong>(parents)\u00a0<\/strong>; ce compte vous a \u00e9t\u00e9 notifi\u00e9 en d\u00e9but d\u2019ann\u00e9e scolaire, et vous sera notifi\u00e9 \u00e0 nouveau cette semaine pour ceux d\u2019entre vous qui l\u2019ont \u00e9gar\u00e9 ou qui ne s\u2019en sont jamais servis.<\/p>\n<p>A l\u2019aide de ce compte, il vous sera possible de r\u00e9aliser la t\u00e9l\u00e9 inscription \u00e0 domicile (espace Pronote, rubrique \u00ab\u00a0t\u00e9l\u00e9services\u00a0\u00bb)\u00a0; vous pouvez aussi venir au coll\u00e8ge pour le faire en b\u00e9n\u00e9ficiant de notre aide. L\u2019inscription en ligne par les familles se d\u00e9roule en 5 temps\u00a0:<\/p>\n<p>-connexion \u00e0 l\u2019aide du compte d\u2019acc\u00e8s (ATEN)<\/p>\n<p>-consultation de l\u2019affectation de l\u2019\u00e9l\u00e8ve<\/p>\n<p>-saisie des v\u0153ux pour les enseignements d\u2019exploration et les options<\/p>\n<p>-mise \u00e0 jour de la fiche de renseignements<\/p>\n<p>-validation de l\u2019inscription et r\u00e9ception de la confirmation d\u2019inscription.<\/p>\n<p>&nbsp;<\/p>\n<p><strong><em><u>Calendrier\u00a0:<\/u><\/em><\/strong><\/p>\n<ul>\n<li>Les professeurs principaux de 3<sup>\u00e8me<\/sup> remettront aux parents tous les documents n\u00e9cessaires \u00e0 l\u2019inscription de leurs enfants (et notamment les notifications d\u2019affectation) <strong>le vendredi 29 Juin de 16h30 \u00e0 17h30, <\/strong>selon le planning suivant\u00a0:<\/li>\n<\/ul>\n<p>&nbsp;<\/p>\n<ul>\n<li>301\u00a0 Mme Dijoux\u00a0\u00a0 salle A 11<\/li>\n<li>305\u00a0\u00a0 Mme Pounia\u00a0\u00a0 salle B 14<\/li>\n<li>302\u00a0 Mme Picard\u00a0\u00a0 salle B 13<\/li>\n<li>304\u00a0\u00a0 Mr Delebarre\u00a0 salle G 03<\/li>\n<li>303\u00a0 Mme Aquilimeba\u00a0 salle C 11<\/li>\n<li>307\u00a0 Mme Fontaine\u00a0\u00a0 salle B 24<\/li>\n<li>304\u00a0 Mme Grondin C.\u00a0 salle C 12<\/li>\n<li>308\u00a0 Mr Briandy\u00a0\u00a0 salle G 16<\/li>\n<\/ul>\n<p>Une assistance informatique pour la t\u00e9l\u00e9 inscription est \u00e0 la disposition des parents<strong><u>\u00a0<\/u><\/strong><\/p>\n<p><strong>Le lundi 2 juillet de 8h00 \u00e0 16h00 et le mardi 3 juillet de 8h00 \u00e0 12h00 en salle C 16.<\/strong><\/p>\n","protected":false},"excerpt":{"rendered":"<p>Parents d&rsquo;\u00e9l\u00e8ves de 3\u00e8me vous allez devoir proc\u00e9der d\u00e9but juillet \u00e0 l\u2019inscription de votre enfant au lyc\u00e9e. Cette ann\u00e9e, cette inscription se fera obligatoirement par internet (sous forme de t\u00e9l\u00e9 [&hellip;]<\/p>\n","protected":false},"author":13978,"featured_media":235,"comment_status":"closed","ping_status":"open","sticky":false,"template":"","format":"standard","meta":{"_et_pb_use_builder":"","_et_pb_old_content":"","_et_gb_content_width":"","_EventAllDay":false,"_EventTimezone":"","_EventStartDate":"","_EventEndDate":"","_EventStartDateUTC":"","_EventEndDateUTC":"","_EventShowMap":false,"_EventShowMapLink":false,"_EventURL":"","_EventCost":"","_EventCostDescription":"","_EventCurrencySymbol":"","_EventCurrencyCode":"","_EventCurrencyPosition":"","_EventDateTimeSeparator":"","_EventTimeRangeSeparator":"","_EventOrganizerID":[],"_EventVenueID":[],"_OrganizerEmail":"","_OrganizerPhone":"","_OrganizerWebsite":"","_VenueAddress":"","_VenueCity":"","_VenueCountry":"","_VenueProvince":"","_VenueState":"","_VenueZip":"","_VenuePhone":"","_VenueURL":"","_VenueStateProvince":"","_VenueLat":"","_VenueLng":"","_VenueShowMap":false,"_VenueShowMapLink":false,"footnotes":"","_links_to":"","_links_to_target":""},"categories":[1,20],"tags":[],"class_list":["post-1092","post","type-post","status-publish","format-standard","has-post-thumbnail","hentry","category-non-classe","category-informations-pratiques"],"_links":{"self":[{"href":"https:\/\/etab.ac-reunion.fr\/clg-chemin-morin\/wp-json\/wp\/v2\/posts\/1092","targetHints":{"allow":["GET"]}}],"collection":[{"href":"https:\/\/etab.ac-reunion.fr\/clg-chemin-morin\/wp-json\/wp\/v2\/posts"}],"about":[{"href":"https:\/\/etab.ac-reunion.fr\/clg-chemin-morin\/wp-json\/wp\/v2\/types\/post"}],"author":[{"embeddable":true,"href":"https:\/\/etab.ac-reunion.fr\/clg-chemin-morin\/wp-json\/wp\/v2\/users\/13978"}],"replies":[{"embeddable":true,"href":"https:\/\/etab.ac-reunion.fr\/clg-chemin-morin\/wp-json\/wp\/v2\/comments?post=1092"}],"version-history":[{"count":1,"href":"https:\/\/etab.ac-reunion.fr\/clg-chemin-morin\/wp-json\/wp\/v2\/posts\/1092\/revisions"}],"predecessor-version":[{"id":1093,"href":"https:\/\/etab.ac-reunion.fr\/clg-chemin-morin\/wp-json\/wp\/v2\/posts\/1092\/revisions\/1093"}],"wp:featuredmedia":[{"embeddable":true,"href":"https:\/\/etab.ac-reunion.fr\/clg-chemin-morin\/wp-json\/wp\/v2\/media\/235"}],"wp:attachment":[{"href":"https:\/\/etab.ac-reunion.fr\/clg-chemin-morin\/wp-json\/wp\/v2\/media?parent=1092"}],"wp:term":[{"taxonomy":"category","embeddable":true,"href":"https:\/\/etab.ac-reunion.fr\/clg-chemin-morin\/wp-json\/wp\/v2\/categories?post=1092"},{"taxonomy":"post_tag","embeddable":true,"href":"https:\/\/etab.ac-reunion.fr\/clg-chemin-morin\/wp-json\/wp\/v2\/tags?post=1092"}],"curies":[{"name":"wp","href":"https:\/\/api.w.org\/{rel}","templated":true}]}}