{"id":1125,"date":"2018-10-29T14:35:43","date_gmt":"2018-10-29T10:35:43","guid":{"rendered":"http:\/\/college-chemin-morin.ac-reunion.fr\/?p=1125"},"modified":"2018-10-29T14:35:43","modified_gmt":"2018-10-29T10:35:43","slug":"non-au-harcelement","status":"publish","type":"post","link":"https:\/\/etab.ac-reunion.fr\/clg-chemin-morin\/non-au-harcelement\/","title":{"rendered":"\u00ab\u00a0Non au harc\u00e8lement\u00a0\u00bb"},"content":{"rendered":"<p>Une matin\u00e9e pour dire \u00a0\u00bb Non au harc\u00e8lement ! \u00a0\u00bb le 8 novembre 2018<\/p>\n<p><strong>\u00a0<\/strong><strong>M1- 7h45\u00a0: Accueil des \u00e9l\u00e8ves de 5<sup>\u00e8me<\/sup><\/strong><\/p>\n<ul>\n<li>Le harc\u00e8lement \u00e0 la une du journal t\u00e9l\u00e9vis\u00e9 (video) (1mn)<\/li>\n<li>Echange\/questions (5mn)<\/li>\n<li>Video cybersexisme (3mn)<\/li>\n<li>Echanges\/questions (5mn)<\/li>\n<li>Intervention de la Police nationale, vid\u00e9o &#8211; \u00e9change sur le rappel \u00e0 la loi (15mn)<\/li>\n<li>T\u00e9moignages de 2 \u00e9l\u00e8ves de 6\u00e8me Victime\/harceleurs<\/li>\n<li>Comment pr\u00e9venir et lutter contre le harc\u00e8lement? \u00e9change<\/li>\n<li>Chant d&rsquo;un \u00e9l\u00e8ve de 6<sup>\u00e8me<\/sup>, accompagn\u00e9 au piano par M. Jaguelin, professeur d&rsquo;\u00e9ducation musicale.<\/li>\n<\/ul>\n<p><strong>M2\u00a0: Accueil des \u00e9l\u00e8ves de 4<sup>\u00e8me<\/sup><\/strong><\/p>\n<ul>\n<li>Le harc\u00e8lement \u00e0 la une du journal t\u00e9l\u00e9vis\u00e9 (video)<\/li>\n<li>Intervention de la pr\u00e9sidente de l\u2019association Chancegal? harc\u00e8lement sexiste et sexuel<\/li>\n<li>\u00e9change-d\u00e9bat<\/li>\n<li>T\u00e9moignages de 2 \u00e9l\u00e8ves de 6\u00e8me Victime\/harceleurs<\/li>\n<li>Comment pr\u00e9venir et lutter contre le harc\u00e8lement? \u00e9change\/d\u00e9bat<\/li>\n<li>Chant d&rsquo;un \u00e9l\u00e8ve de 6<sup>\u00e8me<\/sup>, accompagn\u00e9 au piano par M. Jaguelin, professeur d&rsquo;\u00e9ducation musicale.<\/li>\n<\/ul>\n<p><strong>\u00a0<\/strong><strong>M3-10h -11h30 : Accueil des parents\/ Discours de bienvenue de la Direction<\/strong><\/p>\n<ul>\n<li>JT sur le harc\u00e8lement (video)<\/li>\n<li>Video sur le cybersexisme (Matilda.education)- \u00e9change-d\u00e9bat<\/li>\n<li>Comment l\u2019assistante de service social intervient sur la th\u00e9matique du harc\u00e8lement aupr\u00e8s des \u00e9l\u00e8ves\u00a0?<\/li>\n<li>intervention de Mme Brasselet, Principale, sur le traitement des situations de harc\u00e8lement au coll\u00e8ge<\/li>\n<li>\u00e9change<\/li>\n<li>Intervention de la police nationale \u2013 Vid\u00e9o- rappel \u00e0 la loi<\/li>\n<li>\u00e9change\/d\u00e9bat<\/li>\n<li>Chant d&rsquo;un \u00e9l\u00e8ve de 6<sup>\u00e8me<\/sup>, accompagn\u00e9 au piano par M. Jaguelin, professeur d&rsquo;\u00e9ducation musicale.<\/li>\n<\/ul>\n<p>&nbsp;<\/p>\n<p>D<strong>istribution de documents aux parents\u00a0en fin de s\u00e9ance: <\/strong><\/p>\n<ol>\n<li>Les 10 conseils de la CNIL<\/li>\n<li>La sextorsion\u00a0: comment supprimer une photo \u00e0 caract\u00e8re sexuel impliquant des mineurs<\/li>\n<li>Plaquette du Service social en Faveur des \u00e9l\u00e8ves sur le harc\u00e8lement.<\/li>\n<\/ol>\n","protected":false},"excerpt":{"rendered":"<p>Une matin\u00e9e pour dire \u00a0\u00bb Non au harc\u00e8lement ! \u00a0\u00bb le 8 novembre 2018 \u00a0M1- 7h45\u00a0: Accueil des \u00e9l\u00e8ves de 5\u00e8me Le harc\u00e8lement \u00e0 la une du journal t\u00e9l\u00e9vis\u00e9 (video) [&hellip;]<\/p>\n","protected":false},"author":2813,"featured_media":444,"comment_status":"closed","ping_status":"open","sticky":false,"template":"","format":"standard","meta":{"_et_pb_use_builder":"","_et_pb_old_content":"","_et_gb_content_width":"","_EventAllDay":false,"_EventTimezone":"","_EventStartDate":"","_EventEndDate":"","_EventStartDateUTC":"","_EventEndDateUTC":"","_EventShowMap":false,"_EventShowMapLink":false,"_EventURL":"","_EventCost":"","_EventCostDescription":"","_EventCurrencySymbol":"","_EventCurrencyCode":"","_EventCurrencyPosition":"","_EventDateTimeSeparator":"","_EventTimeRangeSeparator":"","_EventOrganizerID":[],"_EventVenueID":[],"_OrganizerEmail":"","_OrganizerPhone":"","_OrganizerWebsite":"","_VenueAddress":"","_VenueCity":"","_VenueCountry":"","_VenueProvince":"","_VenueState":"","_VenueZip":"","_VenuePhone":"","_VenueURL":"","_VenueStateProvince":"","_VenueLat":"","_VenueLng":"","_VenueShowMap":false,"_VenueShowMapLink":false,"footnotes":"","_links_to":"","_links_to_target":""},"categories":[1,16],"tags":[],"class_list":["post-1125","post","type-post","status-publish","format-standard","has-post-thumbnail","hentry","category-non-classe","category-vie-du-college"],"_links":{"self":[{"href":"https:\/\/etab.ac-reunion.fr\/clg-chemin-morin\/wp-json\/wp\/v2\/posts\/1125","targetHints":{"allow":["GET"]}}],"collection":[{"href":"https:\/\/etab.ac-reunion.fr\/clg-chemin-morin\/wp-json\/wp\/v2\/posts"}],"about":[{"href":"https:\/\/etab.ac-reunion.fr\/clg-chemin-morin\/wp-json\/wp\/v2\/types\/post"}],"author":[{"embeddable":true,"href":"https:\/\/etab.ac-reunion.fr\/clg-chemin-morin\/wp-json\/wp\/v2\/users\/2813"}],"replies":[{"embeddable":true,"href":"https:\/\/etab.ac-reunion.fr\/clg-chemin-morin\/wp-json\/wp\/v2\/comments?post=1125"}],"version-history":[{"count":1,"href":"https:\/\/etab.ac-reunion.fr\/clg-chemin-morin\/wp-json\/wp\/v2\/posts\/1125\/revisions"}],"predecessor-version":[{"id":1126,"href":"https:\/\/etab.ac-reunion.fr\/clg-chemin-morin\/wp-json\/wp\/v2\/posts\/1125\/revisions\/1126"}],"wp:featuredmedia":[{"embeddable":true,"href":"https:\/\/etab.ac-reunion.fr\/clg-chemin-morin\/wp-json\/wp\/v2\/media\/444"}],"wp:attachment":[{"href":"https:\/\/etab.ac-reunion.fr\/clg-chemin-morin\/wp-json\/wp\/v2\/media?parent=1125"}],"wp:term":[{"taxonomy":"category","embeddable":true,"href":"https:\/\/etab.ac-reunion.fr\/clg-chemin-morin\/wp-json\/wp\/v2\/categories?post=1125"},{"taxonomy":"post_tag","embeddable":true,"href":"https:\/\/etab.ac-reunion.fr\/clg-chemin-morin\/wp-json\/wp\/v2\/tags?post=1125"}],"curies":[{"name":"wp","href":"https:\/\/api.w.org\/{rel}","templated":true}]}}