{"id":1251,"date":"2019-08-13T08:47:16","date_gmt":"2019-08-13T04:47:16","guid":{"rendered":"http:\/\/college-chemin-morin.ac-reunion.fr\/?p=1251"},"modified":"2019-08-13T10:57:53","modified_gmt":"2019-08-13T06:57:53","slug":"organisation-de-la-rentree-scolaire-2019","status":"publish","type":"post","link":"https:\/\/etab.ac-reunion.fr\/clg-chemin-morin\/organisation-de-la-rentree-scolaire-2019\/","title":{"rendered":"Organisation de la rentr\u00e9e scolaire 2019"},"content":{"rendered":"\n<p style=\"text-align:center\"><strong>PRE- RENTREE\u00a0: MERCREDI 14 AOUT 2019<\/strong><\/p>\n\n\n\n<p><strong>D\u00e9roulement\n:<\/strong><\/p>\n\n\n\n<p>8h30&nbsp;:\nAccueil au r\u00e9fectoire.<\/p>\n\n\n\n<p>9h- 12h\u00a0: Pl\u00e9ni\u00e8re.<\/p>\n\n\n\n<p>12h\u00a0: Pot <\/p>\n\n\n\n<p style=\"text-align:center\"><strong>LES JOURNEES\nDE RENTREE DES ELEVES<\/strong><\/p>\n\n\n\n<p><strong>Vendredi 16 ao\u00fbt 2019&nbsp;: rentr\u00e9e\ndes \u00e9l\u00e8ves de 6<sup>\u00e8me<\/sup> <\/strong><\/p>\n\n\n\n<p>8h&nbsp;: Accueil\net regroupement dans le r\u00e9fectoire des \u00e9l\u00e8ves et de leurs parents.<\/p>\n\n\n\n<p>8h15&nbsp;: Appel\ndes \u00e9l\u00e8ves classe par classe puis prise en charge des classes par les\nprofesseurs principaux jusqu\u2019\u00e0 la fin de la matin\u00e9e.<\/p>\n\n\n\n<ul class=\"wp-block-list\"><li>v\u00e9rification des listes de classes et des renseignements concernant les \u00e9l\u00e8ves (identit\u00e9, date de naissance, options, <strong>r\u00e9gime<\/strong>, etc.) ;<\/li><li>pr\u00e9sentation de l&rsquo;\u00e9tablissement et \u00e9ventuellement visite des locaux ;<\/li><li>distribution des carnets de correspondance\u00a0;\u00a0 <\/li><li>pr\u00e9sentation de l&#8217;emploi du temps et de l&rsquo;\u00e9quipe p\u00e9dagogique\u00a0;<\/li><li>pr\u00e9sentation du r\u00e8glement int\u00e9rieur dans les grandes lignes\u00a0; explicitation de la charte de la la\u00eecit\u00e9.<\/li><li>distribution des manuels scolaires.<\/li><\/ul>\n\n\n\n<p>8h45&nbsp;:\nAccueil des parents avec un caf\u00e9 par les services du coll\u00e8ge&nbsp;: le\nfonctionnement p\u00e9dagogique et administratif du coll\u00e8ge et les attentes en\ntermes de co- \u00e9ducation et de suivi du travail personnel de l\u2019\u00e9l\u00e8ve.<\/p>\n\n\n\n<p>11h30&nbsp;:\nFin de la matin\u00e9e.<\/p>\n\n\n\n<p>11h40&nbsp;:\ndemi-pension<\/p>\n\n\n\n<p>13h00&nbsp;:\nBus<\/p>\n\n\n\n<p>13h20-16h30&nbsp;:\nR\u00e9union des \u00e9quipes p\u00e9dagogiques avec chaque professeur principal dans une\nsalle pour faire le point sur les \u00e9l\u00e8ves \u00e0 besoins particuliers.(Mme Bart et\nMme No\u00eal seront pr\u00e9sentes)<\/p>\n\n\n\n<p>Les \u00e9l\u00e8ves\nde 6<sup>\u00e8me<\/sup> &nbsp;n\u2019auront pas cours le\nlundi 19 ao\u00fbt 2019.<\/p>\n\n\n\n<p>&nbsp;Reprise des cours le mardi&nbsp; 20 ao\u00fbt 2019 selon les emplois du temps\ndistribu\u00e9s le vendredi.<\/p>\n\n\n\n<p><strong>Lundi 19 ao\u00fbt 2019&nbsp;: rentr\u00e9e\ndes \u00e9l\u00e8ves de 5<sup>\u00e8me<\/sup>, 4<sup>\u00e8me<\/sup>, 3<sup>\u00e8me<\/sup><\/strong><\/p>\n\n\n\n<p>7h45\u00a0: Accueil et regroupement dans la cour des \u00e9l\u00e8ves <\/p>\n\n\n\n<p style=\"font-size:0\">M1 M2\u00a0: Affichage des \u00e9l\u00e8ves par classe puis prise en charge des classes par les professeurs principaux <\/p>\n\n\n\n<ul class=\"wp-block-list\"><li>v\u00e9rification des listes de classes et des renseignements concernant les                         \u00e9l\u00e8ves (identit\u00e9, date de naissance, <strong>options, r\u00e9gime<\/strong>, etc.) ;<\/li><li>distribution des carnets de correspondance\u00a0; <\/li><li>pr\u00e9sentation de l&#8217;emploi du temps et de l&rsquo;\u00e9quipe p\u00e9dagogique ;<\/li><li>pr\u00e9sentation du r\u00e8glement int\u00e9rieur dans les grandes lignes ;<\/li><li>distribution des manuels scolaires selon le planning \u00e9tabli par le professeur documentaliste.<\/li><\/ul>\n\n\n\n<p>\n\n\n\n\n\n\n\n\n\n\n\n\n\n\n\n\nM3&nbsp;:\nReprise de l\u2019EDT normal pour les niveaux 5<sup>\u00e8me<\/sup>, 4<sup>\u00e8me<\/sup>, 3<sup>\u00e8me<\/sup><\/p>\n\n\n\n<p><strong>Mardi 20 ao\u00fbt 2019&nbsp;: Suivi de\nl\u2019EDT provisoire pour tous les \u00e9l\u00e8ves<\/strong><\/p>\n\n\n\n<p><\/p>\n","protected":false},"excerpt":{"rendered":"<p>PRE- RENTREE\u00a0: MERCREDI 14 AOUT 2019 D\u00e9roulement : 8h30&nbsp;: Accueil au r\u00e9fectoire. 9h- 12h\u00a0: Pl\u00e9ni\u00e8re. 12h\u00a0: Pot LES JOURNEES DE RENTREE DES ELEVES Vendredi 16 ao\u00fbt 2019&nbsp;: rentr\u00e9e des \u00e9l\u00e8ves [&hellip;]<\/p>\n","protected":false},"author":13978,"featured_media":0,"comment_status":"closed","ping_status":"open","sticky":false,"template":"","format":"standard","meta":{"_et_pb_use_builder":"off","_et_pb_old_content":"","_et_gb_content_width":"","_EventAllDay":false,"_EventTimezone":"","_EventStartDate":"","_EventEndDate":"","_EventStartDateUTC":"","_EventEndDateUTC":"","_EventShowMap":false,"_EventShowMapLink":false,"_EventURL":"","_EventCost":"","_EventCostDescription":"","_EventCurrencySymbol":"","_EventCurrencyCode":"","_EventCurrencyPosition":"","_EventDateTimeSeparator":"","_EventTimeRangeSeparator":"","_EventOrganizerID":[],"_EventVenueID":[],"_OrganizerEmail":"","_OrganizerPhone":"","_OrganizerWebsite":"","_VenueAddress":"","_VenueCity":"","_VenueCountry":"","_VenueProvince":"","_VenueState":"","_VenueZip":"","_VenuePhone":"","_VenueURL":"","_VenueStateProvince":"","_VenueLat":"","_VenueLng":"","_VenueShowMap":false,"_VenueShowMapLink":false,"footnotes":"","_links_to":"","_links_to_target":""},"categories":[1,20],"tags":[],"class_list":["post-1251","post","type-post","status-publish","format-standard","hentry","category-non-classe","category-informations-pratiques"],"_links":{"self":[{"href":"https:\/\/etab.ac-reunion.fr\/clg-chemin-morin\/wp-json\/wp\/v2\/posts\/1251","targetHints":{"allow":["GET"]}}],"collection":[{"href":"https:\/\/etab.ac-reunion.fr\/clg-chemin-morin\/wp-json\/wp\/v2\/posts"}],"about":[{"href":"https:\/\/etab.ac-reunion.fr\/clg-chemin-morin\/wp-json\/wp\/v2\/types\/post"}],"author":[{"embeddable":true,"href":"https:\/\/etab.ac-reunion.fr\/clg-chemin-morin\/wp-json\/wp\/v2\/users\/13978"}],"replies":[{"embeddable":true,"href":"https:\/\/etab.ac-reunion.fr\/clg-chemin-morin\/wp-json\/wp\/v2\/comments?post=1251"}],"version-history":[{"count":1,"href":"https:\/\/etab.ac-reunion.fr\/clg-chemin-morin\/wp-json\/wp\/v2\/posts\/1251\/revisions"}],"predecessor-version":[{"id":1252,"href":"https:\/\/etab.ac-reunion.fr\/clg-chemin-morin\/wp-json\/wp\/v2\/posts\/1251\/revisions\/1252"}],"wp:attachment":[{"href":"https:\/\/etab.ac-reunion.fr\/clg-chemin-morin\/wp-json\/wp\/v2\/media?parent=1251"}],"wp:term":[{"taxonomy":"category","embeddable":true,"href":"https:\/\/etab.ac-reunion.fr\/clg-chemin-morin\/wp-json\/wp\/v2\/categories?post=1251"},{"taxonomy":"post_tag","embeddable":true,"href":"https:\/\/etab.ac-reunion.fr\/clg-chemin-morin\/wp-json\/wp\/v2\/tags?post=1251"}],"curies":[{"name":"wp","href":"https:\/\/api.w.org\/{rel}","templated":true}]}}