{"id":127,"date":"2014-06-10T13:19:31","date_gmt":"2014-06-10T12:19:31","guid":{"rendered":"http:\/\/college-chemin-morin.ac-reunion.fr\/?p=127"},"modified":"2019-04-17T09:21:41","modified_gmt":"2019-04-17T05:21:41","slug":"le-conseiller-dorientation-psychologue","status":"publish","type":"post","link":"https:\/\/etab.ac-reunion.fr\/clg-chemin-morin\/le-conseiller-dorientation-psychologue\/","title":{"rendered":"Le conseiller d&rsquo;orientation-psychologue"},"content":{"rendered":"<p>Le conseiller d\u2019orientation-psychologue re\u00e7oit les \u00e9l\u00e8ves et les familles au coll\u00e8ge :<\/p>\n<ul>\n<li>le jeudi de 8h00 \u00e0 11h30<\/li>\n<li>le \u00a0vendredi de 8h00 \u00e0 11h00<\/li>\n<\/ul>\n<p>Il est possible de prendre un rendez-vous aupr\u00e8s de la vie scolaire (ou en appelant directement le Copsy pendant sa permanence \u00a0pour convenir d\u2019une rencontre).<\/p>\n<p>Le Copsy \u00ab\u00a0contribue \u00e0 l&rsquo;observation continue des \u00e9l\u00e8ves ainsi qu\u2019\u00e0 la mise en \u0153uvre des\u00a0conditions de leur r\u00e9ussite scolaire\u00bb.<\/p>\n<p>Les conseillers mettent en \u0153uvre divers types d&rsquo;intervention dans la perspective de l&rsquo;\u00e9laboration\u00a0de projets personnels des jeunes.<\/p>\n<h3>Entretien psychologique : de l&rsquo;entretien d&rsquo;\u00e9coute ou de conseil \u00e0 l&rsquo;entretien d&rsquo;orientation<\/h3>\n<p>C&rsquo;est la sp\u00e9cificit\u00e9 de psychologue, du conseiller que d&rsquo;aider les \u00e9l\u00e8ves \u00e0 trouver du sens aux\u00a0activit\u00e9s scolaires, \u00e0 tisser les liens entre la situation actuelle du jeune, son histoire personnelle et\u00a0scolaire, et son avenir, notamment en termes professionnels.<\/p>\n<p>L&rsquo;entretien individuel est la technique la plus fr\u00e9quemment utilis\u00e9e et c&rsquo;est ce contact\u00a0personnalis\u00e9 qui est le plus demand\u00e9 par les jeunes et leurs familles.<\/p>\n<h3>Bilans<\/h3>\n<p>Passation de tests psychologiques en vue d&rsquo;une orientation vers l&rsquo;enseignement adapt\u00e9, et\/ou\u00a0une remotivation scolaire, utilisation de questionnaires d\u2019int\u00e9r\u00eats, ou de personnalit\u00e9.<\/p>\n<h3>Information des jeunes et des familles<\/h3>\n<p>Les informations ne pourront \u00eatre assimil\u00e9es que si elles concernent v\u00e9ritablement le jeune.\u00a0L\u2019objectif est donc toujours la personnalisation de l\u2019information, et la prise en compte des\u00a0donn\u00e9es individuelles. L&rsquo;information fait partie int\u00e9grante de la mission d\u2019orientation et, ainsi\u00a0d\u00e9finie, n\u00e9cessite des comp\u00e9tences de psychologue.<\/p>\n<h3>Travail avec les \u00e9quipes \u00e9ducatives<\/h3>\n<p>Les conseillers d&rsquo;orientation-psychologues, exercent un r\u00f4le de conseiller aupr\u00e8s des \u00e9quipes \u00e9ducatives\u00a0et participent aux conseils de classe, aux r\u00e9unions m\u00e9dico-sociales, aux r\u00e9unions de l\u2018\u00e9quipe de\u00a0suivie de scolarit\u00e9, aux commissions d\u2019appel.<\/p>\n<p>Leurs interventions s\u2019effectuent en compl\u00e9mentarit\u00e9 de celle des enseignants.<\/p>\n<p>En collaboration avec les autres membres de l&rsquo;\u00e9quipe \u00e9ducative ils contribuent \u00e0 la mise en\u00a0\u0153uvre de projets favorisant la r\u00e9ussite scolaire des \u00e9l\u00e8ves.<\/p>\n","protected":false},"excerpt":{"rendered":"<p>Le conseiller d\u2019orientation-psychologue re\u00e7oit les \u00e9l\u00e8ves et les familles au coll\u00e8ge : le jeudi de 8h00 \u00e0 11h30 le \u00a0vendredi de 8h00 \u00e0 11h00 Il est possible de prendre un [&hellip;]<\/p>\n","protected":false},"author":178,"featured_media":445,"comment_status":"closed","ping_status":"open","sticky":false,"template":"","format":"standard","meta":{"_et_pb_use_builder":"","_et_pb_old_content":"","_et_gb_content_width":"","_EventAllDay":false,"_EventTimezone":"","_EventStartDate":"","_EventEndDate":"","_EventStartDateUTC":"","_EventEndDateUTC":"","_EventShowMap":false,"_EventShowMapLink":false,"_EventURL":"","_EventCost":"","_EventCostDescription":"","_EventCurrencySymbol":"","_EventCurrencyCode":"","_EventCurrencyPosition":"","_EventDateTimeSeparator":"","_EventTimeRangeSeparator":"","_EventOrganizerID":[],"_EventVenueID":[],"_OrganizerEmail":"","_OrganizerPhone":"","_OrganizerWebsite":"","_VenueAddress":"","_VenueCity":"","_VenueCountry":"","_VenueProvince":"","_VenueState":"","_VenueZip":"","_VenuePhone":"","_VenueURL":"","_VenueStateProvince":"","_VenueLat":"","_VenueLng":"","_VenueShowMap":false,"_VenueShowMapLink":false,"footnotes":"","_links_to":"","_links_to_target":""},"categories":[9],"tags":[],"class_list":["post-127","post","type-post","status-publish","format-standard","has-post-thumbnail","hentry","category-sante"],"_links":{"self":[{"href":"https:\/\/etab.ac-reunion.fr\/clg-chemin-morin\/wp-json\/wp\/v2\/posts\/127","targetHints":{"allow":["GET"]}}],"collection":[{"href":"https:\/\/etab.ac-reunion.fr\/clg-chemin-morin\/wp-json\/wp\/v2\/posts"}],"about":[{"href":"https:\/\/etab.ac-reunion.fr\/clg-chemin-morin\/wp-json\/wp\/v2\/types\/post"}],"author":[{"embeddable":true,"href":"https:\/\/etab.ac-reunion.fr\/clg-chemin-morin\/wp-json\/wp\/v2\/users\/178"}],"replies":[{"embeddable":true,"href":"https:\/\/etab.ac-reunion.fr\/clg-chemin-morin\/wp-json\/wp\/v2\/comments?post=127"}],"version-history":[{"count":8,"href":"https:\/\/etab.ac-reunion.fr\/clg-chemin-morin\/wp-json\/wp\/v2\/posts\/127\/revisions"}],"predecessor-version":[{"id":1215,"href":"https:\/\/etab.ac-reunion.fr\/clg-chemin-morin\/wp-json\/wp\/v2\/posts\/127\/revisions\/1215"}],"wp:featuredmedia":[{"embeddable":true,"href":"https:\/\/etab.ac-reunion.fr\/clg-chemin-morin\/wp-json\/wp\/v2\/media\/445"}],"wp:attachment":[{"href":"https:\/\/etab.ac-reunion.fr\/clg-chemin-morin\/wp-json\/wp\/v2\/media?parent=127"}],"wp:term":[{"taxonomy":"category","embeddable":true,"href":"https:\/\/etab.ac-reunion.fr\/clg-chemin-morin\/wp-json\/wp\/v2\/categories?post=127"},{"taxonomy":"post_tag","embeddable":true,"href":"https:\/\/etab.ac-reunion.fr\/clg-chemin-morin\/wp-json\/wp\/v2\/tags?post=127"}],"curies":[{"name":"wp","href":"https:\/\/api.w.org\/{rel}","templated":true}]}}