{"id":1283,"date":"2019-09-23T09:28:49","date_gmt":"2019-09-23T05:28:49","guid":{"rendered":"http:\/\/college-chemin-morin.ac-reunion.fr\/?p=1283"},"modified":"2019-09-23T09:31:42","modified_gmt":"2019-09-23T05:31:42","slug":"permanence-amafar","status":"publish","type":"post","link":"https:\/\/etab.ac-reunion.fr\/clg-chemin-morin\/permanence-amafar\/","title":{"rendered":"Permanence AMAFAR"},"content":{"rendered":"\n<p><strong>L\u2019AMAFAR accueille les parents d\u2019\u00e9l\u00e8ves au\ncoll\u00e8ge Chemin Morin<\/strong><\/p>\n\n\n\n<p><strong>De 8h30 \u00e0 11h<\/strong><\/p>\n\n\n\n<p><strong>(\u00c9coute, aide et conseils, orientation\u2026)<\/strong><\/p>\n\n\n\n<p>Le&nbsp;:<\/p>\n\n\n\n<ul class=\"wp-block-list\"><li>17 septembre<\/li><li>8 octobre<\/li><li>29 octobre<\/li><li>26 novembre<\/li><li>18 f\u00e9vrier&nbsp;&nbsp;&nbsp;&nbsp;&nbsp;&nbsp;&nbsp;&nbsp;&nbsp;&nbsp;&nbsp;&nbsp;&nbsp;&nbsp; <\/li><li>24 mars<\/li><li>&nbsp;21 avril<\/li><li>5 mai<\/li><li>2 juin<\/li><\/ul>\n","protected":false},"excerpt":{"rendered":"<p>L\u2019AMAFAR accueille les parents d\u2019\u00e9l\u00e8ves au coll\u00e8ge Chemin Morin De 8h30 \u00e0 11h (\u00c9coute, aide et conseils, orientation\u2026) Le&nbsp;: 17 septembre 8 octobre 29 octobre 26 novembre 18 f\u00e9vrier&nbsp;&nbsp;&nbsp;&nbsp;&nbsp;&nbsp;&nbsp;&nbsp;&nbsp;&nbsp;&nbsp;&nbsp;&nbsp;&nbsp; 24 [&hellip;]<\/p>\n","protected":false},"author":13978,"featured_media":1284,"comment_status":"closed","ping_status":"open","sticky":false,"template":"","format":"standard","meta":{"_et_pb_use_builder":"off","_et_pb_old_content":"","_et_gb_content_width":"","_EventAllDay":false,"_EventTimezone":"","_EventStartDate":"","_EventEndDate":"","_EventStartDateUTC":"","_EventEndDateUTC":"","_EventShowMap":false,"_EventShowMapLink":false,"_EventURL":"","_EventCost":"","_EventCostDescription":"","_EventCurrencySymbol":"","_EventCurrencyCode":"","_EventCurrencyPosition":"","_EventDateTimeSeparator":"","_EventTimeRangeSeparator":"","_EventOrganizerID":[],"_EventVenueID":[],"_OrganizerEmail":"","_OrganizerPhone":"","_OrganizerWebsite":"","_VenueAddress":"","_VenueCity":"","_VenueCountry":"","_VenueProvince":"","_VenueState":"","_VenueZip":"","_VenuePhone":"","_VenueURL":"","_VenueStateProvince":"","_VenueLat":"","_VenueLng":"","_VenueShowMap":false,"_VenueShowMapLink":false,"footnotes":"","_links_to":"","_links_to_target":""},"categories":[1,23],"tags":[],"class_list":["post-1283","post","type-post","status-publish","format-standard","has-post-thumbnail","hentry","category-non-classe","category-informations-parents"],"_links":{"self":[{"href":"https:\/\/etab.ac-reunion.fr\/clg-chemin-morin\/wp-json\/wp\/v2\/posts\/1283","targetHints":{"allow":["GET"]}}],"collection":[{"href":"https:\/\/etab.ac-reunion.fr\/clg-chemin-morin\/wp-json\/wp\/v2\/posts"}],"about":[{"href":"https:\/\/etab.ac-reunion.fr\/clg-chemin-morin\/wp-json\/wp\/v2\/types\/post"}],"author":[{"embeddable":true,"href":"https:\/\/etab.ac-reunion.fr\/clg-chemin-morin\/wp-json\/wp\/v2\/users\/13978"}],"replies":[{"embeddable":true,"href":"https:\/\/etab.ac-reunion.fr\/clg-chemin-morin\/wp-json\/wp\/v2\/comments?post=1283"}],"version-history":[{"count":1,"href":"https:\/\/etab.ac-reunion.fr\/clg-chemin-morin\/wp-json\/wp\/v2\/posts\/1283\/revisions"}],"predecessor-version":[{"id":1285,"href":"https:\/\/etab.ac-reunion.fr\/clg-chemin-morin\/wp-json\/wp\/v2\/posts\/1283\/revisions\/1285"}],"wp:featuredmedia":[{"embeddable":true,"href":"https:\/\/etab.ac-reunion.fr\/clg-chemin-morin\/wp-json\/wp\/v2\/media\/1284"}],"wp:attachment":[{"href":"https:\/\/etab.ac-reunion.fr\/clg-chemin-morin\/wp-json\/wp\/v2\/media?parent=1283"}],"wp:term":[{"taxonomy":"category","embeddable":true,"href":"https:\/\/etab.ac-reunion.fr\/clg-chemin-morin\/wp-json\/wp\/v2\/categories?post=1283"},{"taxonomy":"post_tag","embeddable":true,"href":"https:\/\/etab.ac-reunion.fr\/clg-chemin-morin\/wp-json\/wp\/v2\/tags?post=1283"}],"curies":[{"name":"wp","href":"https:\/\/api.w.org\/{rel}","templated":true}]}}