{"id":1286,"date":"2019-09-23T09:34:41","date_gmt":"2019-09-23T05:34:41","guid":{"rendered":"http:\/\/college-chemin-morin.ac-reunion.fr\/?p=1286"},"modified":"2019-09-23T11:40:40","modified_gmt":"2019-09-23T07:40:40","slug":"cafe-des-parents-du-1er-octobre-2019","status":"publish","type":"post","link":"https:\/\/etab.ac-reunion.fr\/clg-chemin-morin\/cafe-des-parents-du-1er-octobre-2019\/","title":{"rendered":"Caf\u00e9 des parents du 1er octobre 2019"},"content":{"rendered":"\n<p><strong>Th\u00e9matique abord\u00e9e<\/strong><strong> \u00a0\u00bb <em>mon enfant fait sa crise d&rsquo;adolescence<\/em>\u00ab\u00a0<\/strong><\/p>\n\n\n\n<p><strong>ordre du jour<\/strong><\/p>\n\n\n\n<p><strong>I- anim\u00e9e par Mme Fr\u00e9billot, infirmi\u00e8re scolaire:<\/strong><\/p>\n\n\n\n<ol class=\"wp-block-list\"><li>&nbsp;pr\u00e9sentation du calendrier de rencontres \u00e0 venir<\/li><li>choix des sorties avec les parents<\/li><li>qui sont les parents int\u00e9ress\u00e9s? <em>quelle participation financi\u00e8re des parents ? qui r\u00e9colte l&rsquo;argent ? o\u00f9 garder cet argent? que faire de cet argent?<\/em><\/li><\/ol>\n\n\n\n<p><strong>II- anim\u00e9e par l&rsquo;AMAFAR:<\/strong><\/p>\n\n\n\n<p>&#8211; la crise d&rsquo;adolescence. <\/p>\n","protected":false},"excerpt":{"rendered":"<p>Th\u00e9matique abord\u00e9e \u00a0\u00bb mon enfant fait sa crise d&rsquo;adolescence\u00ab\u00a0 ordre du jour I- anim\u00e9e par Mme Fr\u00e9billot, infirmi\u00e8re scolaire: &nbsp;pr\u00e9sentation du calendrier de rencontres \u00e0 venir choix des sorties avec [&hellip;]<\/p>\n","protected":false},"author":13978,"featured_media":1288,"comment_status":"closed","ping_status":"open","sticky":false,"template":"","format":"standard","meta":{"_et_pb_use_builder":"off","_et_pb_old_content":"","_et_gb_content_width":"","_EventAllDay":false,"_EventTimezone":"","_EventStartDate":"","_EventEndDate":"","_EventStartDateUTC":"","_EventEndDateUTC":"","_EventShowMap":false,"_EventShowMapLink":false,"_EventURL":"","_EventCost":"","_EventCostDescription":"","_EventCurrencySymbol":"","_EventCurrencyCode":"","_EventCurrencyPosition":"","_EventDateTimeSeparator":"","_EventTimeRangeSeparator":"","_EventOrganizerID":[],"_EventVenueID":[],"_OrganizerEmail":"","_OrganizerPhone":"","_OrganizerWebsite":"","_VenueAddress":"","_VenueCity":"","_VenueCountry":"","_VenueProvince":"","_VenueState":"","_VenueZip":"","_VenuePhone":"","_VenueURL":"","_VenueStateProvince":"","_VenueLat":"","_VenueLng":"","_VenueShowMap":false,"_VenueShowMapLink":false,"footnotes":"","_links_to":"","_links_to_target":""},"categories":[1,23],"tags":[],"class_list":["post-1286","post","type-post","status-publish","format-standard","has-post-thumbnail","hentry","category-non-classe","category-informations-parents"],"_links":{"self":[{"href":"https:\/\/etab.ac-reunion.fr\/clg-chemin-morin\/wp-json\/wp\/v2\/posts\/1286","targetHints":{"allow":["GET"]}}],"collection":[{"href":"https:\/\/etab.ac-reunion.fr\/clg-chemin-morin\/wp-json\/wp\/v2\/posts"}],"about":[{"href":"https:\/\/etab.ac-reunion.fr\/clg-chemin-morin\/wp-json\/wp\/v2\/types\/post"}],"author":[{"embeddable":true,"href":"https:\/\/etab.ac-reunion.fr\/clg-chemin-morin\/wp-json\/wp\/v2\/users\/13978"}],"replies":[{"embeddable":true,"href":"https:\/\/etab.ac-reunion.fr\/clg-chemin-morin\/wp-json\/wp\/v2\/comments?post=1286"}],"version-history":[{"count":2,"href":"https:\/\/etab.ac-reunion.fr\/clg-chemin-morin\/wp-json\/wp\/v2\/posts\/1286\/revisions"}],"predecessor-version":[{"id":1289,"href":"https:\/\/etab.ac-reunion.fr\/clg-chemin-morin\/wp-json\/wp\/v2\/posts\/1286\/revisions\/1289"}],"wp:featuredmedia":[{"embeddable":true,"href":"https:\/\/etab.ac-reunion.fr\/clg-chemin-morin\/wp-json\/wp\/v2\/media\/1288"}],"wp:attachment":[{"href":"https:\/\/etab.ac-reunion.fr\/clg-chemin-morin\/wp-json\/wp\/v2\/media?parent=1286"}],"wp:term":[{"taxonomy":"category","embeddable":true,"href":"https:\/\/etab.ac-reunion.fr\/clg-chemin-morin\/wp-json\/wp\/v2\/categories?post=1286"},{"taxonomy":"post_tag","embeddable":true,"href":"https:\/\/etab.ac-reunion.fr\/clg-chemin-morin\/wp-json\/wp\/v2\/tags?post=1286"}],"curies":[{"name":"wp","href":"https:\/\/api.w.org\/{rel}","templated":true}]}}