{"id":1292,"date":"2019-09-26T20:28:05","date_gmt":"2019-09-26T16:28:05","guid":{"rendered":"http:\/\/college-chemin-morin.ac-reunion.fr\/?p=1292"},"modified":"2019-09-26T20:28:19","modified_gmt":"2019-09-26T16:28:19","slug":"calendrier-de-rencontres-2019-2020-salle-c15","status":"publish","type":"post","link":"https:\/\/etab.ac-reunion.fr\/clg-chemin-morin\/calendrier-de-rencontres-2019-2020-salle-c15\/","title":{"rendered":"CALENDRIER DE  RENCONTRES   2019-2020 salle  C15"},"content":{"rendered":"\n<table class=\"wp-block-table\"><tbody><tr><td>\n  <strong>Dates<\/strong>\n  <\/td><td>\n  <strong>Horaires<\/strong>\n  <\/td><td>\n  <strong>Th\u00e9matiques<\/strong>\n  <strong>&nbsp;<\/strong>\n  <\/td><td>\n  <strong>Intervenants<\/strong>\n  <\/td><\/tr><tr><td>\n  Mardi 3 septembre 2019\n  <\/td><td>\n  8h30-11h\n  <\/td><td>\n  Faisons connaissance!\n  Droits et place des\n  familles \u00e0 l&rsquo;\u00e9cole\n  &nbsp;\n  <\/td><td>\n  &nbsp;\n  Comit\u00e9 de pilotage\n  <\/td><\/tr><tr><td>\n  Mardi 1er octobre\n  &nbsp;\n  <\/td><td>\n  8h30-11h\n  <\/td><td>\n  \u00ab\u00a0Comment\n  booster l&rsquo;estime de soi et \u00e9viter les crises de nos ados\u00a0\u00bb\n  <\/td><td>\n  &nbsp;\n  AMAFAR\n  <\/td><\/tr><tr><td>\n  Mardi 12 novembre\n  &nbsp;\n  <\/td><td>\n  8h30-11h\n  <\/td><td>\n  Les parents acteurs de la\n  r\u00e9ussite de leurs enfants\n  <\/td><td>\n  -PSYEN, M. Fardel\n  -M. Meslet, enseignant\n  -Mme Catiga, MD\n  <\/td><\/tr><tr><td>\n  Mardi 10 d\u00e9cembre\n  &nbsp;\n  <\/td><td>\n  \n  <\/td><td>\n  <strong><em>&nbsp;<\/em><\/strong>\n  <strong><em>Nous\n  sommes de sortie!<\/em><\/strong>\n  Pique-nique partage\n  <\/td><td>\n  <strong><em>&nbsp;<\/em><\/strong>\n  <\/td><\/tr><tr><td>\n  Mardi 4 f\u00e9vrier 2020\n  &nbsp;\n  <\/td><td>\n  8h30-11h\n  <\/td><td>\n  Violences\/harc\u00e8lement \n  <\/td><td>\n  -Association OPAL\n  -M. Sinama (Mairie de St\n  -Andr\u00e9)\n  <\/td><\/tr><tr><td>\n  Mardi 3 mars\n  &nbsp;\n  <\/td><td>\n  8h30-11h\n  <\/td><td>\n  Comment \u00e9duquer quand on\n  est seul?\n  (famille monoparentale)\n  <\/td><td>\n  &nbsp;\n  &nbsp;\n  <\/td><\/tr><tr><td>\n  Mardi 7 avril\n  &nbsp;\n  <\/td><td>\n  8h30-11h\n  <\/td><td>\n  L&rsquo;<strong>orientation <\/strong>en question:\n  Comment aider mon enfant?\n  <\/td><td>\n  -PSYEN, M. Fardel\n  &nbsp;\n  <\/td><\/tr><tr><td>\n  Mardi 19 mai\n  &nbsp;\n  <\/td><td>\n  8h30-11h\n  <\/td><td>\n  Les addictions\/ les dangers\n  des r\u00e9seaux sociaux\n  <\/td><td>\n  Le CSAPA\n  <\/td><\/tr><tr><td>\n  Jeudi 28 mai\n  <\/td><td>\n  \n  <\/td><td>\n  <strong><em>&nbsp;<\/em><\/strong>\n  <strong><em>Nous\n  sommes de sortie!<\/em><\/strong>\n  Pique-nique partage\n  <\/td><td>\n  <strong><em>&nbsp;<\/em><\/strong>\n  <\/td><\/tr><tr><td>\n  Mardi 9 juin\n  &nbsp;\n  <\/td><td>\n  8h30-11h\n  <\/td><td>\n  Sexualit\u00e9 \/contraception\n  Bilan et perspectives\n  <\/td><td>\n  Le Point Info Sant\u00e9\n  <\/td><\/tr><\/tbody><\/table>\n","protected":false},"excerpt":{"rendered":"<p>Dates Horaires Th\u00e9matiques &nbsp; Intervenants Mardi 3 septembre 2019 8h30-11h Faisons connaissance! Droits et place des familles \u00e0 l&rsquo;\u00e9cole &nbsp; &nbsp; Comit\u00e9 de pilotage Mardi 1er octobre &nbsp; 8h30-11h \u00ab\u00a0Comment [&hellip;]<\/p>\n","protected":false},"author":13978,"featured_media":1288,"comment_status":"closed","ping_status":"open","sticky":false,"template":"","format":"standard","meta":{"_et_pb_use_builder":"off","_et_pb_old_content":"","_et_gb_content_width":"","_EventAllDay":false,"_EventTimezone":"","_EventStartDate":"","_EventEndDate":"","_EventStartDateUTC":"","_EventEndDateUTC":"","_EventShowMap":false,"_EventShowMapLink":false,"_EventURL":"","_EventCost":"","_EventCostDescription":"","_EventCurrencySymbol":"","_EventCurrencyCode":"","_EventCurrencyPosition":"","_EventDateTimeSeparator":"","_EventTimeRangeSeparator":"","_EventOrganizerID":[],"_EventVenueID":[],"_OrganizerEmail":"","_OrganizerPhone":"","_OrganizerWebsite":"","_VenueAddress":"","_VenueCity":"","_VenueCountry":"","_VenueProvince":"","_VenueState":"","_VenueZip":"","_VenuePhone":"","_VenueURL":"","_VenueStateProvince":"","_VenueLat":"","_VenueLng":"","_VenueShowMap":false,"_VenueShowMapLink":false,"footnotes":"","_links_to":"","_links_to_target":""},"categories":[1,23],"tags":[],"class_list":["post-1292","post","type-post","status-publish","format-standard","has-post-thumbnail","hentry","category-non-classe","category-informations-parents"],"_links":{"self":[{"href":"https:\/\/etab.ac-reunion.fr\/clg-chemin-morin\/wp-json\/wp\/v2\/posts\/1292","targetHints":{"allow":["GET"]}}],"collection":[{"href":"https:\/\/etab.ac-reunion.fr\/clg-chemin-morin\/wp-json\/wp\/v2\/posts"}],"about":[{"href":"https:\/\/etab.ac-reunion.fr\/clg-chemin-morin\/wp-json\/wp\/v2\/types\/post"}],"author":[{"embeddable":true,"href":"https:\/\/etab.ac-reunion.fr\/clg-chemin-morin\/wp-json\/wp\/v2\/users\/13978"}],"replies":[{"embeddable":true,"href":"https:\/\/etab.ac-reunion.fr\/clg-chemin-morin\/wp-json\/wp\/v2\/comments?post=1292"}],"version-history":[{"count":1,"href":"https:\/\/etab.ac-reunion.fr\/clg-chemin-morin\/wp-json\/wp\/v2\/posts\/1292\/revisions"}],"predecessor-version":[{"id":1293,"href":"https:\/\/etab.ac-reunion.fr\/clg-chemin-morin\/wp-json\/wp\/v2\/posts\/1292\/revisions\/1293"}],"wp:featuredmedia":[{"embeddable":true,"href":"https:\/\/etab.ac-reunion.fr\/clg-chemin-morin\/wp-json\/wp\/v2\/media\/1288"}],"wp:attachment":[{"href":"https:\/\/etab.ac-reunion.fr\/clg-chemin-morin\/wp-json\/wp\/v2\/media?parent=1292"}],"wp:term":[{"taxonomy":"category","embeddable":true,"href":"https:\/\/etab.ac-reunion.fr\/clg-chemin-morin\/wp-json\/wp\/v2\/categories?post=1292"},{"taxonomy":"post_tag","embeddable":true,"href":"https:\/\/etab.ac-reunion.fr\/clg-chemin-morin\/wp-json\/wp\/v2\/tags?post=1292"}],"curies":[{"name":"wp","href":"https:\/\/api.w.org\/{rel}","templated":true}]}}