{"id":1351,"date":"2020-03-20T14:21:00","date_gmt":"2020-03-20T10:21:00","guid":{"rendered":"http:\/\/college-chemin-morin.ac-reunion.fr\/?p=1351"},"modified":"2020-03-21T16:43:37","modified_gmt":"2020-03-21T12:43:37","slug":"spectacles-de-lopera-de-paris-a-visionner-en-ligne","status":"publish","type":"post","link":"https:\/\/etab.ac-reunion.fr\/clg-chemin-morin\/spectacles-de-lopera-de-paris-a-visionner-en-ligne\/","title":{"rendered":"Spectacles de l&rsquo;Op\u00e9ra de Paris \u00e0 visionner en ligne"},"content":{"rendered":"\n<p>Vous \u00eates confin\u00e9s \u00e0 la maison en raison de l&rsquo;\u00e9pid\u00e9mie de Covid-19. Profitez de ce temps pour construire votre culture.<\/p>\n\n\n\n<p>En partenariat avec France T\u00e9l\u00e9visions, l&rsquo;Op\u00e9ra de Paris rend accessible gratuitement en ligne certains de ses spectacles dans leur int\u00e9gralit\u00e9. <\/p>\n\n\n\n<p>D\u00e9couvrez par exemple le ballet de danse classique \u00ab\u00a0Giselle\u00a0\u00bb ou l&rsquo;op\u00e9ra \u00ab\u00a0Manon\u00a0\u00bb de Jules Massenet. D&rsquo;autres spectacles seront accessibles selon l&rsquo;agenda d\u00e9fini.<\/p>\n\n\n\n<p>Rendez-vous sur www.operadeparis.fr et sur france.tvculturebox et \u00e9galement disponibles sur les pages Facebook de l\u2019Op\u00e9ra national de Paris et de france.tvculturebox.\u00a0\u00a0<\/p>\n\n\n\n<p class=\"has-background has-very-light-gray-background-color\"><a href=\"https:\/\/www.operadeparis.fr\/actualites\/spectacles-de-lopera-de-paris-a-redecouvrir-en-ligne\">https:\/\/www.operadeparis.fr\/actualites\/spectacles-de-lopera-de-paris-a-redecouvrir-en-ligne<\/a><\/p>\n","protected":false},"excerpt":{"rendered":"<p>Vous \u00eates confin\u00e9s \u00e0 la maison en raison de l&rsquo;\u00e9pid\u00e9mie de Covid-19. Profitez de ce temps pour construire votre culture. En partenariat avec France T\u00e9l\u00e9visions, l&rsquo;Op\u00e9ra de Paris rend accessible [&hellip;]<\/p>\n","protected":false},"author":178,"featured_media":0,"comment_status":"closed","ping_status":"open","sticky":false,"template":"","format":"standard","meta":{"_et_pb_use_builder":"off","_et_pb_old_content":"","_et_gb_content_width":"","_EventAllDay":false,"_EventTimezone":"","_EventStartDate":"","_EventEndDate":"","_EventStartDateUTC":"","_EventEndDateUTC":"","_EventShowMap":false,"_EventShowMapLink":false,"_EventURL":"","_EventCost":"","_EventCostDescription":"","_EventCurrencySymbol":"","_EventCurrencyCode":"","_EventCurrencyPosition":"","_EventDateTimeSeparator":"","_EventTimeRangeSeparator":"","_EventOrganizerID":[],"_EventVenueID":[],"_OrganizerEmail":"","_OrganizerPhone":"","_OrganizerWebsite":"","_VenueAddress":"","_VenueCity":"","_VenueCountry":"","_VenueProvince":"","_VenueState":"","_VenueZip":"","_VenuePhone":"","_VenueURL":"","_VenueStateProvince":"","_VenueLat":"","_VenueLng":"","_VenueShowMap":false,"_VenueShowMapLink":false,"footnotes":"","_links_to":"","_links_to_target":""},"categories":[1,14],"tags":[],"class_list":["post-1351","post","type-post","status-publish","format-standard","hentry","category-non-classe","category-le-cdi"],"_links":{"self":[{"href":"https:\/\/etab.ac-reunion.fr\/clg-chemin-morin\/wp-json\/wp\/v2\/posts\/1351","targetHints":{"allow":["GET"]}}],"collection":[{"href":"https:\/\/etab.ac-reunion.fr\/clg-chemin-morin\/wp-json\/wp\/v2\/posts"}],"about":[{"href":"https:\/\/etab.ac-reunion.fr\/clg-chemin-morin\/wp-json\/wp\/v2\/types\/post"}],"author":[{"embeddable":true,"href":"https:\/\/etab.ac-reunion.fr\/clg-chemin-morin\/wp-json\/wp\/v2\/users\/178"}],"replies":[{"embeddable":true,"href":"https:\/\/etab.ac-reunion.fr\/clg-chemin-morin\/wp-json\/wp\/v2\/comments?post=1351"}],"version-history":[{"count":3,"href":"https:\/\/etab.ac-reunion.fr\/clg-chemin-morin\/wp-json\/wp\/v2\/posts\/1351\/revisions"}],"predecessor-version":[{"id":1355,"href":"https:\/\/etab.ac-reunion.fr\/clg-chemin-morin\/wp-json\/wp\/v2\/posts\/1351\/revisions\/1355"}],"wp:attachment":[{"href":"https:\/\/etab.ac-reunion.fr\/clg-chemin-morin\/wp-json\/wp\/v2\/media?parent=1351"}],"wp:term":[{"taxonomy":"category","embeddable":true,"href":"https:\/\/etab.ac-reunion.fr\/clg-chemin-morin\/wp-json\/wp\/v2\/categories?post=1351"},{"taxonomy":"post_tag","embeddable":true,"href":"https:\/\/etab.ac-reunion.fr\/clg-chemin-morin\/wp-json\/wp\/v2\/tags?post=1351"}],"curies":[{"name":"wp","href":"https:\/\/api.w.org\/{rel}","templated":true}]}}