{"id":1364,"date":"2020-03-21T16:43:15","date_gmt":"2020-03-21T12:43:15","guid":{"rendered":"http:\/\/college-chemin-morin.ac-reunion.fr\/?p=1364"},"modified":"2020-03-28T11:00:13","modified_gmt":"2020-03-28T07:00:13","slug":"un-peu-de-lecture-pendant-le-confinement","status":"publish","type":"post","link":"https:\/\/etab.ac-reunion.fr\/clg-chemin-morin\/un-peu-de-lecture-pendant-le-confinement\/","title":{"rendered":"Un peu de lecture pendant le confinement"},"content":{"rendered":"\n<div class=\"wp-block-image\"><figure class=\"aligncenter size-medium\"><img loading=\"lazy\" decoding=\"async\" width=\"187\" height=\"300\" src=\"https:\/\/etab.ac-reunion.fr\/clg-chemin-morin\/wp-content\/uploads\/sites\/38\/2020\/03\/li\u0302le-villeminot-187x300.jpg\" alt=\"\" class=\"wp-image-1368\" srcset=\"https:\/\/etab.ac-reunion.fr\/clg-chemin-morin\/wp-content\/uploads\/sites\/38\/2020\/03\/li\u0302le-villeminot-187x300.jpg 187w, https:\/\/etab.ac-reunion.fr\/clg-chemin-morin\/wp-content\/uploads\/sites\/38\/2020\/03\/li\u0302le-villeminot-480x771.jpg 480w, https:\/\/etab.ac-reunion.fr\/clg-chemin-morin\/wp-content\/uploads\/sites\/38\/2020\/03\/li\u0302le-villeminot.jpg 498w\" sizes=\"(max-width: 187px) 100vw, 187px\" \/><figcaption>photo \u00a9oim<\/figcaption><\/figure><\/div>\n\n\n\n<p>Vincent Villeminot est auteur de litt\u00e9rature jeunesse. Il a \u00e9crit \u00ab\u00a0U4 &#8211; St\u00e9phane\u00a0\u00bb, la s\u00e9rie \u00ab\u00a0Les pluies\u00a0\u00bb, ou encore la s\u00e9rie \u00ab\u00a0Instinct\u00a0\u00bb que vous pourrez trouver au CDI lors de notre retour au coll\u00e8ge.<\/p>\n\n\n\n<p>Pendant la p\u00e9riode du confinement, il a choisi d&rsquo;offrir son roman \u00ab\u00a0L&rsquo;\u00eele\u00a0\u00bb \u00e0 ses lecteurs. Chaque jour \u00e0 partir de 18h (heure de m\u00e9tropole), en partenariat avec son \u00e9diteur, il publiera un nouvel \u00e9pisode de cette histoire.<\/p>\n\n\n\n<p>Voici ce qu&rsquo;il \u00e9crit sur sa page Facebook pour pr\u00e9senter ce projet : \u00ab\u00a0Chers confin\u00e9s, Ch\u00e8res confin\u00e9es, Bon, on fait quoi ? Je me demandais comment je pouvais \u00eatre utile, et je me suis dit qu&rsquo;on pouvait continuer de raconter des histoires. Offrir un quart d&rsquo;heure de lecture par jour (ou une heure par semaine) \u00e0 chacun et chacune, comme un rendez-vous commun, tant que tout cela dure. Un feuilleton. [&#8230;]  C&rsquo;est une histoire que j&rsquo;avais commenc\u00e9e au cours de mon s\u00e9jour dans le s\u00e9maphore de l&rsquo;\u00cele d&rsquo;Aix, et provisoirement mise au repos. Je n&rsquo;arrivais pas \u00e0 l&rsquo;\u00e9crire hors de l&rsquo;\u00eele. Mais d\u00e9sormais, nous sommes des archipels\u2026 Depuis deux jours, je suis en train de tout reprendre, pour reconstruire le d\u00e9but en feuilletons quotidiens. J&rsquo;ai pour l&rsquo;heure, en gros, deux semaines d&rsquo;avance sur vous, les lecteurs et lectrices. Maintenant, il va falloir inventer la suite, les deux derniers tiers, la fin, et les deadlines vont se raccourcir.  [&#8230;]\u00a0\u00bb<\/p>\n\n\n\n<p>\u00ab\u00a0L&rsquo;\u00eele\u00a0\u00bb raconte l&rsquo;histoire de huit gamins sur leur \u00eele coup\u00e9e de tout, avec vue sur le monde en flammes. Une forme de confinement&#8230;<\/p>\n\n\n\n<p>Bonne lecture !<\/p>\n\n\n\n<p class=\"has-background has-very-light-gray-background-color\"> <a rel=\"noreferrer noopener\" href=\"https:\/\/l.facebook.com\/l.php?u=https%3A%2F%2Ffr.calameo.com%2Fread%2F006189501b879d3f34348%3Fauthid%3DAY6g3jdQUpSO%26fbclid%3DIwAR1pfrQ5bnOAbkRQLEUA9bPtik3lTJt4oplr3UzcJiw92MUFV62a2EjkINE&amp;h=AT0YSl7pr1xEj-1cZ-pgAZgj2dUqO2tv5tfc3YwWCrN0X1ZDajkWiIaSjQcT_-Cw9jL7UT8A4NReffD7pIoVAlAnI7lNOGzepOTziwo5F9Zxthm15pPB_VAk4tx7Hvg7u_lWkT8&amp;__tn__=-UK-R&amp;c[0]=AT19apLnG39V2UxoaMVpk-GOsRvnNxq1c4CW-yoWt9DuHqRg6L5fhSUyeGNzqmzJMngh_FqRfSzdR26mJkU0K5SY7lM6zEQga7ywSi6U_1jWz541rj_repsLwR8By5tINZpsJupuJT_DFJv8L46p\" target=\"_blank\">https:\/\/fr.calameo.com\/read\/006189501b879d3f34348?authid=AY6g3jdQUpSO&amp;fbclid=IwAR06glAZupCiHBXti4z2Q4fNAoTQmzZp5Bh_jZ8daOJhXBlIoQgt-P-oG0k<\/a><\/p>\n\n\n\n<p><\/p>\n","protected":false},"excerpt":{"rendered":"<p>Vincent Villeminot est auteur de litt\u00e9rature jeunesse. Il a \u00e9crit \u00ab\u00a0U4 &#8211; St\u00e9phane\u00a0\u00bb, la s\u00e9rie \u00ab\u00a0Les pluies\u00a0\u00bb, ou encore la s\u00e9rie \u00ab\u00a0Instinct\u00a0\u00bb que vous pourrez trouver au CDI lors de [&hellip;]<\/p>\n","protected":false},"author":178,"featured_media":0,"comment_status":"closed","ping_status":"open","sticky":false,"template":"","format":"standard","meta":{"_et_pb_use_builder":"off","_et_pb_old_content":"","_et_gb_content_width":"","_EventAllDay":false,"_EventTimezone":"","_EventStartDate":"","_EventEndDate":"","_EventStartDateUTC":"","_EventEndDateUTC":"","_EventShowMap":false,"_EventShowMapLink":false,"_EventURL":"","_EventCost":"","_EventCostDescription":"","_EventCurrencySymbol":"","_EventCurrencyCode":"","_EventCurrencyPosition":"","_EventDateTimeSeparator":"","_EventTimeRangeSeparator":"","_EventOrganizerID":[],"_EventVenueID":[],"_OrganizerEmail":"","_OrganizerPhone":"","_OrganizerWebsite":"","_VenueAddress":"","_VenueCity":"","_VenueCountry":"","_VenueProvince":"","_VenueState":"","_VenueZip":"","_VenuePhone":"","_VenueURL":"","_VenueStateProvince":"","_VenueLat":"","_VenueLng":"","_VenueShowMap":false,"_VenueShowMapLink":false,"footnotes":"","_links_to":"","_links_to_target":""},"categories":[1,14],"tags":[],"class_list":["post-1364","post","type-post","status-publish","format-standard","hentry","category-non-classe","category-le-cdi"],"_links":{"self":[{"href":"https:\/\/etab.ac-reunion.fr\/clg-chemin-morin\/wp-json\/wp\/v2\/posts\/1364","targetHints":{"allow":["GET"]}}],"collection":[{"href":"https:\/\/etab.ac-reunion.fr\/clg-chemin-morin\/wp-json\/wp\/v2\/posts"}],"about":[{"href":"https:\/\/etab.ac-reunion.fr\/clg-chemin-morin\/wp-json\/wp\/v2\/types\/post"}],"author":[{"embeddable":true,"href":"https:\/\/etab.ac-reunion.fr\/clg-chemin-morin\/wp-json\/wp\/v2\/users\/178"}],"replies":[{"embeddable":true,"href":"https:\/\/etab.ac-reunion.fr\/clg-chemin-morin\/wp-json\/wp\/v2\/comments?post=1364"}],"version-history":[{"count":7,"href":"https:\/\/etab.ac-reunion.fr\/clg-chemin-morin\/wp-json\/wp\/v2\/posts\/1364\/revisions"}],"predecessor-version":[{"id":1421,"href":"https:\/\/etab.ac-reunion.fr\/clg-chemin-morin\/wp-json\/wp\/v2\/posts\/1364\/revisions\/1421"}],"wp:attachment":[{"href":"https:\/\/etab.ac-reunion.fr\/clg-chemin-morin\/wp-json\/wp\/v2\/media?parent=1364"}],"wp:term":[{"taxonomy":"category","embeddable":true,"href":"https:\/\/etab.ac-reunion.fr\/clg-chemin-morin\/wp-json\/wp\/v2\/categories?post=1364"},{"taxonomy":"post_tag","embeddable":true,"href":"https:\/\/etab.ac-reunion.fr\/clg-chemin-morin\/wp-json\/wp\/v2\/tags?post=1364"}],"curies":[{"name":"wp","href":"https:\/\/api.w.org\/{rel}","templated":true}]}}