{"id":1405,"date":"2020-03-25T18:51:40","date_gmt":"2020-03-25T14:51:40","guid":{"rendered":"http:\/\/college-chemin-morin.ac-reunion.fr\/?p=1405"},"modified":"2020-04-16T16:26:46","modified_gmt":"2020-04-16T12:26:46","slug":"continuite-de-service-des-centres-dinformation-et-dorientation","status":"publish","type":"post","link":"https:\/\/etab.ac-reunion.fr\/clg-chemin-morin\/continuite-de-service-des-centres-dinformation-et-dorientation\/","title":{"rendered":"Continuit\u00e9 de service des Centres d&rsquo;Information et d&rsquo;Orientation"},"content":{"rendered":"\n<p>Mesdames, Messieurs, chers parents,<\/p>\n\n\n\n<p>M. FARDEL, Psy-EN au coll\u00e8ge reste joignable pour vous\naccompagner sur toute demande d&rsquo;aide et d&rsquo;accompagnement concernant les v\u0153ux\nd&rsquo;orientation post 3e mais \u00e9galement pour tous les autres niveaux, pour toutes\ninterrogations et besoins sp\u00e9cifiques des \u00e9l\u00e8ves et des familles. <\/p>\n\n\n\n<p>Ses coordonn\u00e9es sont les suivantes : <a href=\"mailto:Gille-Frantz-E.Fardel@ac-reunion.fr\">Gilles-Frantz-E.Fardel@ac-reunion.fr<\/a><\/p>\n\n\n\n<p>La Direction.<\/p>\n","protected":false},"excerpt":{"rendered":"<p>Mesdames, Messieurs, chers parents, M. FARDEL, Psy-EN au coll\u00e8ge reste joignable pour vous accompagner sur toute demande d&rsquo;aide et d&rsquo;accompagnement concernant les v\u0153ux d&rsquo;orientation post 3e mais \u00e9galement pour tous [&hellip;]<\/p>\n","protected":false},"author":13978,"featured_media":0,"comment_status":"closed","ping_status":"open","sticky":false,"template":"","format":"standard","meta":{"_et_pb_use_builder":"off","_et_pb_old_content":"","_et_gb_content_width":"","_EventAllDay":false,"_EventTimezone":"","_EventStartDate":"","_EventEndDate":"","_EventStartDateUTC":"","_EventEndDateUTC":"","_EventShowMap":false,"_EventShowMapLink":false,"_EventURL":"","_EventCost":"","_EventCostDescription":"","_EventCurrencySymbol":"","_EventCurrencyCode":"","_EventCurrencyPosition":"","_EventDateTimeSeparator":"","_EventTimeRangeSeparator":"","_EventOrganizerID":[],"_EventVenueID":[],"_OrganizerEmail":"","_OrganizerPhone":"","_OrganizerWebsite":"","_VenueAddress":"","_VenueCity":"","_VenueCountry":"","_VenueProvince":"","_VenueState":"","_VenueZip":"","_VenuePhone":"","_VenueURL":"","_VenueStateProvince":"","_VenueLat":"","_VenueLng":"","_VenueShowMap":false,"_VenueShowMapLink":false,"footnotes":"","_links_to":"","_links_to_target":""},"categories":[1,23,20],"tags":[],"class_list":["post-1405","post","type-post","status-publish","format-standard","hentry","category-non-classe","category-informations-parents","category-informations-pratiques"],"_links":{"self":[{"href":"https:\/\/etab.ac-reunion.fr\/clg-chemin-morin\/wp-json\/wp\/v2\/posts\/1405","targetHints":{"allow":["GET"]}}],"collection":[{"href":"https:\/\/etab.ac-reunion.fr\/clg-chemin-morin\/wp-json\/wp\/v2\/posts"}],"about":[{"href":"https:\/\/etab.ac-reunion.fr\/clg-chemin-morin\/wp-json\/wp\/v2\/types\/post"}],"author":[{"embeddable":true,"href":"https:\/\/etab.ac-reunion.fr\/clg-chemin-morin\/wp-json\/wp\/v2\/users\/13978"}],"replies":[{"embeddable":true,"href":"https:\/\/etab.ac-reunion.fr\/clg-chemin-morin\/wp-json\/wp\/v2\/comments?post=1405"}],"version-history":[{"count":5,"href":"https:\/\/etab.ac-reunion.fr\/clg-chemin-morin\/wp-json\/wp\/v2\/posts\/1405\/revisions"}],"predecessor-version":[{"id":1507,"href":"https:\/\/etab.ac-reunion.fr\/clg-chemin-morin\/wp-json\/wp\/v2\/posts\/1405\/revisions\/1507"}],"wp:attachment":[{"href":"https:\/\/etab.ac-reunion.fr\/clg-chemin-morin\/wp-json\/wp\/v2\/media?parent=1405"}],"wp:term":[{"taxonomy":"category","embeddable":true,"href":"https:\/\/etab.ac-reunion.fr\/clg-chemin-morin\/wp-json\/wp\/v2\/categories?post=1405"},{"taxonomy":"post_tag","embeddable":true,"href":"https:\/\/etab.ac-reunion.fr\/clg-chemin-morin\/wp-json\/wp\/v2\/tags?post=1405"}],"curies":[{"name":"wp","href":"https:\/\/api.w.org\/{rel}","templated":true}]}}