{"id":1424,"date":"2020-03-28T14:24:55","date_gmt":"2020-03-28T10:24:55","guid":{"rendered":"http:\/\/college-chemin-morin.ac-reunion.fr\/?p=1424"},"modified":"2020-03-28T14:24:55","modified_gmt":"2020-03-28T10:24:55","slug":"secrets-dhistoire","status":"publish","type":"post","link":"https:\/\/etab.ac-reunion.fr\/clg-chemin-morin\/secrets-dhistoire\/","title":{"rendered":"Secrets d&rsquo;Histoire"},"content":{"rendered":"\n<p>\u00ab\u00a0Secrets d&rsquo;histoire\u00a0\u00bb est une \u00e9mission de t\u00e9l\u00e9vision pr\u00e9sent\u00e9e par St\u00e9phane Bern et diffus\u00e9e sur la chaine France 3. Chaque num\u00e9ro retrace la vie d&rsquo;un grand personnage de l&rsquo;histoire et met en lumi\u00e8re des lieux hautement\u00a0embl\u00e9matiques du patrimoine.<\/p>\n\n\n\n<p>Voici une s\u00e9lection faite parmi les nombreuses vid\u00e9os mises \u00e0 disposition sur la page YouTube de l&rsquo;\u00e9mission :<\/p>\n\n\n\n<p class=\"has-background has-very-light-gray-background-color\">\u00ab\u00a0L\u00e9onard de Vinci, le g\u00e9nie sans fronti\u00e8res\u00a0\u00bb :  <a href=\"https:\/\/www.youtube.com\/watch?v=_6HWKQ1q4p0\">https:\/\/www.youtube.com\/watch?v=_6HWKQ1q4p0<\/a><\/p>\n\n\n\n<p class=\"has-background has-very-light-gray-background-color\">\u00ab\u00a0Mozart : la libert\u00e9 ou la mort !\u00a0\u00bb\u00a0: <a href=\"https:\/\/www.youtube.com\/watch?v=FyAJhYtYc-8\">https:\/\/www.youtube.com\/watch?v=FyAJhYtYc-8<\/a><\/p>\n\n\n\n<p class=\"has-background has-very-light-gray-background-color\">\u00ab\u00a0Claude Monet : jardins secrets \u00e0 Giverny\u00a0\u00bb : <a href=\"https:\/\/www.youtube.com\/watch?v=PozU1OuMszE\">https:\/\/www.youtube.com\/watch?v=PozU1OuMszE<\/a><\/p>\n\n\n\n<p class=\"has-background has-very-light-gray-background-color\">\u00ab\u00a0Jeanne d&rsquo;Arc, au nom de Dieu\u00a0\u00bb : <a href=\"https:\/\/www.youtube.com\/watch?v=lrmLuvLwUUU&amp;t=25s\">https:\/\/www.youtube.com\/watch?v=lrmLuvLwUUU&amp;t=25s<\/a><\/p>\n\n\n\n<p class=\"has-background has-very-light-gray-background-color\">\u00ab\u00a0Jean de La Fontaine, l&rsquo;homme \u00e0 fables\u00a0\u00bb : <a href=\"https:\/\/www.youtube.com\/watch?v=kLVZDEtnLdU&amp;t=181s\">https:\/\/www.youtube.com\/watch?v=kLVZDEtnLdU&amp;t=181s<\/a><\/p>\n\n\n\n<p class=\"has-background has-very-light-gray-background-color\">\u00ab\u00a0De Gaulle, le dernier des g\u00e9ants\u00a0\u00bb : <a href=\"https:\/\/www.youtube.com\/watch?v=RozH1_9zaVA\">https:\/\/www.youtube.com\/watch?v=RozH1_9zaVA<\/a><\/p>\n\n\n\n<p class=\"has-background has-light-green-cyan-background-color\">Pour d&rsquo;autres vid\u00e9os, rendez-vous sur la page d&rsquo;accueil de la cha\u00eene YouTube de l&rsquo;\u00e9mission : <a href=\"https:\/\/www.youtube.com\/channel\/UC38MST1QfDAypgrjjr6FPBw\">https:\/\/www.youtube.com\/channel\/UC38MST1QfDAypgrjjr6FPBw<\/a><br><\/p>\n","protected":false},"excerpt":{"rendered":"<p>\u00ab\u00a0Secrets d&rsquo;histoire\u00a0\u00bb est une \u00e9mission de t\u00e9l\u00e9vision pr\u00e9sent\u00e9e par St\u00e9phane Bern et diffus\u00e9e sur la chaine France 3. Chaque num\u00e9ro retrace la vie d&rsquo;un grand personnage de l&rsquo;histoire et met [&hellip;]<\/p>\n","protected":false},"author":178,"featured_media":0,"comment_status":"closed","ping_status":"open","sticky":false,"template":"","format":"standard","meta":{"_et_pb_use_builder":"off","_et_pb_old_content":"","_et_gb_content_width":"","_EventAllDay":false,"_EventTimezone":"","_EventStartDate":"","_EventEndDate":"","_EventStartDateUTC":"","_EventEndDateUTC":"","_EventShowMap":false,"_EventShowMapLink":false,"_EventURL":"","_EventCost":"","_EventCostDescription":"","_EventCurrencySymbol":"","_EventCurrencyCode":"","_EventCurrencyPosition":"","_EventDateTimeSeparator":"","_EventTimeRangeSeparator":"","_EventOrganizerID":[],"_EventVenueID":[],"_OrganizerEmail":"","_OrganizerPhone":"","_OrganizerWebsite":"","_VenueAddress":"","_VenueCity":"","_VenueCountry":"","_VenueProvince":"","_VenueState":"","_VenueZip":"","_VenuePhone":"","_VenueURL":"","_VenueStateProvince":"","_VenueLat":"","_VenueLng":"","_VenueShowMap":false,"_VenueShowMapLink":false,"footnotes":"","_links_to":"","_links_to_target":""},"categories":[1,14],"tags":[],"class_list":["post-1424","post","type-post","status-publish","format-standard","hentry","category-non-classe","category-le-cdi"],"_links":{"self":[{"href":"https:\/\/etab.ac-reunion.fr\/clg-chemin-morin\/wp-json\/wp\/v2\/posts\/1424","targetHints":{"allow":["GET"]}}],"collection":[{"href":"https:\/\/etab.ac-reunion.fr\/clg-chemin-morin\/wp-json\/wp\/v2\/posts"}],"about":[{"href":"https:\/\/etab.ac-reunion.fr\/clg-chemin-morin\/wp-json\/wp\/v2\/types\/post"}],"author":[{"embeddable":true,"href":"https:\/\/etab.ac-reunion.fr\/clg-chemin-morin\/wp-json\/wp\/v2\/users\/178"}],"replies":[{"embeddable":true,"href":"https:\/\/etab.ac-reunion.fr\/clg-chemin-morin\/wp-json\/wp\/v2\/comments?post=1424"}],"version-history":[{"count":1,"href":"https:\/\/etab.ac-reunion.fr\/clg-chemin-morin\/wp-json\/wp\/v2\/posts\/1424\/revisions"}],"predecessor-version":[{"id":1425,"href":"https:\/\/etab.ac-reunion.fr\/clg-chemin-morin\/wp-json\/wp\/v2\/posts\/1424\/revisions\/1425"}],"wp:attachment":[{"href":"https:\/\/etab.ac-reunion.fr\/clg-chemin-morin\/wp-json\/wp\/v2\/media?parent=1424"}],"wp:term":[{"taxonomy":"category","embeddable":true,"href":"https:\/\/etab.ac-reunion.fr\/clg-chemin-morin\/wp-json\/wp\/v2\/categories?post=1424"},{"taxonomy":"post_tag","embeddable":true,"href":"https:\/\/etab.ac-reunion.fr\/clg-chemin-morin\/wp-json\/wp\/v2\/tags?post=1424"}],"curies":[{"name":"wp","href":"https:\/\/api.w.org\/{rel}","templated":true}]}}