{"id":1426,"date":"2020-03-28T15:23:05","date_gmt":"2020-03-28T11:23:05","guid":{"rendered":"http:\/\/college-chemin-morin.ac-reunion.fr\/?p=1426"},"modified":"2020-03-28T15:23:05","modified_gmt":"2020-03-28T11:23:05","slug":"franceculture-une-selection-de-fictions-jeunesse-a-ecouter","status":"publish","type":"post","link":"https:\/\/etab.ac-reunion.fr\/clg-chemin-morin\/franceculture-une-selection-de-fictions-jeunesse-a-ecouter\/","title":{"rendered":"FranceCulture : une s\u00e9lection de fictions jeunesse \u00e0 \u00e9couter"},"content":{"rendered":"\n<p>Le site de FranceCulture rend accessible un choix de fictions pour la jeunesse en version sonore. <\/p>\n\n\n\n<p class=\"has-background has-very-light-gray-background-color\">Trois contes de Hans Christian Andersen (\u00ab\u00a0Le gar\u00e7on porcher\u00a0\u00bb, \u00ab\u00a0La princesse au petit pois\u00a0\u00bb, \u00ab\u00a0Le costume neuf de l&#8217;empereur\u00a0\u00bb)<br><a href=\"https:\/\/www.franceculture.fr\/emissions\/lectures-denfance\/le-garcon-porcher-la-princesse-au-petit-pois-et-le-costume-neuf-de\">https:\/\/www.franceculture.fr\/emissions\/lectures-denfance\/le-garcon-porcher-la-princesse-au-petit-pois-et-le-costume-neuf-de<\/a><\/p>\n\n\n\n<p class=\"has-background has-pale-cyan-blue-background-color\">\u00ab\u00a0L&rsquo;enfant d&rsquo;\u00e9l\u00e9phant\u00a0\u00bb et \u00ab\u00a0Le rhinoc\u00e9ros et sa peau\u00a0\u00bb, extraits du recueil \u00ab\u00a0Histoires comme \u00e7a\u00a0\u00bb de Rudyard Kipling<br><a href=\"https:\/\/www.franceculture.fr\/emissions\/lectures-denfance\/lenfant-delephant-et-le-rhinoceros-et-sa-peau-de-rudyard-kipling\">https:\/\/www.franceculture.fr\/emissions\/lectures-denfance\/lenfant-delephant-et-le-rhinoceros-et-sa-peau-de-rudyard-kipling<\/a><\/p>\n\n\n\n<p class=\"has-background has-very-light-gray-background-color\">\u00ab\u00a0Ast\u00e9rix : La zizanie\u00a0\u00bb, d&rsquo;apr\u00e8s Goscinny et Uderzo<br><a href=\"https:\/\/www.franceculture.fr\/emissions\/fictions-theatre-et-cie\/la-zizanie-dapres-lalbum-de-rene-goscinny-et-albert-uderzo\">https:\/\/www.franceculture.fr\/emissions\/fictions-theatre-et-cie\/la-zizanie-dapres-lalbum-de-rene-goscinny-et-albert-uderzo<\/a><\/p>\n\n\n\n<p class=\"has-background has-pale-cyan-blue-background-color\">\u00ab\u00a0Les aventures de Tintin : Les Cigares du pharaon\u00a0\u00bb, d&rsquo;apr\u00e8s Herg\u00e9<br><a href=\"https:\/\/www.franceculture.fr\/emissions\/fictions-le-feuilleton\/les-cigares-du-pharaon\">https:\/\/www.franceculture.fr\/emissions\/fictions-le-feuilleton\/les-cigares-du-pharaon<\/a><\/p>\n\n\n\n<p class=\"has-background has-very-light-gray-background-color\">\u00ab\u00a0Les aventure de Tintin : Le Lotus bleu\u00a0\u00bb, d&rsquo;apr\u00e8s Herg\u00e9<br><a href=\"https:\/\/www.franceculture.fr\/emissions\/fictions-le-feuilleton\/les-aventures-de-tintin-le-lotus-bleu\">https:\/\/www.franceculture.fr\/emissions\/fictions-le-feuilleton\/les-aventures-de-tintin-le-lotus-bleu<\/a><\/p>\n\n\n\n<p class=\"has-background has-pale-cyan-blue-background-color\">\u00ab\u00a0Les aventures de Tintin : Les 7 boules de cristal\u00a0\u00bb, d&rsquo;apr\u00e8s Herg\u00e9<br><a href=\"https:\/\/www.franceculture.fr\/emissions\/fictions-le-feuilleton\/les-aventures-de-tintin-les-7-boules-de-cristal\">https:\/\/www.franceculture.fr\/emissions\/fictions-le-feuilleton\/les-aventures-de-tintin-les-7-boules-de-cristal<\/a><\/p>\n\n\n\n<p class=\"has-background has-very-light-gray-background-color\">\u00ab\u00a0Les aventures de Tintin : Le Temple du soleil\u00a0\u00bb, d&rsquo;apr\u00e8s Herg\u00e9<br><a href=\"https:\/\/www.franceculture.fr\/emissions\/fictions-le-feuilleton\/les-aventures-de-tintin-le-temple-du-soleil\">https:\/\/www.franceculture.fr\/emissions\/fictions-le-feuilleton\/les-aventures-de-tintin-le-temple-du-soleil<\/a><\/p>\n\n\n\n<p class=\"has-background has-pale-cyan-blue-background-color\">Cinq extraits de \u00ab\u00a0Les aventures de Mowgli\u00a0\u00bb de Rudyard Kipling<br>Chacune de ces histoires raconte un \u00e9pisode de l\u2019enfance de Mowgli et, sans se suivre, elles se r\u00e9pondent, et r\u00e9v\u00e8lent la destin\u00e9e de ce petit d\u2019homme recueilli et \u00e9lev\u00e9 par des loups dans la jungle indienne.<br><a href=\"https:\/\/www.franceculture.fr\/emissions\/fictions-le-feuilleton\/les-aventures-de-mowgli-de-joseph-rudyard-kipling\">https:\/\/www.franceculture.fr\/emissions\/fictions-le-feuilleton\/les-aventures-de-mowgli-de-joseph-rudyard-kipling<\/a><\/p>\n\n\n\n<p class=\"has-background has-very-light-gray-background-color\">\u00ab\u00a0Peter Pan ou l&rsquo;enfant qui ne grandissait pas\u00a0\u00bb, adaptation d&rsquo;apr\u00e8s le roman de J.M. Barrie<br><a href=\"https:\/\/www.franceculture.fr\/emissions\/fictions-theatre-et-cie\/peter-pan-ou-le-garcon-qui-ne-grandissait-pas-0\">https:\/\/www.franceculture.fr\/emissions\/fictions-theatre-et-cie\/peter-pan-ou-le-garcon-qui-ne-grandissait-pas-0<\/a><\/p>\n\n\n\n<p class=\"has-background has-pale-cyan-blue-background-color\">\u00ab\u00a0Une aventure de Tom Sawyer\u00a0\u00bb, adaptation d&rsquo;apr\u00e8s le roman de Mark Twain<br><a href=\"https:\/\/www.franceculture.fr\/emissions\/fictions-samedi-noir\/une-aventure-de-tom-sawyer-dapres-mark-twain\">https:\/\/www.franceculture.fr\/emissions\/fictions-samedi-noir\/une-aventure-de-tom-sawyer-dapres-mark-twain<\/a><\/p>\n\n\n\n<p class=\"has-background has-very-light-gray-background-color\">\u00ab\u00a0Une aventure de Huckleberry Finn\u00a0\u00bb, adaptation d&rsquo;apr\u00e8s le roman de Mark Twain<br><a href=\"https:\/\/www.franceculture.fr\/emissions\/fictions-theatre-et-cie\/une-aventure-de-huckleberry-finn-de-mark-twain-0\">https:\/\/www.franceculture.fr\/emissions\/fictions-theatre-et-cie\/une-aventure-de-huckleberry-finn-de-mark-twain-0<\/a><\/p>\n\n\n\n<p class=\"has-background has-pale-cyan-blue-background-color\">\u00ab\u00a0Moby Dick\u00a0\u00bb, adaptation d&rsquo;apr\u00e8s le roman de Hermann Melville<br><a href=\"https:\/\/www.franceculture.fr\/emissions\/fictions-theatre-et-cie\/moby-dick-dapres-le-roman-de-herman-melville\">https:\/\/www.franceculture.fr\/emissions\/fictions-theatre-et-cie\/moby-dick-dapres-le-roman-de-herman-melville<\/a><\/p>\n\n\n\n<p class=\"has-background has-very-light-gray-background-color\">\u00ab\u00a0Le capitaine Fracasse\u00a0\u00bb, adaptation d&rsquo;apr\u00e8s le roman de Th\u00e9ophile Gautier<br><a href=\"https:\/\/www.franceculture.fr\/emissions\/fictions-samedi-noir\/capitaine-fracasse-de-stephane-michaka\">https:\/\/www.franceculture.fr\/emissions\/fictions-samedi-noir\/capitaine-fracasse-de-stephane-michaka<\/a><\/p>\n\n\n\n<p class=\"has-background has-pale-cyan-blue-background-color\">\u00ab\u00a0Gatsby le magnifique\u00a0\u00bb, adaptation d&rsquo;apr\u00e8s le roman de Francis Scott Fitzgerald (de pr\u00e9f\u00e9rence pour les 3\u00e8mes)<br><a href=\"https:\/\/www.franceculture.fr\/emissions\/fictions-theatre-et-cie\/gatsby-le-magnifique-de-francis-scott-fitzgerald\">https:\/\/www.franceculture.fr\/emissions\/fictions-theatre-et-cie\/gatsby-le-magnifique-de-francis-scott-fitzgerald<\/a><\/p>\n","protected":false},"excerpt":{"rendered":"<p>Le site de FranceCulture rend accessible un choix de fictions pour la jeunesse en version sonore. Trois contes de Hans Christian Andersen (\u00ab\u00a0Le gar\u00e7on porcher\u00a0\u00bb, \u00ab\u00a0La princesse au petit pois\u00a0\u00bb, [&hellip;]<\/p>\n","protected":false},"author":178,"featured_media":0,"comment_status":"closed","ping_status":"open","sticky":false,"template":"","format":"standard","meta":{"_et_pb_use_builder":"off","_et_pb_old_content":"","_et_gb_content_width":"","_EventAllDay":false,"_EventTimezone":"","_EventStartDate":"","_EventEndDate":"","_EventStartDateUTC":"","_EventEndDateUTC":"","_EventShowMap":false,"_EventShowMapLink":false,"_EventURL":"","_EventCost":"","_EventCostDescription":"","_EventCurrencySymbol":"","_EventCurrencyCode":"","_EventCurrencyPosition":"","_EventDateTimeSeparator":"","_EventTimeRangeSeparator":"","_EventOrganizerID":[],"_EventVenueID":[],"_OrganizerEmail":"","_OrganizerPhone":"","_OrganizerWebsite":"","_VenueAddress":"","_VenueCity":"","_VenueCountry":"","_VenueProvince":"","_VenueState":"","_VenueZip":"","_VenuePhone":"","_VenueURL":"","_VenueStateProvince":"","_VenueLat":"","_VenueLng":"","_VenueShowMap":false,"_VenueShowMapLink":false,"footnotes":"","_links_to":"","_links_to_target":""},"categories":[1,14],"tags":[],"class_list":["post-1426","post","type-post","status-publish","format-standard","hentry","category-non-classe","category-le-cdi"],"_links":{"self":[{"href":"https:\/\/etab.ac-reunion.fr\/clg-chemin-morin\/wp-json\/wp\/v2\/posts\/1426","targetHints":{"allow":["GET"]}}],"collection":[{"href":"https:\/\/etab.ac-reunion.fr\/clg-chemin-morin\/wp-json\/wp\/v2\/posts"}],"about":[{"href":"https:\/\/etab.ac-reunion.fr\/clg-chemin-morin\/wp-json\/wp\/v2\/types\/post"}],"author":[{"embeddable":true,"href":"https:\/\/etab.ac-reunion.fr\/clg-chemin-morin\/wp-json\/wp\/v2\/users\/178"}],"replies":[{"embeddable":true,"href":"https:\/\/etab.ac-reunion.fr\/clg-chemin-morin\/wp-json\/wp\/v2\/comments?post=1426"}],"version-history":[{"count":1,"href":"https:\/\/etab.ac-reunion.fr\/clg-chemin-morin\/wp-json\/wp\/v2\/posts\/1426\/revisions"}],"predecessor-version":[{"id":1427,"href":"https:\/\/etab.ac-reunion.fr\/clg-chemin-morin\/wp-json\/wp\/v2\/posts\/1426\/revisions\/1427"}],"wp:attachment":[{"href":"https:\/\/etab.ac-reunion.fr\/clg-chemin-morin\/wp-json\/wp\/v2\/media?parent=1426"}],"wp:term":[{"taxonomy":"category","embeddable":true,"href":"https:\/\/etab.ac-reunion.fr\/clg-chemin-morin\/wp-json\/wp\/v2\/categories?post=1426"},{"taxonomy":"post_tag","embeddable":true,"href":"https:\/\/etab.ac-reunion.fr\/clg-chemin-morin\/wp-json\/wp\/v2\/tags?post=1426"}],"curies":[{"name":"wp","href":"https:\/\/api.w.org\/{rel}","templated":true}]}}