{"id":1431,"date":"2020-04-02T10:45:56","date_gmt":"2020-04-02T06:45:56","guid":{"rendered":"http:\/\/college-chemin-morin.ac-reunion.fr\/?p=1431"},"modified":"2020-04-02T11:17:39","modified_gmt":"2020-04-02T07:17:39","slug":"continuite-pedagogique-pour-les-eleves-a-besoins-educatifs-particuliers","status":"publish","type":"post","link":"https:\/\/etab.ac-reunion.fr\/clg-chemin-morin\/continuite-pedagogique-pour-les-eleves-a-besoins-educatifs-particuliers\/","title":{"rendered":"Continuit\u00e9 p\u00e9dagogique pour les \u00e9l\u00e8ves \u00e0 besoins \u00e9ducatifs particuliers"},"content":{"rendered":"\n<p> Le minist\u00e8re a mis en ligne aujourd\u2019hui sur sa page Eduscol un ensemble de liens pour aider les familles des \u00e9l\u00e8ves en situation de handicap \u00e0 assurer une continuit\u00e9 p\u00e9dagogique \u00e0 domicile dans le cadre du confinement actuel.  \u00a0 <\/p>\n\n\n\n<p> <a href=\"https:\/\/eduscol.education.fr\/cid150809\/continuite-pedagogique-pour-les-eleves-a-besoins-educatifs-particuliers.html\">https:\/\/eduscol.education.fr\/cid150809\/continuite-pedagogique-pour-les-eleves-a-besoins-educatifs-particuliers.html<\/a>  <\/p>\n\n\n\n<p>ci-joint le PDF du lien <\/p>\n\n\n\n<div class=\"wp-block-file\"><a href=\"https:\/\/etab.ac-reunion.fr\/clg-chemin-morin\/wp-content\/uploads\/sites\/38\/2020\/04\/Continuit\u00e9-p\u00e9dagogique-pour-les-\u00e9l\u00e8ves-\u00e0-besoins-\u00e9ducatifs-particuliers.pdf\">Continuit\u00e9-p\u00e9dagogique-pour-les-\u00e9l\u00e8ves-\u00e0-besoins-\u00e9ducatifs-particuliers<\/a><a href=\"https:\/\/etab.ac-reunion.fr\/clg-chemin-morin\/wp-content\/uploads\/sites\/38\/2020\/04\/Continuit\u00e9-p\u00e9dagogique-pour-les-\u00e9l\u00e8ves-\u00e0-besoins-\u00e9ducatifs-particuliers.pdf\" class=\"wp-block-file__button\" download>T\u00e9l\u00e9charger<\/a><\/div>\n","protected":false},"excerpt":{"rendered":"<p>Le minist\u00e8re a mis en ligne aujourd\u2019hui sur sa page Eduscol un ensemble de liens pour aider les familles des \u00e9l\u00e8ves en situation de handicap \u00e0 assurer une continuit\u00e9 p\u00e9dagogique [&hellip;]<\/p>\n","protected":false},"author":13978,"featured_media":0,"comment_status":"closed","ping_status":"open","sticky":false,"template":"","format":"standard","meta":{"_et_pb_use_builder":"off","_et_pb_old_content":"","_et_gb_content_width":"","_EventAllDay":false,"_EventTimezone":"","_EventStartDate":"","_EventEndDate":"","_EventStartDateUTC":"","_EventEndDateUTC":"","_EventShowMap":false,"_EventShowMapLink":false,"_EventURL":"","_EventCost":"","_EventCostDescription":"","_EventCurrencySymbol":"","_EventCurrencyCode":"","_EventCurrencyPosition":"","_EventDateTimeSeparator":"","_EventTimeRangeSeparator":"","_EventOrganizerID":[],"_EventVenueID":[],"_OrganizerEmail":"","_OrganizerPhone":"","_OrganizerWebsite":"","_VenueAddress":"","_VenueCity":"","_VenueCountry":"","_VenueProvince":"","_VenueState":"","_VenueZip":"","_VenuePhone":"","_VenueURL":"","_VenueStateProvince":"","_VenueLat":"","_VenueLng":"","_VenueShowMap":false,"_VenueShowMapLink":false,"footnotes":"","_links_to":"","_links_to_target":""},"categories":[1,20],"tags":[],"class_list":["post-1431","post","type-post","status-publish","format-standard","hentry","category-non-classe","category-informations-pratiques"],"_links":{"self":[{"href":"https:\/\/etab.ac-reunion.fr\/clg-chemin-morin\/wp-json\/wp\/v2\/posts\/1431","targetHints":{"allow":["GET"]}}],"collection":[{"href":"https:\/\/etab.ac-reunion.fr\/clg-chemin-morin\/wp-json\/wp\/v2\/posts"}],"about":[{"href":"https:\/\/etab.ac-reunion.fr\/clg-chemin-morin\/wp-json\/wp\/v2\/types\/post"}],"author":[{"embeddable":true,"href":"https:\/\/etab.ac-reunion.fr\/clg-chemin-morin\/wp-json\/wp\/v2\/users\/13978"}],"replies":[{"embeddable":true,"href":"https:\/\/etab.ac-reunion.fr\/clg-chemin-morin\/wp-json\/wp\/v2\/comments?post=1431"}],"version-history":[{"count":4,"href":"https:\/\/etab.ac-reunion.fr\/clg-chemin-morin\/wp-json\/wp\/v2\/posts\/1431\/revisions"}],"predecessor-version":[{"id":1436,"href":"https:\/\/etab.ac-reunion.fr\/clg-chemin-morin\/wp-json\/wp\/v2\/posts\/1431\/revisions\/1436"}],"wp:attachment":[{"href":"https:\/\/etab.ac-reunion.fr\/clg-chemin-morin\/wp-json\/wp\/v2\/media?parent=1431"}],"wp:term":[{"taxonomy":"category","embeddable":true,"href":"https:\/\/etab.ac-reunion.fr\/clg-chemin-morin\/wp-json\/wp\/v2\/categories?post=1431"},{"taxonomy":"post_tag","embeddable":true,"href":"https:\/\/etab.ac-reunion.fr\/clg-chemin-morin\/wp-json\/wp\/v2\/tags?post=1431"}],"curies":[{"name":"wp","href":"https:\/\/api.w.org\/{rel}","templated":true}]}}