{"id":1437,"date":"2020-04-02T11:16:53","date_gmt":"2020-04-02T07:16:53","guid":{"rendered":"http:\/\/college-chemin-morin.ac-reunion.fr\/?p=1437"},"modified":"2020-04-02T12:12:12","modified_gmt":"2020-04-02T08:12:12","slug":"7-mini-polar-en-acces-libre","status":"publish","type":"post","link":"https:\/\/etab.ac-reunion.fr\/clg-chemin-morin\/7-mini-polar-en-acces-libre\/","title":{"rendered":"7 Mini Polar en acc\u00e8s libre"},"content":{"rendered":"\n<p>Les \u00e9ditions Syros mettent en acc\u00e8s libre et gratuit 7 petits romans de la s\u00e9rie \u00ab\u00a0Les enqu\u00eates de Nino\u00a0\u00bb, \u00e9crite par Claudine Aubrun.<\/p>\n\n\n\n<figure class=\"wp-block-image size-large\"><img decoding=\"async\" src=\"https:\/\/etab.ac-reunion.fr\/clg-chemin-morin\/wp-content\/uploads\/sites\/38\/2020\/04\/7-mini-polar-1.jpg\" alt=\"\" class=\"wp-image-1439\" \/><\/figure>\n\n\n\n<p class=\"has-background has-pale-cyan-blue-background-color\">\u00ab\u00a0Qui a d\u00e9couvert la Dame \u00e0 la licorne ?\u00a0\u00bb <br><a href=\"https:\/\/fr.calameo.com\/read\/0016984292866aeac00b8\">https:\/\/fr.calameo.com\/read\/0016984292866aeac00b8<\/a><\/p>\n\n\n\n<p class=\"has-background has-very-light-gray-background-color\">\u00ab\u00a0Qui a fouill\u00e9 chez les Wisigoths ?\u00a0\u00bb<br><a href=\"https:\/\/fr.calameo.com\/read\/0016984295077efa39476\">https:\/\/fr.calameo.com\/read\/0016984295077efa39476<\/a><\/p>\n\n\n\n<p class=\"has-background has-pale-cyan-blue-background-color\">\u00ab\u00a0Qui a d\u00e9mont\u00e9 la tour Eiffel ?\u00a0\u00bb<br><a href=\"https:\/\/fr.calameo.com\/read\/001698429caeba30dddff\">https:\/\/fr.calameo.com\/read\/001698429caeba30dddff<\/a><\/p>\n\n\n\n<p class=\"has-background has-very-light-gray-background-color\">\u00ab\u00a0Qui a cass\u00e9 le miroir du Roi-Soleil ?\u00a0\u00bb<br><a href=\"https:\/\/fr.calameo.com\/read\/001698429afea1acf52f9\">https:\/\/fr.calameo.com\/read\/001698429afea1acf52f9<\/a><\/p>\n\n\n\n<p class=\"has-background has-pale-cyan-blue-background-color\">\u00ab\u00a0Qui veut d\u00e9barbouiller Picasso ?\u00a0\u00bb<br><a href=\"https:\/\/fr.calameo.com\/read\/001698429792209a977e8\">https:\/\/fr.calameo.com\/read\/001698429792209a977e8<\/a><\/p>\n\n\n\n<p class=\"has-background has-very-light-gray-background-color\">\u00ab\u00a0Qui a vol\u00e9 l&rsquo;assiette de Fran\u00e7ois Ier ?\u00a0\u00bb<br><a href=\"https:\/\/fr.calameo.com\/read\/001698429167b0280aa93\">https:\/\/fr.calameo.com\/read\/001698429167b0280aa93<\/a><\/p>\n\n\n\n<p class=\"has-background has-pale-cyan-blue-background-color\">\u00ab\u00a0Qui a vol\u00e9 la main de Charles Perrault ?\u00a0\u00bb<br><a href=\"https:\/\/fr.calameo.com\/read\/0016984299bb33422f485\">https:\/\/fr.calameo.com\/read\/0016984299bb33422f485<\/a><\/p>\n\n\n\n<p class=\"has-background has-pale-pink-background-color\">Pour chaque histoire, des fiches de lecture : <a href=\"https:\/\/fr.calameo.com\/read\/00169842960feb06b61ef\">https:\/\/fr.calameo.com\/read\/00169842960feb06b61ef<\/a><br>et leurs corrig\u00e9s : <a href=\"https:\/\/fr.calameo.com\/read\/0016984292e326724fcc4\">https:\/\/fr.calameo.com\/read\/0016984292e326724fcc4<\/a><br>sont aussi disponibles.<br><\/p>\n\n\n\n<p><strong>Bonne lecture !<\/strong><\/p>\n","protected":false},"excerpt":{"rendered":"<p>Les \u00e9ditions Syros mettent en acc\u00e8s libre et gratuit 7 petits romans de la s\u00e9rie \u00ab\u00a0Les enqu\u00eates de Nino\u00a0\u00bb, \u00e9crite par Claudine Aubrun. \u00ab\u00a0Qui a d\u00e9couvert la Dame \u00e0 la [&hellip;]<\/p>\n","protected":false},"author":13978,"featured_media":0,"comment_status":"closed","ping_status":"open","sticky":false,"template":"","format":"standard","meta":{"_et_pb_use_builder":"off","_et_pb_old_content":"","_et_gb_content_width":"","_EventAllDay":false,"_EventTimezone":"","_EventStartDate":"","_EventEndDate":"","_EventStartDateUTC":"","_EventEndDateUTC":"","_EventShowMap":false,"_EventShowMapLink":false,"_EventURL":"","_EventCost":"","_EventCostDescription":"","_EventCurrencySymbol":"","_EventCurrencyCode":"","_EventCurrencyPosition":"","_EventDateTimeSeparator":"","_EventTimeRangeSeparator":"","_EventOrganizerID":[],"_EventVenueID":[],"_OrganizerEmail":"","_OrganizerPhone":"","_OrganizerWebsite":"","_VenueAddress":"","_VenueCity":"","_VenueCountry":"","_VenueProvince":"","_VenueState":"","_VenueZip":"","_VenuePhone":"","_VenueURL":"","_VenueStateProvince":"","_VenueLat":"","_VenueLng":"","_VenueShowMap":false,"_VenueShowMapLink":false,"footnotes":"","_links_to":"","_links_to_target":""},"categories":[1,14],"tags":[],"class_list":["post-1437","post","type-post","status-publish","format-standard","hentry","category-non-classe","category-le-cdi"],"_links":{"self":[{"href":"https:\/\/etab.ac-reunion.fr\/clg-chemin-morin\/wp-json\/wp\/v2\/posts\/1437","targetHints":{"allow":["GET"]}}],"collection":[{"href":"https:\/\/etab.ac-reunion.fr\/clg-chemin-morin\/wp-json\/wp\/v2\/posts"}],"about":[{"href":"https:\/\/etab.ac-reunion.fr\/clg-chemin-morin\/wp-json\/wp\/v2\/types\/post"}],"author":[{"embeddable":true,"href":"https:\/\/etab.ac-reunion.fr\/clg-chemin-morin\/wp-json\/wp\/v2\/users\/13978"}],"replies":[{"embeddable":true,"href":"https:\/\/etab.ac-reunion.fr\/clg-chemin-morin\/wp-json\/wp\/v2\/comments?post=1437"}],"version-history":[{"count":4,"href":"https:\/\/etab.ac-reunion.fr\/clg-chemin-morin\/wp-json\/wp\/v2\/posts\/1437\/revisions"}],"predecessor-version":[{"id":1445,"href":"https:\/\/etab.ac-reunion.fr\/clg-chemin-morin\/wp-json\/wp\/v2\/posts\/1437\/revisions\/1445"}],"wp:attachment":[{"href":"https:\/\/etab.ac-reunion.fr\/clg-chemin-morin\/wp-json\/wp\/v2\/media?parent=1437"}],"wp:term":[{"taxonomy":"category","embeddable":true,"href":"https:\/\/etab.ac-reunion.fr\/clg-chemin-morin\/wp-json\/wp\/v2\/categories?post=1437"},{"taxonomy":"post_tag","embeddable":true,"href":"https:\/\/etab.ac-reunion.fr\/clg-chemin-morin\/wp-json\/wp\/v2\/tags?post=1437"}],"curies":[{"name":"wp","href":"https:\/\/api.w.org\/{rel}","templated":true}]}}