{"id":1452,"date":"2020-04-03T09:11:03","date_gmt":"2020-04-03T05:11:03","guid":{"rendered":"http:\/\/college-chemin-morin.ac-reunion.fr\/?p=1452"},"modified":"2020-04-03T09:11:04","modified_gmt":"2020-04-03T05:11:04","slug":"webtele-de-reunion-la-premiere","status":"publish","type":"post","link":"https:\/\/etab.ac-reunion.fr\/clg-chemin-morin\/webtele-de-reunion-la-premiere\/","title":{"rendered":"Webt\u00e9l\u00e9 de R\u00e9union la premi\u00e8re"},"content":{"rendered":"\n<p>Dans le cadre d&rsquo;un partenariat avec le Rectorat, R\u00e9union La Premi\u00e8re diffuse quotidiennement sur le web des s\u00e9ances de cours en primaire construites par le Rectorat. Voici le lien qui accueille les vid\u00e9os de la semaine: <\/p>\n\n\n\n<p> <a href=\"https:\/\/la1ere.francetvinfo.fr\/reunion\/retrouvez-cours-interactifs-complementaires-proposes-rectorat-reunion-1ere-817468.html\">https:\/\/la1ere.francetvinfo.fr\/reunion\/retrouvez-cours-interactifs-complementaires-proposes-rectorat-reunion-1ere-817468.html<\/a>. <\/p>\n","protected":false},"excerpt":{"rendered":"<p>Dans le cadre d&rsquo;un partenariat avec le Rectorat, R\u00e9union La Premi\u00e8re diffuse quotidiennement sur le web des s\u00e9ances de cours en primaire construites par le Rectorat. Voici le lien qui [&hellip;]<\/p>\n","protected":false},"author":13978,"featured_media":0,"comment_status":"closed","ping_status":"open","sticky":false,"template":"","format":"standard","meta":{"_et_pb_use_builder":"off","_et_pb_old_content":"","_et_gb_content_width":"","_EventAllDay":false,"_EventTimezone":"","_EventStartDate":"","_EventEndDate":"","_EventStartDateUTC":"","_EventEndDateUTC":"","_EventShowMap":false,"_EventShowMapLink":false,"_EventURL":"","_EventCost":"","_EventCostDescription":"","_EventCurrencySymbol":"","_EventCurrencyCode":"","_EventCurrencyPosition":"","_EventDateTimeSeparator":"","_EventTimeRangeSeparator":"","_EventOrganizerID":[],"_EventVenueID":[],"_OrganizerEmail":"","_OrganizerPhone":"","_OrganizerWebsite":"","_VenueAddress":"","_VenueCity":"","_VenueCountry":"","_VenueProvince":"","_VenueState":"","_VenueZip":"","_VenuePhone":"","_VenueURL":"","_VenueStateProvince":"","_VenueLat":"","_VenueLng":"","_VenueShowMap":false,"_VenueShowMapLink":false,"footnotes":"","_links_to":"","_links_to_target":""},"categories":[1],"tags":[],"class_list":["post-1452","post","type-post","status-publish","format-standard","hentry","category-non-classe"],"_links":{"self":[{"href":"https:\/\/etab.ac-reunion.fr\/clg-chemin-morin\/wp-json\/wp\/v2\/posts\/1452","targetHints":{"allow":["GET"]}}],"collection":[{"href":"https:\/\/etab.ac-reunion.fr\/clg-chemin-morin\/wp-json\/wp\/v2\/posts"}],"about":[{"href":"https:\/\/etab.ac-reunion.fr\/clg-chemin-morin\/wp-json\/wp\/v2\/types\/post"}],"author":[{"embeddable":true,"href":"https:\/\/etab.ac-reunion.fr\/clg-chemin-morin\/wp-json\/wp\/v2\/users\/13978"}],"replies":[{"embeddable":true,"href":"https:\/\/etab.ac-reunion.fr\/clg-chemin-morin\/wp-json\/wp\/v2\/comments?post=1452"}],"version-history":[{"count":1,"href":"https:\/\/etab.ac-reunion.fr\/clg-chemin-morin\/wp-json\/wp\/v2\/posts\/1452\/revisions"}],"predecessor-version":[{"id":1453,"href":"https:\/\/etab.ac-reunion.fr\/clg-chemin-morin\/wp-json\/wp\/v2\/posts\/1452\/revisions\/1453"}],"wp:attachment":[{"href":"https:\/\/etab.ac-reunion.fr\/clg-chemin-morin\/wp-json\/wp\/v2\/media?parent=1452"}],"wp:term":[{"taxonomy":"category","embeddable":true,"href":"https:\/\/etab.ac-reunion.fr\/clg-chemin-morin\/wp-json\/wp\/v2\/categories?post=1452"},{"taxonomy":"post_tag","embeddable":true,"href":"https:\/\/etab.ac-reunion.fr\/clg-chemin-morin\/wp-json\/wp\/v2\/tags?post=1452"}],"curies":[{"name":"wp","href":"https:\/\/api.w.org\/{rel}","templated":true}]}}