{"id":1454,"date":"2020-04-05T18:11:32","date_gmt":"2020-04-05T14:11:32","guid":{"rendered":"http:\/\/college-chemin-morin.ac-reunion.fr\/?p=1454"},"modified":"2020-04-05T18:12:53","modified_gmt":"2020-04-05T14:12:53","slug":"revisez-avec-les-radios-de-radio-france","status":"publish","type":"post","link":"https:\/\/etab.ac-reunion.fr\/clg-chemin-morin\/revisez-avec-les-radios-de-radio-france\/","title":{"rendered":"R\u00e9visez avec les radios de Radio France"},"content":{"rendered":"\n<p>Pendant toute la dur\u00e9e de la fermeture des \u00e9coles, des coll\u00e8ges et des lyc\u00e9es, Radio France se mobilise, en partenariat avec le minist\u00e8re de l\u2019Education pour proposer des \u00e9missions et podcasts en lien avec les programmes scolaires.    <\/p>\n\n\n\n<p>Avec France Culture Continuez de r\u00e9viser dans tous les domaines comme la philosophie, la litt\u00e9rature, les sciences, l&rsquo;\u00e9conomie, l&rsquo;histoire avec un programme qui s&rsquo;enrichira au fil des jours Dossier \u00ab\u00a0Nation apprenante\u00a0\u00bb de France Culture \u00e0 retrouver ici &gt;  <a href=\"http:\/\/www.franceculture.fr\">www.franceculture.fr<\/a>   <\/p>\n\n\n\n<p>Avec France Musique <\/p>\n\n\n\n<p>De nombreux autres contenus p\u00e9dagogiques de France Musique vous sont propos\u00e9s avec, notamment, un guide pratique pour organiser l\u2019\u00e9cole de musique \u00e0 la maison et un dossier sp\u00e9cial pour les lyc\u00e9ens qui pr\u00e9parent le BAC musique 2020. France Musique met \u00e0 votre disposition ses \u00e9missions et ses contenus web autour de la musique, en lien avec les programmes scolaires. <\/p>\n\n\n\n<p>Dossier \u00ab\u00a0Nation apprenante\u00a0\u00bb de France Musique \u00e0 retrouver ici &gt; <a href=\"http:\/\/www.francemusique.fr\">www.francemusique.fr<\/a> <\/p>\n\n\n\n<p>Sur l&rsquo;application Radio France Retrouverez l&rsquo;ensemble des podcasts en lien avec le programme scolaire en t\u00e9l\u00e9chargeant d\u00e8s \u00e0 pr\u00e9sent et gratuitement l&rsquo;application Radio France sur App Store ou Google Play<\/p>\n\n\n\n<p> ! Attention, pour r\u00e9viser avec la radio, il est n\u00e9cessaire de disposer de la derni\u00e8re version de votre application     <\/p>\n\n\n\n<p> <a rel=\"noreferrer noopener\" aria-label=\"https:\/\/www.radiofrance.fr\/actualite\/revisez-avec-les-radios-de-radio-france (s\u2019ouvre dans un nouvel onglet)\" href=\"https:\/\/www.radiofrance.fr\/actualite\/revisez-avec-les-radios-de-radio-france\" target=\"_blank\">https:\/\/www.radiofrance.fr\/actualite\/revisez-avec-les-radios-de-radio-france<\/a>  <\/p>\n","protected":false},"excerpt":{"rendered":"<p>Pendant toute la dur\u00e9e de la fermeture des \u00e9coles, des coll\u00e8ges et des lyc\u00e9es, Radio France se mobilise, en partenariat avec le minist\u00e8re de l\u2019Education pour proposer des \u00e9missions et [&hellip;]<\/p>\n","protected":false},"author":13978,"featured_media":0,"comment_status":"closed","ping_status":"open","sticky":false,"template":"","format":"standard","meta":{"_et_pb_use_builder":"off","_et_pb_old_content":"","_et_gb_content_width":"","_EventAllDay":false,"_EventTimezone":"","_EventStartDate":"","_EventEndDate":"","_EventStartDateUTC":"","_EventEndDateUTC":"","_EventShowMap":false,"_EventShowMapLink":false,"_EventURL":"","_EventCost":"","_EventCostDescription":"","_EventCurrencySymbol":"","_EventCurrencyCode":"","_EventCurrencyPosition":"","_EventDateTimeSeparator":"","_EventTimeRangeSeparator":"","_EventOrganizerID":[],"_EventVenueID":[],"_OrganizerEmail":"","_OrganizerPhone":"","_OrganizerWebsite":"","_VenueAddress":"","_VenueCity":"","_VenueCountry":"","_VenueProvince":"","_VenueState":"","_VenueZip":"","_VenuePhone":"","_VenueURL":"","_VenueStateProvince":"","_VenueLat":"","_VenueLng":"","_VenueShowMap":false,"_VenueShowMapLink":false,"footnotes":"","_links_to":"","_links_to_target":""},"categories":[1],"tags":[],"class_list":["post-1454","post","type-post","status-publish","format-standard","hentry","category-non-classe"],"_links":{"self":[{"href":"https:\/\/etab.ac-reunion.fr\/clg-chemin-morin\/wp-json\/wp\/v2\/posts\/1454","targetHints":{"allow":["GET"]}}],"collection":[{"href":"https:\/\/etab.ac-reunion.fr\/clg-chemin-morin\/wp-json\/wp\/v2\/posts"}],"about":[{"href":"https:\/\/etab.ac-reunion.fr\/clg-chemin-morin\/wp-json\/wp\/v2\/types\/post"}],"author":[{"embeddable":true,"href":"https:\/\/etab.ac-reunion.fr\/clg-chemin-morin\/wp-json\/wp\/v2\/users\/13978"}],"replies":[{"embeddable":true,"href":"https:\/\/etab.ac-reunion.fr\/clg-chemin-morin\/wp-json\/wp\/v2\/comments?post=1454"}],"version-history":[{"count":3,"href":"https:\/\/etab.ac-reunion.fr\/clg-chemin-morin\/wp-json\/wp\/v2\/posts\/1454\/revisions"}],"predecessor-version":[{"id":1457,"href":"https:\/\/etab.ac-reunion.fr\/clg-chemin-morin\/wp-json\/wp\/v2\/posts\/1454\/revisions\/1457"}],"wp:attachment":[{"href":"https:\/\/etab.ac-reunion.fr\/clg-chemin-morin\/wp-json\/wp\/v2\/media?parent=1454"}],"wp:term":[{"taxonomy":"category","embeddable":true,"href":"https:\/\/etab.ac-reunion.fr\/clg-chemin-morin\/wp-json\/wp\/v2\/categories?post=1454"},{"taxonomy":"post_tag","embeddable":true,"href":"https:\/\/etab.ac-reunion.fr\/clg-chemin-morin\/wp-json\/wp\/v2\/tags?post=1454"}],"curies":[{"name":"wp","href":"https:\/\/api.w.org\/{rel}","templated":true}]}}