{"id":1458,"date":"2020-04-05T18:14:06","date_gmt":"2020-04-05T14:14:06","guid":{"rendered":"http:\/\/college-chemin-morin.ac-reunion.fr\/?p=1458"},"modified":"2020-05-27T12:00:19","modified_gmt":"2020-05-27T08:00:19","slug":"diplome-national-du-brevet-je-suis-eleve-de-3e","status":"publish","type":"post","link":"https:\/\/etab.ac-reunion.fr\/clg-chemin-morin\/diplome-national-du-brevet-je-suis-eleve-de-3e\/","title":{"rendered":"Dipl\u00f4me national du brevet : je suis \u00e9l\u00e8ve de 3e"},"content":{"rendered":"\n<p>Comment seront \u00e9valu\u00e9s les \u00e9l\u00e8ves ?<\/p>\n\n\n\n<p> Ils seront \u00e9valu\u00e9s sur la base du livret scolaire, qui repr\u00e9sente d\u2019ores et d\u00e9j\u00e0 50% de la note finale du brevet, et qui permet de certifier la ma\u00eetrise du socle commun de connaissances, de comp\u00e9tences et de culture. La note attribu\u00e9e \u00e0 la place des \u00e9preuves finales sera la moyenne des moyennes trimestrielles dans les disciplines en question. <\/p>\n\n\n\n<p>L\u2019\u00e9preuve orale est supprim\u00e9e <\/p>\n\n\n\n<p>Les notes du 3\u00e8me trimestre compteront\u2010elles dans le livret ? <\/p>\n\n\n\n<p>Le dipl\u00f4me est d\u00e9livr\u00e9 sur la base de niveau de ma\u00eetrise des comp\u00e9tences, eux\u2010m\u00eames fond\u00e9s sur l\u2019appr\u00e9ciation du conseil de classe qui se prononce au 3\u00e8me trimestre de l\u2019ann\u00e9e de 3\u00e8me. Les notes obtenues en cours d\u2019ann\u00e9e fondent \u00e9videmment en grande partie son appr\u00e9ciation. Si la r\u00e9ouverture des \u00e9tablissements le permet, le conseil de classe tiendra compte du r\u00e9sultat des \u00e9valuations pass\u00e9es par les \u00e9l\u00e8ves post\u00e9rieurement \u00e0 la r\u00e9ouverture des \u00e9tablissements. <\/p>\n\n\n\n<p>Les \u00e9valuations pass\u00e9es pendant le confinement compteront\u2010elles ? <\/p>\n\n\n\n<p>Les \u00e9valuations auxquelles les professeurs auraient proc\u00e9d\u00e9 pendant le confinement ne compteront pas pour l\u2019obtention du dipl\u00f4me dipl\u00f4me et ne seront pas prises en compte dans les moyennes trimestrielles, afin de ne pas g\u00e9n\u00e9rer d\u2019in\u00e9galit\u00e9 de traitement entre les candidats. <\/p>\n\n\n\n<p>Qui d\u00e9livrera le dipl\u00f4me ? <\/p>\n\n\n\n<p>Comme d\u2019habitude, le dipl\u00f4me sera d\u00e9livr\u00e9 par le jury acad\u00e9mique du dipl\u00f4me national du brevet. Ce jury se prononce d\u00e9j\u00e0 sur le fondement du livret de l\u2019\u00e9l\u00e8ve et des notes obtenues aux \u00e9preuves nationales. Cette ann\u00e9e, exceptionnellement, il se fondera uniquement sur le livret de l\u2019\u00e9l\u00e8ve.<\/p>\n\n\n\n<p>Les candidats devront\u2010ils passer un oral ? <\/p>\n\n\n\n<p>Non. L&rsquo;\u00e9preuve orale porte en principe sur la soutenance d&rsquo;un projet dans le cadre de l&rsquo;enseignement d&rsquo;histoire des arts, des enseignements pratiques interdisciplinaires du cycle 4 ou dans le cadre de l&rsquo;un des parcours \u00e9ducatifs (parcours Avenir, parcours citoyen, parcours \u00e9ducatif de sant\u00e9, parcours d&rsquo;\u00e9ducation artistique et culturelle) que le candidat a suivi. La fermeture sur une longue p\u00e9riode des coll\u00e8ges mettrait de nombreux candidats en difficult\u00e9, d\u00e8s lors qu\u2019ils n\u2019ont pas pu mener \u00e0 bien leur projet ou leur parcours. Afin de ne pas l\u00e9ser les candidats, l\u2019\u00e9preuve orale est donc supprim\u00e9e. <\/p>\n\n\n\n<p>Comment seront pris en compte les points en principe attribu\u00e9s \u00e0 l\u2019\u00e9preuve orale du brevet ? <\/p>\n\n\n\n<p>L\u2019\u00e9preuve orale \u00e9tant supprim\u00e9e, les 100 points qui lui sont associ\u00e9s seront neutralis\u00e9s. Le brevet sera donc calcul\u00e9 par rapport \u00e0 un montant total de 700 points et non 800. Pourrai\u2010je avoir acc\u00e8s \u00e0 mon livret scolaire pour conna\u00eetre les appr\u00e9ciations des professeurs et du chef d\u2019\u00e9tablissement ? <\/p>\n\n\n\n<p>Oui, une fois ce livret finalis\u00e9 apr\u00e8s le conseil de classe du mois de juin, vous y aurez acc\u00e8s pendant quelques jours afin d\u2019en prendre connaissance et d\u2019\u00e9changer si n\u00e9cessaire avec le chef d\u2019\u00e9tablissement. <\/p>\n\n\n\n<p>Peut\u2010on quand m\u00eame poursuivre ses \u00e9tudes si l\u2019on n\u2019obtient pas le brevet ? <\/p>\n\n\n\n<p>Oui, l\u2019obtention du brevet ne conditionne pas la poursuite des \u00e9tudes, notamment l\u2019inscription au lyc\u00e9e. Les conseils de classe du 3\u00e8me trimestre seront\u2010ils maintenus ? Si oui, selon quelles modalit\u00e9s ? <\/p>\n\n\n\n<p>Le conseil de classe du 3e trimestre peut \u00eatre tenu \u00e0 distance. En 3e et 2de g\u00e9n\u00e9rale et technologique, il est n\u00e9cessaire de le maintenir pour l\u2019examen des demandes d\u2019orientation exprim\u00e9es par les familles. Il convient de l\u2019organiser au d\u00e9but du mois de juin en lien avec les proc\u00e9dures d\u2019orientation et d\u2019affectation des \u00e9l\u00e8ves. Les propositions d\u2019orientation qu\u2019\u00e9met le conseil de classe, m\u00eame tenu \u00e0 distance, sont valides d\u2019un point de vue r\u00e9glementaire. Pour ces niveaux, en amont et en aval du conseil de classe, il est essentiel de maintenir le dialogue avec les familles jusqu\u2019\u00e0 la fin de l\u2019ann\u00e9e scolaire pour les accompagner dans leurs choix d\u00e9finitifs d\u2019orientation et d\u2019affectation puis dans la communication des r\u00e9sultats du traitement de leurs demandes. Avec l\u2019appui du psychologue de l\u2019\u00e9ducation nationale, le professeur principal est l\u2019interlocuteur privil\u00e9gi\u00e9 de l\u2019\u00e9l\u00e8ve et de sa famille, \u00e0 distance ou en pr\u00e9sentiel. Tous les moyens de communication doivent \u00eatre utilis\u00e9s  pour assurer la continuit\u00e9 de ce dialogue : ENT de l\u2019\u00e9tablissement, mail, t\u00e9l\u00e9phone, messagerie instantan\u00e9e. Au niveau 3\u00e8me, le recours aux t\u00e9l\u00e9services orientation et affectation sera vivement encourag\u00e9 aupr\u00e8s des familles, m\u00eame s\u2019il reste toutefois facultatif. <\/p>\n\n\n\n<p>En classe de troisi\u00e8me, un conseil de classe de troisi\u00e8me trimestre se tiendra fin juin afin de proc\u00e9der \u00e0 la remont\u00e9e de la moyenne des moyennes pour chacune des disciplines concern\u00e9es par les \u00e9preuves \u00e9crites du DNB. Le cas \u00e9ch\u00e9ant, selon le contexte local de reprise, il sera tenu compte de l\u2019assiduit\u00e9 des \u00e9l\u00e8ves de troisi\u00e8me. <\/p>\n","protected":false},"excerpt":{"rendered":"<p>Comment seront \u00e9valu\u00e9s les \u00e9l\u00e8ves ? Ils seront \u00e9valu\u00e9s sur la base du livret scolaire, qui repr\u00e9sente d\u2019ores et d\u00e9j\u00e0 50% de la note finale du brevet, et qui permet [&hellip;]<\/p>\n","protected":false},"author":13978,"featured_media":0,"comment_status":"closed","ping_status":"open","sticky":false,"template":"","format":"standard","meta":{"_et_pb_use_builder":"off","_et_pb_old_content":"","_et_gb_content_width":"","_EventAllDay":false,"_EventTimezone":"","_EventStartDate":"","_EventEndDate":"","_EventStartDateUTC":"","_EventEndDateUTC":"","_EventShowMap":false,"_EventShowMapLink":false,"_EventURL":"","_EventCost":"","_EventCostDescription":"","_EventCurrencySymbol":"","_EventCurrencyCode":"","_EventCurrencyPosition":"","_EventDateTimeSeparator":"","_EventTimeRangeSeparator":"","_EventOrganizerID":[],"_EventVenueID":[],"_OrganizerEmail":"","_OrganizerPhone":"","_OrganizerWebsite":"","_VenueAddress":"","_VenueCity":"","_VenueCountry":"","_VenueProvince":"","_VenueState":"","_VenueZip":"","_VenuePhone":"","_VenueURL":"","_VenueStateProvince":"","_VenueLat":"","_VenueLng":"","_VenueShowMap":false,"_VenueShowMapLink":false,"footnotes":"","_links_to":"","_links_to_target":""},"categories":[1],"tags":[],"class_list":["post-1458","post","type-post","status-publish","format-standard","hentry","category-non-classe"],"_links":{"self":[{"href":"https:\/\/etab.ac-reunion.fr\/clg-chemin-morin\/wp-json\/wp\/v2\/posts\/1458","targetHints":{"allow":["GET"]}}],"collection":[{"href":"https:\/\/etab.ac-reunion.fr\/clg-chemin-morin\/wp-json\/wp\/v2\/posts"}],"about":[{"href":"https:\/\/etab.ac-reunion.fr\/clg-chemin-morin\/wp-json\/wp\/v2\/types\/post"}],"author":[{"embeddable":true,"href":"https:\/\/etab.ac-reunion.fr\/clg-chemin-morin\/wp-json\/wp\/v2\/users\/13978"}],"replies":[{"embeddable":true,"href":"https:\/\/etab.ac-reunion.fr\/clg-chemin-morin\/wp-json\/wp\/v2\/comments?post=1458"}],"version-history":[{"count":4,"href":"https:\/\/etab.ac-reunion.fr\/clg-chemin-morin\/wp-json\/wp\/v2\/posts\/1458\/revisions"}],"predecessor-version":[{"id":1665,"href":"https:\/\/etab.ac-reunion.fr\/clg-chemin-morin\/wp-json\/wp\/v2\/posts\/1458\/revisions\/1665"}],"wp:attachment":[{"href":"https:\/\/etab.ac-reunion.fr\/clg-chemin-morin\/wp-json\/wp\/v2\/media?parent=1458"}],"wp:term":[{"taxonomy":"category","embeddable":true,"href":"https:\/\/etab.ac-reunion.fr\/clg-chemin-morin\/wp-json\/wp\/v2\/categories?post=1458"},{"taxonomy":"post_tag","embeddable":true,"href":"https:\/\/etab.ac-reunion.fr\/clg-chemin-morin\/wp-json\/wp\/v2\/tags?post=1458"}],"curies":[{"name":"wp","href":"https:\/\/api.w.org\/{rel}","templated":true}]}}