{"id":1489,"date":"2020-04-13T20:55:45","date_gmt":"2020-04-13T16:55:45","guid":{"rendered":"http:\/\/college-chemin-morin.ac-reunion.fr\/?p=1489"},"modified":"2020-04-14T13:48:29","modified_gmt":"2020-04-14T09:48:29","slug":"la-reunion-ma-reunion-au-temps-du-confinement","status":"publish","type":"post","link":"https:\/\/etab.ac-reunion.fr\/clg-chemin-morin\/la-reunion-ma-reunion-au-temps-du-confinement\/","title":{"rendered":"La R\u00e9union, ma R\u00e9union, au temps du confinement."},"content":{"rendered":"\n<p>L\u2019acad\u00e9mie de La R\u00e9union en partenariat avec les \u00e9ditions L\u2019Harmattan propose un projet d\u2019\u00e9criture. Ecrire pour sortir des confins, \u00e9crire pour r\u00eaver demain, \u00e9crire pour \u00ab s\u2019en sortir, sans sortir \u00bb. Voici la belle invitation de ce projet qui offre aux \u00e9l\u00e8ves une opportunit\u00e9 de s\u2019exprimer, de s\u2019interroger sur le moment historique que nous vivons, de contribuer par leurs t\u00e9moignages \u00e0 la construction d\u2019une histoire imm\u00e9diate\u2026 <\/p>\n\n\n\n<p>La participation \u00e0 ce projet repose sur la base du volontariat et ne doit pas constituer une charge de travail suppl\u00e9mentaire. Elle peut, pour les \u00e9l\u00e8ves qui le souhaitent, se substituer \u00e0 d\u2019autres travaux. Elle peut, pour tous, \u00eatre un temps de respiration durant lequel l\u2019on fait le choix d\u2019une prise de distance. Les attentes restent modestes, deux pages maximum, sur un temps r\u00e9duit, deux semaines tout au plus, dans une forme libre.<\/p>\n\n\n\n<p><\/p>\n\n\n\n<p><\/p>\n\n\n\n<figure class=\"wp-block-image size-large is-style-default\"><img loading=\"lazy\" decoding=\"async\" width=\"600\" height=\"809\" src=\"https:\/\/etab.ac-reunion.fr\/clg-chemin-morin\/wp-content\/uploads\/sites\/38\/2020\/04\/la-reunion0000.png\" alt=\"\" class=\"wp-image-1495\" srcset=\"https:\/\/etab.ac-reunion.fr\/clg-chemin-morin\/wp-content\/uploads\/sites\/38\/2020\/04\/la-reunion0000.png 600w, https:\/\/etab.ac-reunion.fr\/clg-chemin-morin\/wp-content\/uploads\/sites\/38\/2020\/04\/la-reunion0000-480x647.png 480w\" sizes=\"(min-width: 0px) and (max-width: 480px) 480px, (min-width: 481px) 600px, 100vw\" \/><\/figure>\n\n\n\n<figure class=\"wp-block-image size-large is-style-default\"><img loading=\"lazy\" decoding=\"async\" width=\"600\" height=\"805\" src=\"https:\/\/etab.ac-reunion.fr\/clg-chemin-morin\/wp-content\/uploads\/sites\/38\/2020\/04\/la-reunion0001.png\" alt=\"\" class=\"wp-image-1496\" srcset=\"https:\/\/etab.ac-reunion.fr\/clg-chemin-morin\/wp-content\/uploads\/sites\/38\/2020\/04\/la-reunion0001.png 600w, https:\/\/etab.ac-reunion.fr\/clg-chemin-morin\/wp-content\/uploads\/sites\/38\/2020\/04\/la-reunion0001-480x644.png 480w\" sizes=\"(min-width: 0px) and (max-width: 480px) 480px, (min-width: 481px) 600px, 100vw\" \/><\/figure>\n\n\n\n<figure class=\"wp-block-image size-large is-style-default\"><img loading=\"lazy\" decoding=\"async\" width=\"600\" height=\"806\" src=\"https:\/\/etab.ac-reunion.fr\/clg-chemin-morin\/wp-content\/uploads\/sites\/38\/2020\/04\/la-reunion0002.png\" alt=\"\" class=\"wp-image-1497\" srcset=\"https:\/\/etab.ac-reunion.fr\/clg-chemin-morin\/wp-content\/uploads\/sites\/38\/2020\/04\/la-reunion0002.png 600w, https:\/\/etab.ac-reunion.fr\/clg-chemin-morin\/wp-content\/uploads\/sites\/38\/2020\/04\/la-reunion0002-480x645.png 480w\" sizes=\"(min-width: 0px) and (max-width: 480px) 480px, (min-width: 481px) 600px, 100vw\" \/><\/figure>\n","protected":false},"excerpt":{"rendered":"<p>L\u2019acad\u00e9mie de La R\u00e9union en partenariat avec les \u00e9ditions L\u2019Harmattan propose un projet d\u2019\u00e9criture. Ecrire pour sortir des confins, \u00e9crire pour r\u00eaver demain, \u00e9crire pour \u00ab s\u2019en sortir, sans sortir [&hellip;]<\/p>\n","protected":false},"author":13978,"featured_media":0,"comment_status":"closed","ping_status":"open","sticky":false,"template":"","format":"standard","meta":{"_et_pb_use_builder":"off","_et_pb_old_content":"","_et_gb_content_width":"","_EventAllDay":false,"_EventTimezone":"","_EventStartDate":"","_EventEndDate":"","_EventStartDateUTC":"","_EventEndDateUTC":"","_EventShowMap":false,"_EventShowMapLink":false,"_EventURL":"","_EventCost":"","_EventCostDescription":"","_EventCurrencySymbol":"","_EventCurrencyCode":"","_EventCurrencyPosition":"","_EventDateTimeSeparator":"","_EventTimeRangeSeparator":"","_EventOrganizerID":[],"_EventVenueID":[],"_OrganizerEmail":"","_OrganizerPhone":"","_OrganizerWebsite":"","_VenueAddress":"","_VenueCity":"","_VenueCountry":"","_VenueProvince":"","_VenueState":"","_VenueZip":"","_VenuePhone":"","_VenueURL":"","_VenueStateProvince":"","_VenueLat":"","_VenueLng":"","_VenueShowMap":false,"_VenueShowMapLink":false,"footnotes":"","_links_to":"","_links_to_target":""},"categories":[1],"tags":[],"class_list":["post-1489","post","type-post","status-publish","format-standard","hentry","category-non-classe"],"_links":{"self":[{"href":"https:\/\/etab.ac-reunion.fr\/clg-chemin-morin\/wp-json\/wp\/v2\/posts\/1489","targetHints":{"allow":["GET"]}}],"collection":[{"href":"https:\/\/etab.ac-reunion.fr\/clg-chemin-morin\/wp-json\/wp\/v2\/posts"}],"about":[{"href":"https:\/\/etab.ac-reunion.fr\/clg-chemin-morin\/wp-json\/wp\/v2\/types\/post"}],"author":[{"embeddable":true,"href":"https:\/\/etab.ac-reunion.fr\/clg-chemin-morin\/wp-json\/wp\/v2\/users\/13978"}],"replies":[{"embeddable":true,"href":"https:\/\/etab.ac-reunion.fr\/clg-chemin-morin\/wp-json\/wp\/v2\/comments?post=1489"}],"version-history":[{"count":3,"href":"https:\/\/etab.ac-reunion.fr\/clg-chemin-morin\/wp-json\/wp\/v2\/posts\/1489\/revisions"}],"predecessor-version":[{"id":1499,"href":"https:\/\/etab.ac-reunion.fr\/clg-chemin-morin\/wp-json\/wp\/v2\/posts\/1489\/revisions\/1499"}],"wp:attachment":[{"href":"https:\/\/etab.ac-reunion.fr\/clg-chemin-morin\/wp-json\/wp\/v2\/media?parent=1489"}],"wp:term":[{"taxonomy":"category","embeddable":true,"href":"https:\/\/etab.ac-reunion.fr\/clg-chemin-morin\/wp-json\/wp\/v2\/categories?post=1489"},{"taxonomy":"post_tag","embeddable":true,"href":"https:\/\/etab.ac-reunion.fr\/clg-chemin-morin\/wp-json\/wp\/v2\/tags?post=1489"}],"curies":[{"name":"wp","href":"https:\/\/api.w.org\/{rel}","templated":true}]}}