{"id":1509,"date":"2020-04-23T19:59:11","date_gmt":"2020-04-23T15:59:11","guid":{"rendered":"http:\/\/college-chemin-morin.ac-reunion.fr\/?p=1509"},"modified":"2020-04-23T19:59:11","modified_gmt":"2020-04-23T15:59:11","slug":"recrutement-en-section-internationale-de-langue-anglaise-sib-au-lycee-memona-hintermann-affejee","status":"publish","type":"post","link":"https:\/\/etab.ac-reunion.fr\/clg-chemin-morin\/recrutement-en-section-internationale-de-langue-anglaise-sib-au-lycee-memona-hintermann-affejee\/","title":{"rendered":"Recrutement en section internationale de langue anglaise (SIB) au lyc\u00e9e M\u00e9mona Hintermann-Aff\u00e9jee"},"content":{"rendered":"\n<p>L&rsquo;organisation du recrutement en seconde internationale de langue anglaise 2020 &#8211; 2021 au lyc\u00e9e M\u00e9mona Hintermann-Aff\u00e9jee doit s&rsquo;adapter au contexte actuel de crise sanitaire. <\/p>\n\n\n\n<p>Aussi, l&rsquo;Inspection G\u00e9n\u00e9rale d&rsquo;anglais a demand\u00e9 une annulation de tous les tests \u00e9crits et oraux de s\u00e9lection \u00e0 l&rsquo;entr\u00e9e en SIB au regard du peu temps qui restera entre le moment de la reprise et de la date butoir d&rsquo;affectation.<\/p>\n\n\n\n<p> Le recrutement en SIB se fera par une commission de s\u00e9lection ad hoc du lyc\u00e9e qui examinera les dossiers selon des crit\u00e8res valid\u00e9s par l&rsquo;inspection d&rsquo;anglais. <\/p>\n\n\n\n<p>Les r\u00e9sultats d&rsquo;admission seront communiqu\u00e9s directement aux \u00e9tablissements, d\u00e8s que la commission acad\u00e9mique pr\u00e9sid\u00e9e par le M. le DAASEN aura valid\u00e9 les candidatures. <\/p>\n","protected":false},"excerpt":{"rendered":"<p>L&rsquo;organisation du recrutement en seconde internationale de langue anglaise 2020 &#8211; 2021 au lyc\u00e9e M\u00e9mona Hintermann-Aff\u00e9jee doit s&rsquo;adapter au contexte actuel de crise sanitaire. Aussi, l&rsquo;Inspection G\u00e9n\u00e9rale d&rsquo;anglais a demand\u00e9 [&hellip;]<\/p>\n","protected":false},"author":13978,"featured_media":0,"comment_status":"closed","ping_status":"open","sticky":false,"template":"","format":"standard","meta":{"_et_pb_use_builder":"off","_et_pb_old_content":"","_et_gb_content_width":"","_EventAllDay":false,"_EventTimezone":"","_EventStartDate":"","_EventEndDate":"","_EventStartDateUTC":"","_EventEndDateUTC":"","_EventShowMap":false,"_EventShowMapLink":false,"_EventURL":"","_EventCost":"","_EventCostDescription":"","_EventCurrencySymbol":"","_EventCurrencyCode":"","_EventCurrencyPosition":"","_EventDateTimeSeparator":"","_EventTimeRangeSeparator":"","_EventOrganizerID":[],"_EventVenueID":[],"_OrganizerEmail":"","_OrganizerPhone":"","_OrganizerWebsite":"","_VenueAddress":"","_VenueCity":"","_VenueCountry":"","_VenueProvince":"","_VenueState":"","_VenueZip":"","_VenuePhone":"","_VenueURL":"","_VenueStateProvince":"","_VenueLat":"","_VenueLng":"","_VenueShowMap":false,"_VenueShowMapLink":false,"footnotes":"","_links_to":"","_links_to_target":""},"categories":[1],"tags":[],"class_list":["post-1509","post","type-post","status-publish","format-standard","hentry","category-non-classe"],"_links":{"self":[{"href":"https:\/\/etab.ac-reunion.fr\/clg-chemin-morin\/wp-json\/wp\/v2\/posts\/1509","targetHints":{"allow":["GET"]}}],"collection":[{"href":"https:\/\/etab.ac-reunion.fr\/clg-chemin-morin\/wp-json\/wp\/v2\/posts"}],"about":[{"href":"https:\/\/etab.ac-reunion.fr\/clg-chemin-morin\/wp-json\/wp\/v2\/types\/post"}],"author":[{"embeddable":true,"href":"https:\/\/etab.ac-reunion.fr\/clg-chemin-morin\/wp-json\/wp\/v2\/users\/13978"}],"replies":[{"embeddable":true,"href":"https:\/\/etab.ac-reunion.fr\/clg-chemin-morin\/wp-json\/wp\/v2\/comments?post=1509"}],"version-history":[{"count":1,"href":"https:\/\/etab.ac-reunion.fr\/clg-chemin-morin\/wp-json\/wp\/v2\/posts\/1509\/revisions"}],"predecessor-version":[{"id":1510,"href":"https:\/\/etab.ac-reunion.fr\/clg-chemin-morin\/wp-json\/wp\/v2\/posts\/1509\/revisions\/1510"}],"wp:attachment":[{"href":"https:\/\/etab.ac-reunion.fr\/clg-chemin-morin\/wp-json\/wp\/v2\/media?parent=1509"}],"wp:term":[{"taxonomy":"category","embeddable":true,"href":"https:\/\/etab.ac-reunion.fr\/clg-chemin-morin\/wp-json\/wp\/v2\/categories?post=1509"},{"taxonomy":"post_tag","embeddable":true,"href":"https:\/\/etab.ac-reunion.fr\/clg-chemin-morin\/wp-json\/wp\/v2\/tags?post=1509"}],"curies":[{"name":"wp","href":"https:\/\/api.w.org\/{rel}","templated":true}]}}