{"id":1534,"date":"2020-04-29T15:41:54","date_gmt":"2020-04-29T11:41:54","guid":{"rendered":"http:\/\/college-chemin-morin.ac-reunion.fr\/?p=1534"},"modified":"2020-04-29T22:12:30","modified_gmt":"2020-04-29T18:12:30","slug":"calendrier-des-operations-dorientation-et-daffectation-fin-de-3eme-annee-scolaire-2019-2020","status":"publish","type":"post","link":"https:\/\/etab.ac-reunion.fr\/clg-chemin-morin\/calendrier-des-operations-dorientation-et-daffectation-fin-de-3eme-annee-scolaire-2019-2020\/","title":{"rendered":"Calendrier des op\u00e9rations d&rsquo;orientation et d&rsquo;affectation fin de 3eme &#8211; ann\u00e9e scolaire 2019\/2020"},"content":{"rendered":"\n<div class=\"wp-block-group\"><div class=\"wp-block-group__inner-container is-layout-flow wp-block-group-is-layout-flow\">\n<p> <\/p>\n\n\n\n<div class=\"wp-block-group\"><div class=\"wp-block-group__inner-container is-layout-flow wp-block-group-is-layout-flow\">\n<p>Lundi 20 avril : Ouverture de la consultation par les familles de l\u2019offre de formation propos\u00e9es par les acad\u00e9mies via le t\u00e9l\u00e9service \u00ab affectation \u00bb ou via le site education.gouv.fr<br><br> <br> Mercredi 29 avril : Date limite de saisie des intentions et avis provisoires d&rsquo;orientation dans le module SIECLE \u00ab orientation \u00bb<br> &nbsp;&nbsp;&nbsp;&nbsp;&nbsp;&nbsp;&nbsp;&nbsp;&nbsp;&nbsp;&nbsp;&nbsp;&nbsp;&nbsp;&nbsp;&nbsp;&nbsp;&nbsp;&nbsp;&nbsp;&nbsp;&nbsp;&nbsp;&nbsp;&nbsp;&nbsp;&nbsp;&nbsp;&nbsp;&nbsp;&nbsp;&nbsp; Ouverture du module SIECLE \u00ab orientation \u00bb phase d\u00e9finitive :<br> &nbsp;&nbsp;&nbsp;&nbsp;&nbsp;&nbsp;&nbsp;&nbsp;&nbsp;&nbsp;&nbsp;&nbsp;&nbsp;&nbsp;&nbsp;&nbsp;&nbsp;&nbsp;&nbsp;&nbsp;&nbsp;&nbsp;&nbsp;&nbsp;&nbsp;&nbsp;&nbsp;&nbsp;&nbsp;&nbsp;&nbsp;&nbsp; Ouverture automatique du t\u00e9l\u00e9service \u00ab orientation \u00bb phase d\u00e9finitive(1)<br> &nbsp;&nbsp;&nbsp;&nbsp;&nbsp;&nbsp;&nbsp;&nbsp;&nbsp;&nbsp;&nbsp;&nbsp;&nbsp;&nbsp;&nbsp;&nbsp;&nbsp;&nbsp;&nbsp;&nbsp;&nbsp;&nbsp;&nbsp;&nbsp;&nbsp;&nbsp;&nbsp;&nbsp;&nbsp;&nbsp;&nbsp;&nbsp; D\u00e9but du recueil des choix d\u00e9finitifs d\u2019orientation des familles : saisie par les  familles via le &nbsp;&nbsp;t\u00e9l\u00e9service \u00ab orientation \u00bb ou par les \u00e9tablissements dans le module SIECLE \u00ab orientation \u00bb<\/p>\n\n\n\n<p> Jeudi 14 mai : Ouverture de la saisie AFFELNET LYCEE <\/p>\n\n\n\n<p> Lundi 25 mai : Ouverture du t\u00e9l\u00e9service \u00ab affectation \u00bb pour la saisie des v\u0153ux d\u00e9finitifs par les familles<br> <br> Conseils de classe d\u00e9di\u00e9s \u00e0 l\u2019orientation<br> <br> Lundi 08 juin : Fermeture du t\u00e9l\u00e9service \u00ab affectation \u00bb pour la saisie des v\u0153ux d\u00e9finitifs par les familles<br> <br> Mardi 09 juin: Date limite de saisie des choix d\u00e9finitifs des familles et des d\u00e9cisions d\u2019orientation (avant commission d&rsquo;appel) dans le module SIECLE \u00ab orientation \u00bb<br> <br> Mardi 16 juin \u00e0 12h : Fermeture de la saisie AFFELNET<br> <br> Mercredi 17 juin matin Date limite de r\u00e9ception des dossiers d&rsquo;appel au coll\u00e8ge si\u00e8ge de la commission<br> <br> Lundi 29 juin : Diffusion des r\u00e9sultats et des notifications aux familles<br> <br> Mardi 30 juin : D\u00e9but des inscriptions dans les \u00e9tablissements Ouverture du t\u00e9l\u00e9service \u00ab inscription \u00bb <\/p>\n\n\n\n<p> D\u00e9but juillet : Ouverture du t\u00e9l\u00e9service \u00ab affectation \u00bb pour la consultation des r\u00e9sultats en ligne<br> <br> Du mercredi 01 juillet au jeudi 02 juillet 16h : Tour suivant n\u00b01: saisie AFFELNET de nouveaux v\u0153ux sur places vacantes  pour les \u00e9l\u00e8ves non affect\u00e9s ou en LS sur l&rsquo;ensemble de leurs v\u0153ux<br> <br> Lundi 06 juillet \u00e0 12h : Tour suivant n\u00b01, r\u00e9sultats et d\u00e9but des inscriptions<br> <br> Du mardi 25 ao\u00fbt au jeudi 27 ao\u00fbt \u00e0 12h : Tour suivant n\u00b02 : saisie AFFELNET de nouveaux v\u0153ux<br> <br> Lundi 31 ao\u00fbt Tour suivant n\u00b02 : R\u00e9sultats et d\u00e9but des inscriptions<\/p>\n<\/div><\/div>\n<\/div><\/div>\n\n\n\n<p><\/p>\n","protected":false},"excerpt":{"rendered":"<p>Lundi 20 avril : Ouverture de la consultation par les familles de l\u2019offre de formation propos\u00e9es par les acad\u00e9mies via le t\u00e9l\u00e9service \u00ab affectation \u00bb ou via le site education.gouv.fr [&hellip;]<\/p>\n","protected":false},"author":13978,"featured_media":0,"comment_status":"closed","ping_status":"open","sticky":false,"template":"","format":"standard","meta":{"_et_pb_use_builder":"off","_et_pb_old_content":"","_et_gb_content_width":"","_EventAllDay":false,"_EventTimezone":"","_EventStartDate":"","_EventEndDate":"","_EventStartDateUTC":"","_EventEndDateUTC":"","_EventShowMap":false,"_EventShowMapLink":false,"_EventURL":"","_EventCost":"","_EventCostDescription":"","_EventCurrencySymbol":"","_EventCurrencyCode":"","_EventCurrencyPosition":"","_EventDateTimeSeparator":"","_EventTimeRangeSeparator":"","_EventOrganizerID":[],"_EventVenueID":[],"_OrganizerEmail":"","_OrganizerPhone":"","_OrganizerWebsite":"","_VenueAddress":"","_VenueCity":"","_VenueCountry":"","_VenueProvince":"","_VenueState":"","_VenueZip":"","_VenuePhone":"","_VenueURL":"","_VenueStateProvince":"","_VenueLat":"","_VenueLng":"","_VenueShowMap":false,"_VenueShowMapLink":false,"footnotes":"","_links_to":"","_links_to_target":""},"categories":[23],"tags":[],"class_list":["post-1534","post","type-post","status-publish","format-standard","hentry","category-informations-parents"],"_links":{"self":[{"href":"https:\/\/etab.ac-reunion.fr\/clg-chemin-morin\/wp-json\/wp\/v2\/posts\/1534","targetHints":{"allow":["GET"]}}],"collection":[{"href":"https:\/\/etab.ac-reunion.fr\/clg-chemin-morin\/wp-json\/wp\/v2\/posts"}],"about":[{"href":"https:\/\/etab.ac-reunion.fr\/clg-chemin-morin\/wp-json\/wp\/v2\/types\/post"}],"author":[{"embeddable":true,"href":"https:\/\/etab.ac-reunion.fr\/clg-chemin-morin\/wp-json\/wp\/v2\/users\/13978"}],"replies":[{"embeddable":true,"href":"https:\/\/etab.ac-reunion.fr\/clg-chemin-morin\/wp-json\/wp\/v2\/comments?post=1534"}],"version-history":[{"count":9,"href":"https:\/\/etab.ac-reunion.fr\/clg-chemin-morin\/wp-json\/wp\/v2\/posts\/1534\/revisions"}],"predecessor-version":[{"id":1547,"href":"https:\/\/etab.ac-reunion.fr\/clg-chemin-morin\/wp-json\/wp\/v2\/posts\/1534\/revisions\/1547"}],"wp:attachment":[{"href":"https:\/\/etab.ac-reunion.fr\/clg-chemin-morin\/wp-json\/wp\/v2\/media?parent=1534"}],"wp:term":[{"taxonomy":"category","embeddable":true,"href":"https:\/\/etab.ac-reunion.fr\/clg-chemin-morin\/wp-json\/wp\/v2\/categories?post=1534"},{"taxonomy":"post_tag","embeddable":true,"href":"https:\/\/etab.ac-reunion.fr\/clg-chemin-morin\/wp-json\/wp\/v2\/tags?post=1534"}],"curies":[{"name":"wp","href":"https:\/\/api.w.org\/{rel}","templated":true}]}}