{"id":1580,"date":"2020-05-07T22:36:20","date_gmt":"2020-05-07T18:36:20","guid":{"rendered":"http:\/\/college-chemin-morin.ac-reunion.fr\/?p=1580"},"modified":"2020-05-07T22:36:21","modified_gmt":"2020-05-07T18:36:21","slug":"ma-classe-a-la-maison-actualites-du-7-mai-2020","status":"publish","type":"post","link":"https:\/\/etab.ac-reunion.fr\/clg-chemin-morin\/ma-classe-a-la-maison-actualites-du-7-mai-2020\/","title":{"rendered":"Ma classe \u00e0 la maison &#8211; actualit\u00e9s du 7 mai 2020"},"content":{"rendered":"\n<p> <strong>\u00ab Ma classe \u00e0 la maison \u00bb jusqu&rsquo;au 4 juillet<\/strong><br> <br> Depuis  d\u00e9but f\u00e9vrier pour les \u00e9tablissements fran\u00e7ais \u00e0 l&rsquo;\u00e9tranger et le 2 mars  dans les \u00ab clusters \u00bb en France puis le 16 mars pour l\u2019ensemble des  \u00e9tablissements, le CNED met \u00e0 disposition le service<br> \u00ab <strong>Ma classe \u00e0 la maison <\/strong>\u00bb dans le cadre de la continuit\u00e9 p\u00e9dagogique.\u00a0<br> <br> Le d\u00e9confinement progressif des \u00e9tablissements scolaires, tel qu&rsquo;il a  \u00e9t\u00e9 annonc\u00e9 par le gouvernement, marque une nouvelle \u00e9tape au cours de  laquelle le CNED continue \u00e0 \u00eatre \u00e0 vos c\u00f4t\u00e9s.<br> <br> Compte tenu du caract\u00e8re progressif du d\u00e9confinement, des incertitudes  li\u00e9es aux situations sanitaires globales et locales (notamment pour les  coll\u00e8ges et lyc\u00e9es) et de la n\u00e9cessit\u00e9 de permettre \u00e0 nos coll\u00e8gues  enseignants, en situation de vuln\u00e9rabilit\u00e9 face au COVID-19, contraints  au t\u00e9l\u00e9travail, de conserver le lien avec leurs \u00e9l\u00e8ves, le dispositif \u00ab  Ma classe \u00e0 la maison \u00bb conserve toute sa pertinence.\u00a0<br> <br> Le CNED maintient donc ses plateformes Ecole, Coll\u00e8ge et Lyc\u00e9e ainsi que le service de classes virtuelles<strong> jusqu\u2019au 4 juillet prochain<\/strong>. <\/p>\n\n\n\n<figure class=\"wp-block-image size-large\"><img loading=\"lazy\" decoding=\"async\" width=\"600\" height=\"232\" src=\"https:\/\/etab.ac-reunion.fr\/clg-chemin-morin\/wp-content\/uploads\/sites\/38\/2020\/05\/Image-3.jpg\" alt=\"\" class=\"wp-image-1581\" srcset=\"https:\/\/etab.ac-reunion.fr\/clg-chemin-morin\/wp-content\/uploads\/sites\/38\/2020\/05\/Image-3.jpg 600w, https:\/\/etab.ac-reunion.fr\/clg-chemin-morin\/wp-content\/uploads\/sites\/38\/2020\/05\/Image-3-480x186.jpg 480w\" sizes=\"(min-width: 0px) and (max-width: 480px) 480px, (min-width: 481px) 600px, 100vw\" \/><\/figure>\n\n\n\n<div class=\"wp-block-group\"><div class=\"wp-block-group__inner-container is-layout-flow wp-block-group-is-layout-flow\">\n<p><strong>\u00ab Ma classe \u00e0 la maison \u00bb \u00e9volue pour s\u2019adapter <\/strong><br><br>\nLe \nd\u00e9confinement se met en \u0153uvre progressivement \u00e0 partir du 11 mai pour \nles \u00e9coles maternelles et \u00e9l\u00e9mentaires et du 18 mai pour les \n\u00e9tablissements du secondaire (classes de 6e et 5e des coll\u00e8ges des \nd\u00e9partements class\u00e9s \u00ab verts \u00bb). La possibilit\u00e9 d\u2019\u00e9tendre la r\u00e9ouverture\n progressive des coll\u00e8ges et d\u2019ouvrir les lyc\u00e9es sera en fonction d\u2019un \nexamen de la situation sanitaire fin mai.<br><br>\nCette progressivit\u00e9 associ\u00e9e aux contraintes induites par les protocoles\n sanitaires mis en \u0153uvre dans les \u00e9tablissements et au libre choix \nlaiss\u00e9 aux familles quant aux retours de leurs enfants \u00e0 une \nscolarisation dans le pr\u00e9sentiel implique que des \u00e9l\u00e8ves pourront \u00eatre \nsoit :\n<\/p>\n\n\n\n<ul class=\"wp-block-list\"><li>scolaris\u00e9s \u00e0 100% en pr\u00e9sentiel ;<\/li><li>scolaris\u00e9s partiellement en pr\u00e9sentiel et partiellement \u00e0 distance ;<\/li><li>scolaris\u00e9s 100% \u00e0 distance.<\/li><\/ul>\n\n\n\n<p>\nLe CNED\n s\u2019inscrit donc dans le calendrier de d\u00e9confinement pour faire \u00e9voluer \nses plateformes et r\u00e9pondre au mieux \u00e0 ces diff\u00e9rentes situations.\n\n<\/p>\n<\/div><\/div>\n\n\n\n<figure class=\"wp-block-image size-large\"><img loading=\"lazy\" decoding=\"async\" width=\"600\" height=\"232\" src=\"https:\/\/etab.ac-reunion.fr\/clg-chemin-morin\/wp-content\/uploads\/sites\/38\/2020\/05\/Image-2.jpg\" alt=\"\" class=\"wp-image-1582\" srcset=\"https:\/\/etab.ac-reunion.fr\/clg-chemin-morin\/wp-content\/uploads\/sites\/38\/2020\/05\/Image-2.jpg 600w, https:\/\/etab.ac-reunion.fr\/clg-chemin-morin\/wp-content\/uploads\/sites\/38\/2020\/05\/Image-2-480x186.jpg 480w\" sizes=\"(min-width: 0px) and (max-width: 480px) 480px, (min-width: 481px) 600px, 100vw\" \/><\/figure>\n\n\n\n<div class=\"wp-block-group\"><div class=\"wp-block-group__inner-container is-layout-flow wp-block-group-is-layout-flow\">\n<p><strong>#MaClasseALaMaison \u2013 college.cned.fr&nbsp;<\/strong><br><br>\nLe \nretour en pr\u00e9sentiel n\u2019\u00e9tant envisag\u00e9 qu\u2019\u00e0 compter du 18 mai, une \u00ab \nsemaine 8 \u00bb d\u2019activit\u00e9s est mise en ligne le 11 mai pour couvrir la \np\u00e9riode du 11 au 15 mai. A compter du 18 mai, qui pourrait voir le \nretour en pr\u00e9sence des classes de 6e et 5e, les accueils \u00ab \u00e9l\u00e8ves \u00bb et \u00ab\n enseignants \u00bb \u00e9volueront.<br><br>\nLa page d\u2019accueil \u00ab \u00e9l\u00e8ves \u00bb ne pr\u00e9sente plus des \u00ab semaines \u00bb \nd\u2019activit\u00e9s. Les ressources et activit\u00e9s sont mises \u00e0 disposition par \nclasse et par discipline. L\u2019\u00e9l\u00e8ve choisit ses activit\u00e9s en fonction de \nses besoins ou des prescriptions de ses enseignants. Il peut visualiser \nla dur\u00e9e de chaque activit\u00e9.&nbsp;<br><br>\nLa page d\u2019accueil \u00ab enseignants \u00bb \u00e9volue \u00e9galement. En plus des contenus\n toujours disponibles et de l\u2019acc\u00e8s aux classes virtuelles, un \u00ab espace \nenseignants \u00bb est cr\u00e9\u00e9. Il est destin\u00e9 aux enseignants qui souhaitent \naccompagner les familles des \u00e9l\u00e8ves scolaris\u00e9s totalement ou \npartiellement \u00e0 distance et permet un acc\u00e8s :\n\n<\/p>\n\n\n\n<ul class=\"wp-block-list\"><li>aux textes officiels sur l\u2019organisation des apprentissages sur la fin de l\u2019ann\u00e9e scolaire ;<\/li><li>aux caract\u00e9ristiques (type, th\u00e8me, dur\u00e9e, difficult\u00e9) pour chaque niveau et discipline des contenus mis \u00e0 disposition ;<\/li><li>\u00e0 des grilles d\u2019aide au rep\u00e9rage pr\u00e9cis des comp\u00e9tences et notions travaill\u00e9es.<\/li><\/ul>\n\n\n\n<p>\nVous \npourrez ainsi facilement identifier les ressources et activit\u00e9s que vous\n consid\u00e8rerez les plus pertinentes et construire \u00ab un programme \u00bb \nd\u2019activit\u00e9s \u00e0 prescrire aux \u00e9l\u00e8ves.<br><br>\nUne vid\u00e9oth\u00e8que est mise \u00e0 disposition pour compl\u00e9ter l\u2019offre de \nressources et d\u2019activit\u00e9s. Les disciplines, comp\u00e9tences et notions \ntravaill\u00e9es sont r\u00e9f\u00e9renc\u00e9es.\n\n<\/p>\n<\/div><\/div>\n","protected":false},"excerpt":{"rendered":"<p>\u00ab Ma classe \u00e0 la maison \u00bb jusqu&rsquo;au 4 juillet Depuis d\u00e9but f\u00e9vrier pour les \u00e9tablissements fran\u00e7ais \u00e0 l&rsquo;\u00e9tranger et le 2 mars dans les \u00ab clusters \u00bb en France [&hellip;]<\/p>\n","protected":false},"author":13978,"featured_media":0,"comment_status":"closed","ping_status":"open","sticky":false,"template":"","format":"standard","meta":{"_et_pb_use_builder":"off","_et_pb_old_content":"","_et_gb_content_width":"","_EventAllDay":false,"_EventTimezone":"","_EventStartDate":"","_EventEndDate":"","_EventStartDateUTC":"","_EventEndDateUTC":"","_EventShowMap":false,"_EventShowMapLink":false,"_EventURL":"","_EventCost":"","_EventCostDescription":"","_EventCurrencySymbol":"","_EventCurrencyCode":"","_EventCurrencyPosition":"","_EventDateTimeSeparator":"","_EventTimeRangeSeparator":"","_EventOrganizerID":[],"_EventVenueID":[],"_OrganizerEmail":"","_OrganizerPhone":"","_OrganizerWebsite":"","_VenueAddress":"","_VenueCity":"","_VenueCountry":"","_VenueProvince":"","_VenueState":"","_VenueZip":"","_VenuePhone":"","_VenueURL":"","_VenueStateProvince":"","_VenueLat":"","_VenueLng":"","_VenueShowMap":false,"_VenueShowMapLink":false,"footnotes":"","_links_to":"","_links_to_target":""},"categories":[1],"tags":[],"class_list":["post-1580","post","type-post","status-publish","format-standard","hentry","category-non-classe"],"_links":{"self":[{"href":"https:\/\/etab.ac-reunion.fr\/clg-chemin-morin\/wp-json\/wp\/v2\/posts\/1580","targetHints":{"allow":["GET"]}}],"collection":[{"href":"https:\/\/etab.ac-reunion.fr\/clg-chemin-morin\/wp-json\/wp\/v2\/posts"}],"about":[{"href":"https:\/\/etab.ac-reunion.fr\/clg-chemin-morin\/wp-json\/wp\/v2\/types\/post"}],"author":[{"embeddable":true,"href":"https:\/\/etab.ac-reunion.fr\/clg-chemin-morin\/wp-json\/wp\/v2\/users\/13978"}],"replies":[{"embeddable":true,"href":"https:\/\/etab.ac-reunion.fr\/clg-chemin-morin\/wp-json\/wp\/v2\/comments?post=1580"}],"version-history":[{"count":2,"href":"https:\/\/etab.ac-reunion.fr\/clg-chemin-morin\/wp-json\/wp\/v2\/posts\/1580\/revisions"}],"predecessor-version":[{"id":1584,"href":"https:\/\/etab.ac-reunion.fr\/clg-chemin-morin\/wp-json\/wp\/v2\/posts\/1580\/revisions\/1584"}],"wp:attachment":[{"href":"https:\/\/etab.ac-reunion.fr\/clg-chemin-morin\/wp-json\/wp\/v2\/media?parent=1580"}],"wp:term":[{"taxonomy":"category","embeddable":true,"href":"https:\/\/etab.ac-reunion.fr\/clg-chemin-morin\/wp-json\/wp\/v2\/categories?post=1580"},{"taxonomy":"post_tag","embeddable":true,"href":"https:\/\/etab.ac-reunion.fr\/clg-chemin-morin\/wp-json\/wp\/v2\/tags?post=1580"}],"curies":[{"name":"wp","href":"https:\/\/api.w.org\/{rel}","templated":true}]}}