{"id":1624,"date":"2020-05-12T20:59:43","date_gmt":"2020-05-12T16:59:43","guid":{"rendered":"http:\/\/college-chemin-morin.ac-reunion.fr\/?p=1624"},"modified":"2020-05-13T21:35:28","modified_gmt":"2020-05-13T17:35:28","slug":"masques","status":"publish","type":"post","link":"https:\/\/etab.ac-reunion.fr\/clg-chemin-morin\/masques\/","title":{"rendered":"Covid19 &#8211; masques \u00e0 usage m\u00e9dical pour les \u00e9l\u00e8ves et les personnels"},"content":{"rendered":"\n<p>Les masques livr\u00e9s pour la r\u00e9ouverture du coll\u00e8ge le lundi 18 mai 2020 sont de deux types : ceux pour adultes de type \u00ab\u00a0jetable\u00a0\u00bb et ceux pour les enfants de type \u00ab\u00a0p\u00e9diatrique jetable\u00a0\u00bb. Les masques \u00e0 usage m\u00e9dical sont principalement destin\u00e9s \u00e0 prot\u00e9ger contre la transmission d\u2019agents infectieux. Toute manipulation d\u2019un masque doit \u00eatre encadr\u00e9e par <a href=\"https:\/\/etab.ac-reunion.fr\/clg-chemin-morin\/wp-content\/uploads\/sites\/38\/2020\/05\/Covid19_MASQUES-A-USAGE-MEDICAL_isst_valid\u00e9-mctr.pdf\">des gestes d\u2019hygi\u00e8ne des mains<\/a>.<\/p>\n","protected":false},"excerpt":{"rendered":"<p>Les masques livr\u00e9s pour la r\u00e9ouverture du coll\u00e8ge le lundi 18 mai 2020 sont de deux types : ceux pour adultes de type \u00ab\u00a0jetable\u00a0\u00bb et ceux pour les enfants de [&hellip;]<\/p>\n","protected":false},"author":13978,"featured_media":0,"comment_status":"closed","ping_status":"open","sticky":false,"template":"","format":"standard","meta":{"_et_pb_use_builder":"off","_et_pb_old_content":"","_et_gb_content_width":"","_EventAllDay":false,"_EventTimezone":"","_EventStartDate":"","_EventEndDate":"","_EventStartDateUTC":"","_EventEndDateUTC":"","_EventShowMap":false,"_EventShowMapLink":false,"_EventURL":"","_EventCost":"","_EventCostDescription":"","_EventCurrencySymbol":"","_EventCurrencyCode":"","_EventCurrencyPosition":"","_EventDateTimeSeparator":"","_EventTimeRangeSeparator":"","_EventOrganizerID":[],"_EventVenueID":[],"_OrganizerEmail":"","_OrganizerPhone":"","_OrganizerWebsite":"","_VenueAddress":"","_VenueCity":"","_VenueCountry":"","_VenueProvince":"","_VenueState":"","_VenueZip":"","_VenuePhone":"","_VenueURL":"","_VenueStateProvince":"","_VenueLat":"","_VenueLng":"","_VenueShowMap":false,"_VenueShowMapLink":false,"footnotes":"","_links_to":"","_links_to_target":""},"categories":[1],"tags":[],"class_list":["post-1624","post","type-post","status-publish","format-standard","hentry","category-non-classe"],"_links":{"self":[{"href":"https:\/\/etab.ac-reunion.fr\/clg-chemin-morin\/wp-json\/wp\/v2\/posts\/1624","targetHints":{"allow":["GET"]}}],"collection":[{"href":"https:\/\/etab.ac-reunion.fr\/clg-chemin-morin\/wp-json\/wp\/v2\/posts"}],"about":[{"href":"https:\/\/etab.ac-reunion.fr\/clg-chemin-morin\/wp-json\/wp\/v2\/types\/post"}],"author":[{"embeddable":true,"href":"https:\/\/etab.ac-reunion.fr\/clg-chemin-morin\/wp-json\/wp\/v2\/users\/13978"}],"replies":[{"embeddable":true,"href":"https:\/\/etab.ac-reunion.fr\/clg-chemin-morin\/wp-json\/wp\/v2\/comments?post=1624"}],"version-history":[{"count":2,"href":"https:\/\/etab.ac-reunion.fr\/clg-chemin-morin\/wp-json\/wp\/v2\/posts\/1624\/revisions"}],"predecessor-version":[{"id":1628,"href":"https:\/\/etab.ac-reunion.fr\/clg-chemin-morin\/wp-json\/wp\/v2\/posts\/1624\/revisions\/1628"}],"wp:attachment":[{"href":"https:\/\/etab.ac-reunion.fr\/clg-chemin-morin\/wp-json\/wp\/v2\/media?parent=1624"}],"wp:term":[{"taxonomy":"category","embeddable":true,"href":"https:\/\/etab.ac-reunion.fr\/clg-chemin-morin\/wp-json\/wp\/v2\/categories?post=1624"},{"taxonomy":"post_tag","embeddable":true,"href":"https:\/\/etab.ac-reunion.fr\/clg-chemin-morin\/wp-json\/wp\/v2\/tags?post=1624"}],"curies":[{"name":"wp","href":"https:\/\/api.w.org\/{rel}","templated":true}]}}