{"id":1629,"date":"2020-05-13T21:42:09","date_gmt":"2020-05-13T17:42:09","guid":{"rendered":"http:\/\/college-chemin-morin.ac-reunion.fr\/?p=1629"},"modified":"2020-05-13T21:42:09","modified_gmt":"2020-05-13T17:42:09","slug":"le-retour-en-classe-apres-le-confinement","status":"publish","type":"post","link":"https:\/\/etab.ac-reunion.fr\/clg-chemin-morin\/le-retour-en-classe-apres-le-confinement\/","title":{"rendered":"Le retour en classe apr\u00e8s le confinement"},"content":{"rendered":"\n<p> La crise sanitaire du coronavirus a ind\u00e9niablement boulevers\u00e9 les habitudes d&rsquo;apprentissage de nos enfants, adolescents et \u00e9l\u00e8ves. S&rsquo;entrevoit aujourd&rsquo;hui, avec la r\u00e9ouverture prochaine et progressive des \u00e9tablissements scolaires, une nouvelle phase.\u00a0Certains \u00e9l\u00e8ves vont reprendre le chemin de l&rsquo;\u00e9cole alors que d&rsquo;autres continueront l&rsquo;\u00e9cole \u00e0 distance. \u00c0 ce stade, des incertitudes persistent. \u00c0 juste titre, enseignants, parents et \u00e9l\u00e8ves se posent des questions : comment pr\u00e9parer le retour en classe ? comment allier aspect sanitaire et p\u00e9dagogie ? comment accompagner les enfants en difficult\u00e9\u00a0ou ceux qui ne rentreront pas \u00e0 l&rsquo;\u00e9cole ? quelles activit\u00e9s privil\u00e9gi\u00e9es \u00e0 l&rsquo;\u00e9cole et\/ou \u00e0 la maison ? C&rsquo;est pourquoi R\u00e9seau Canop\u00e9 continuera, dans les prochaines semaines, \u00e0 accompagner la communaut\u00e9 \u00e9ducative \u00e0 travers des formations, des ressources adapt\u00e9es et des articles. Le site CanoTech sera ainsi r\u00e9guli\u00e8rement mis \u00e0 jour pour qu&rsquo;ensemble nous puissions relever le\u00a0d\u00e9fi de cette nouvelle forme scolaire.  <a href=\"https:\/\/preview.idcontact.com\/preview.php?a33b87236c1154686d44294228e0f\" target=\"_blank\" rel=\"noreferrer noopener\" aria-label=\" (s\u2019ouvre dans un nouvel onglet)\">En savoir plus\u00a0<\/a> <\/p>\n","protected":false},"excerpt":{"rendered":"<p>La crise sanitaire du coronavirus a ind\u00e9niablement boulevers\u00e9 les habitudes d&rsquo;apprentissage de nos enfants, adolescents et \u00e9l\u00e8ves. S&rsquo;entrevoit aujourd&rsquo;hui, avec la r\u00e9ouverture prochaine et progressive des \u00e9tablissements scolaires, une nouvelle [&hellip;]<\/p>\n","protected":false},"author":13978,"featured_media":0,"comment_status":"closed","ping_status":"open","sticky":false,"template":"","format":"standard","meta":{"_et_pb_use_builder":"off","_et_pb_old_content":"","_et_gb_content_width":"","_EventAllDay":false,"_EventTimezone":"","_EventStartDate":"","_EventEndDate":"","_EventStartDateUTC":"","_EventEndDateUTC":"","_EventShowMap":false,"_EventShowMapLink":false,"_EventURL":"","_EventCost":"","_EventCostDescription":"","_EventCurrencySymbol":"","_EventCurrencyCode":"","_EventCurrencyPosition":"","_EventDateTimeSeparator":"","_EventTimeRangeSeparator":"","_EventOrganizerID":[],"_EventVenueID":[],"_OrganizerEmail":"","_OrganizerPhone":"","_OrganizerWebsite":"","_VenueAddress":"","_VenueCity":"","_VenueCountry":"","_VenueProvince":"","_VenueState":"","_VenueZip":"","_VenuePhone":"","_VenueURL":"","_VenueStateProvince":"","_VenueLat":"","_VenueLng":"","_VenueShowMap":false,"_VenueShowMapLink":false,"footnotes":"","_links_to":"","_links_to_target":""},"categories":[1],"tags":[],"class_list":["post-1629","post","type-post","status-publish","format-standard","hentry","category-non-classe"],"_links":{"self":[{"href":"https:\/\/etab.ac-reunion.fr\/clg-chemin-morin\/wp-json\/wp\/v2\/posts\/1629","targetHints":{"allow":["GET"]}}],"collection":[{"href":"https:\/\/etab.ac-reunion.fr\/clg-chemin-morin\/wp-json\/wp\/v2\/posts"}],"about":[{"href":"https:\/\/etab.ac-reunion.fr\/clg-chemin-morin\/wp-json\/wp\/v2\/types\/post"}],"author":[{"embeddable":true,"href":"https:\/\/etab.ac-reunion.fr\/clg-chemin-morin\/wp-json\/wp\/v2\/users\/13978"}],"replies":[{"embeddable":true,"href":"https:\/\/etab.ac-reunion.fr\/clg-chemin-morin\/wp-json\/wp\/v2\/comments?post=1629"}],"version-history":[{"count":1,"href":"https:\/\/etab.ac-reunion.fr\/clg-chemin-morin\/wp-json\/wp\/v2\/posts\/1629\/revisions"}],"predecessor-version":[{"id":1630,"href":"https:\/\/etab.ac-reunion.fr\/clg-chemin-morin\/wp-json\/wp\/v2\/posts\/1629\/revisions\/1630"}],"wp:attachment":[{"href":"https:\/\/etab.ac-reunion.fr\/clg-chemin-morin\/wp-json\/wp\/v2\/media?parent=1629"}],"wp:term":[{"taxonomy":"category","embeddable":true,"href":"https:\/\/etab.ac-reunion.fr\/clg-chemin-morin\/wp-json\/wp\/v2\/categories?post=1629"},{"taxonomy":"post_tag","embeddable":true,"href":"https:\/\/etab.ac-reunion.fr\/clg-chemin-morin\/wp-json\/wp\/v2\/tags?post=1629"}],"curies":[{"name":"wp","href":"https:\/\/api.w.org\/{rel}","templated":true}]}}