{"id":1634,"date":"2020-05-15T15:44:28","date_gmt":"2020-05-15T11:44:28","guid":{"rendered":"http:\/\/college-chemin-morin.ac-reunion.fr\/?p=1634"},"modified":"2020-05-16T15:03:00","modified_gmt":"2020-05-16T11:03:00","slug":"reouverture-du-college-le-lundi-18-mai-2020","status":"publish","type":"post","link":"https:\/\/etab.ac-reunion.fr\/clg-chemin-morin\/reouverture-du-college-le-lundi-18-mai-2020\/","title":{"rendered":"R\u00e9ouverture du coll\u00e8ge le lundi 18 mai 2020"},"content":{"rendered":"\n<p>La r\u00e9ouverture est progressive \u00e0 compter du 18 mai dans les d\u00e9partements \u00ab verts \u00bb en commen\u00e7ant par les classes de 6e et de 5e. Elle repose sur cinq fondamentaux :<\/p>\n\n\n\n<div class=\"wp-block-group\"><div class=\"wp-block-group__inner-container is-layout-flow wp-block-group-is-layout-flow\">\n<p>&#8211; Le maintien de la distanciation physique <\/p>\n\n\n\n<p>&#8211; L\u2019application des gestes barri\u00e8re <\/p>\n\n\n\n<p>&#8211; La limitation du brassage des \u00e9l\u00e8ves <\/p>\n\n\n\n<p>&#8211; Le nettoyage et la d\u00e9sinfection des locaux et mat\u00e9riels <\/p>\n\n\n\n<p>&#8211; La formation, l\u2019information et la communication<\/p>\n\n\n\n<p><\/p>\n<\/div><\/div>\n\n\n\n<p>Un examen de la situation sanitaire fin mai permettra de d\u00e9terminer la possibilit\u00e9 d&rsquo;\u00e9tendre la r\u00e9ouverture des coll\u00e8ges aux classes de 4e et 3e. <\/p>\n\n\n\n<p><\/p>\n\n\n\n<p>* Les transports scolaires seront assur\u00e9s d\u00e8s le lundi 18 mai prochain par la Cirest et pour respecter la distanciation, le nombre d&rsquo;\u00e9l\u00e8ve par bus sera : <\/p>\n\n\n\n<p>&#8211;  6 \u00e9l\u00e8ves pour un bus de 22 places <\/p>\n\n\n\n<p>&#8211; 15 \u00e9l\u00e8ves pour un bus de 40 places <\/p>\n\n\n\n<p>&#8211; 21 \u00e9l\u00e8ves pour un bus de 55 places <\/p>\n\n\n\n<p>Un accompagnateur devrait \u00eatre pr\u00e9sent dans le bus o\u00f9 le port du masque sera obligatoire mais non fourni. Aussi, il est recommand\u00e9 aux parents d&rsquo;accompagner leur enfant car il est possible qu&rsquo;un enfant ne puisse pas \u00eatre transport\u00e9 compte tenu de cette limitation. <\/p>\n\n\n\n<p>* Une information individuelle sur les conditions de la r\u00e9ouverture est d\u00e9livr\u00e9e \u00e0 chaque famille. La d\u00e9cision des familles est valable jusqu\u2019au 1er juin. <\/p>\n\n\n\n<p>* Les cours commenceront aux horaires habituelles et se termineront \u00e0 15h20 au moment de la r\u00e9cr\u00e9ation de l&rsquo;apr\u00e8s-midi. <\/p>\n\n\n\n<p>* Le port du masque est obligatoire, les masques p\u00e9diatriques sont fournis aux \u00e9l\u00e8ves d\u00e8s l&rsquo;entr\u00e9e dans l&rsquo;\u00e9tablissement. <\/p>\n\n\n\n<p>* Les \u00e9l\u00e8ves b\u00e9n\u00e9ficieront de s\u00e9ances d\u2019\u00e9ducation \u00e0 la sant\u00e9 leur permettant de s\u2019approprier les gestes barri\u00e8re. Les personnels accompagneront les \u00e9l\u00e8ves dans la mise en \u0153uvre au quotidien du protocole sanitaire. <\/p>\n\n\n\n<p>* Le nettoyage et la d\u00e9sinfection des salles et des sanitaires seront effectu\u00e9s en utilisant des produits et des d\u00e9sinfectants qui respectent la norme de virucide NF EN 14476 pr\u00e9conis\u00e9e par le protocole sanitaire national trois fois au cour de la journ\u00e9e, le matin \u00e0 7h, pendant la r\u00e9cr\u00e9ation de 10h et pendant la pause m\u00e9ridienne.<\/p>\n\n\n\n<p>* La demi-pension sera assur\u00e9e. <\/p>\n\n\n\n<p>* Il est recommand\u00e9 aux parents de fournir une gourde \u00e0 leur enfant car la qualit\u00e9 de l&rsquo;eau n&rsquo;est pas garantie et les fontaines \u00e0 eau seront condamn\u00e9es sauf au r\u00e9fectoire. <\/p>\n\n\n\n<p>* La continuit\u00e9 p\u00e9dagogique est poursuivie pour les \u00e9l\u00e8ves qui restent \u00e0 la maison et les familles encore d\u00e9connect\u00e9es peuvent venir r\u00e9cup\u00e9rer les devoirs au coll\u00e8ge. <\/p>\n\n\n\n<p>* L&rsquo;acc\u00e8s \u00e0 l&rsquo;\u00e9tablissement devient fortement restreint pour les parents et toutes autres personnes et soumis au protocole sanitaire de r\u00e9ouverture. <\/p>\n\n\n\n<p>La Direction de l&rsquo;\u00e9tablissement.<\/p>\n","protected":false},"excerpt":{"rendered":"<p>La r\u00e9ouverture est progressive \u00e0 compter du 18 mai dans les d\u00e9partements \u00ab verts \u00bb en commen\u00e7ant par les classes de 6e et de 5e. Elle repose sur cinq fondamentaux [&hellip;]<\/p>\n","protected":false},"author":13978,"featured_media":0,"comment_status":"closed","ping_status":"open","sticky":false,"template":"","format":"standard","meta":{"_et_pb_use_builder":"off","_et_pb_old_content":"","_et_gb_content_width":"","_EventAllDay":false,"_EventTimezone":"","_EventStartDate":"","_EventEndDate":"","_EventStartDateUTC":"","_EventEndDateUTC":"","_EventShowMap":false,"_EventShowMapLink":false,"_EventURL":"","_EventCost":"","_EventCostDescription":"","_EventCurrencySymbol":"","_EventCurrencyCode":"","_EventCurrencyPosition":"","_EventDateTimeSeparator":"","_EventTimeRangeSeparator":"","_EventOrganizerID":[],"_EventVenueID":[],"_OrganizerEmail":"","_OrganizerPhone":"","_OrganizerWebsite":"","_VenueAddress":"","_VenueCity":"","_VenueCountry":"","_VenueProvince":"","_VenueState":"","_VenueZip":"","_VenuePhone":"","_VenueURL":"","_VenueStateProvince":"","_VenueLat":"","_VenueLng":"","_VenueShowMap":false,"_VenueShowMapLink":false,"footnotes":"","_links_to":"","_links_to_target":""},"categories":[1],"tags":[],"class_list":["post-1634","post","type-post","status-publish","format-standard","hentry","category-non-classe"],"_links":{"self":[{"href":"https:\/\/etab.ac-reunion.fr\/clg-chemin-morin\/wp-json\/wp\/v2\/posts\/1634","targetHints":{"allow":["GET"]}}],"collection":[{"href":"https:\/\/etab.ac-reunion.fr\/clg-chemin-morin\/wp-json\/wp\/v2\/posts"}],"about":[{"href":"https:\/\/etab.ac-reunion.fr\/clg-chemin-morin\/wp-json\/wp\/v2\/types\/post"}],"author":[{"embeddable":true,"href":"https:\/\/etab.ac-reunion.fr\/clg-chemin-morin\/wp-json\/wp\/v2\/users\/13978"}],"replies":[{"embeddable":true,"href":"https:\/\/etab.ac-reunion.fr\/clg-chemin-morin\/wp-json\/wp\/v2\/comments?post=1634"}],"version-history":[{"count":6,"href":"https:\/\/etab.ac-reunion.fr\/clg-chemin-morin\/wp-json\/wp\/v2\/posts\/1634\/revisions"}],"predecessor-version":[{"id":1651,"href":"https:\/\/etab.ac-reunion.fr\/clg-chemin-morin\/wp-json\/wp\/v2\/posts\/1634\/revisions\/1651"}],"wp:attachment":[{"href":"https:\/\/etab.ac-reunion.fr\/clg-chemin-morin\/wp-json\/wp\/v2\/media?parent=1634"}],"wp:term":[{"taxonomy":"category","embeddable":true,"href":"https:\/\/etab.ac-reunion.fr\/clg-chemin-morin\/wp-json\/wp\/v2\/categories?post=1634"},{"taxonomy":"post_tag","embeddable":true,"href":"https:\/\/etab.ac-reunion.fr\/clg-chemin-morin\/wp-json\/wp\/v2\/tags?post=1634"}],"curies":[{"name":"wp","href":"https:\/\/api.w.org\/{rel}","templated":true}]}}