{"id":1653,"date":"2020-05-18T13:44:17","date_gmt":"2020-05-18T09:44:17","guid":{"rendered":"http:\/\/college-chemin-morin.ac-reunion.fr\/?p=1653"},"modified":"2020-05-18T13:44:17","modified_gmt":"2020-05-18T09:44:17","slug":"activation-de-la-plate-forme-telephonique-au-saio","status":"publish","type":"post","link":"https:\/\/etab.ac-reunion.fr\/clg-chemin-morin\/activation-de-la-plate-forme-telephonique-au-saio\/","title":{"rendered":"Activation de la plate-forme t\u00e9l\u00e9phonique au SAIO"},"content":{"rendered":"\n<p>La plate-forme t\u00e9l\u00e9phonique du SAIO est de nouveau mise en place cette ann\u00e9e afin de pouvoir r\u00e9pondre aux questions des familles relatives \u00e0 l&rsquo;affectation de leurs enfants.<br><br>Le num\u00e9ro de t\u00e9l\u00e9phone mis \u00e0 la disposition des familles est le suivant :<br><br> <strong>02 62 48 10 80<\/strong><br><br>Cette plate-forme sera op\u00e9rationnelle du lundi 25 mai au vendredi 10 juillet 2020 inclus et du lundi 10 ao\u00fbt au vendredi 28 ao\u00fbt 2020 inclus, de 9h \u00e0 12h et de 13h \u00e0 16h.<br><br>De tr\u00e8s nombreuses informations (entre autres la carte scolaire pour la sectorisation, les guides affelnet, &#8230;) sont consultables sur le site de l&rsquo;acad\u00e9mie de La R\u00e9union (rubrique orientation-formation, affectation en coll\u00e8ge et lyc\u00e9e).<\/p>\n","protected":false},"excerpt":{"rendered":"<p>La plate-forme t\u00e9l\u00e9phonique du SAIO est de nouveau mise en place cette ann\u00e9e afin de pouvoir r\u00e9pondre aux questions des familles relatives \u00e0 l&rsquo;affectation de leurs enfants. Le num\u00e9ro de [&hellip;]<\/p>\n","protected":false},"author":13978,"featured_media":0,"comment_status":"closed","ping_status":"open","sticky":false,"template":"","format":"standard","meta":{"_et_pb_use_builder":"","_et_pb_old_content":"","_et_gb_content_width":"","_EventAllDay":false,"_EventTimezone":"","_EventStartDate":"","_EventEndDate":"","_EventStartDateUTC":"","_EventEndDateUTC":"","_EventShowMap":false,"_EventShowMapLink":false,"_EventURL":"","_EventCost":"","_EventCostDescription":"","_EventCurrencySymbol":"","_EventCurrencyCode":"","_EventCurrencyPosition":"","_EventDateTimeSeparator":"","_EventTimeRangeSeparator":"","_EventOrganizerID":[],"_EventVenueID":[],"_OrganizerEmail":"","_OrganizerPhone":"","_OrganizerWebsite":"","_VenueAddress":"","_VenueCity":"","_VenueCountry":"","_VenueProvince":"","_VenueState":"","_VenueZip":"","_VenuePhone":"","_VenueURL":"","_VenueStateProvince":"","_VenueLat":"","_VenueLng":"","_VenueShowMap":false,"_VenueShowMapLink":false,"footnotes":"","_links_to":"","_links_to_target":""},"categories":[1],"tags":[],"class_list":["post-1653","post","type-post","status-publish","format-standard","hentry","category-non-classe"],"_links":{"self":[{"href":"https:\/\/etab.ac-reunion.fr\/clg-chemin-morin\/wp-json\/wp\/v2\/posts\/1653","targetHints":{"allow":["GET"]}}],"collection":[{"href":"https:\/\/etab.ac-reunion.fr\/clg-chemin-morin\/wp-json\/wp\/v2\/posts"}],"about":[{"href":"https:\/\/etab.ac-reunion.fr\/clg-chemin-morin\/wp-json\/wp\/v2\/types\/post"}],"author":[{"embeddable":true,"href":"https:\/\/etab.ac-reunion.fr\/clg-chemin-morin\/wp-json\/wp\/v2\/users\/13978"}],"replies":[{"embeddable":true,"href":"https:\/\/etab.ac-reunion.fr\/clg-chemin-morin\/wp-json\/wp\/v2\/comments?post=1653"}],"version-history":[{"count":2,"href":"https:\/\/etab.ac-reunion.fr\/clg-chemin-morin\/wp-json\/wp\/v2\/posts\/1653\/revisions"}],"predecessor-version":[{"id":1664,"href":"https:\/\/etab.ac-reunion.fr\/clg-chemin-morin\/wp-json\/wp\/v2\/posts\/1653\/revisions\/1664"}],"wp:attachment":[{"href":"https:\/\/etab.ac-reunion.fr\/clg-chemin-morin\/wp-json\/wp\/v2\/media?parent=1653"}],"wp:term":[{"taxonomy":"category","embeddable":true,"href":"https:\/\/etab.ac-reunion.fr\/clg-chemin-morin\/wp-json\/wp\/v2\/categories?post=1653"},{"taxonomy":"post_tag","embeddable":true,"href":"https:\/\/etab.ac-reunion.fr\/clg-chemin-morin\/wp-json\/wp\/v2\/tags?post=1653"}],"curies":[{"name":"wp","href":"https:\/\/api.w.org\/{rel}","templated":true}]}}