{"id":1663,"date":"2020-05-29T18:13:54","date_gmt":"2020-05-29T14:13:54","guid":{"rendered":"http:\/\/college-chemin-morin.ac-reunion.fr\/?p=1663"},"modified":"2020-06-09T20:12:10","modified_gmt":"2020-06-09T16:12:10","slug":"accueil-des-eleves-au-college-a-compter-du-mardi-2-juin-au-vendredi-3-juillet-2020","status":"publish","type":"post","link":"https:\/\/etab.ac-reunion.fr\/clg-chemin-morin\/accueil-des-eleves-au-college-a-compter-du-mardi-2-juin-au-vendredi-3-juillet-2020\/","title":{"rendered":"Accueil des \u00e9l\u00e8ves au coll\u00e8ge \u00e0 compter du mardi 2 juin au vendredi 3 juillet 2020"},"content":{"rendered":"\n<div class=\"wp-block-group\"><div class=\"wp-block-group__inner-container is-layout-flow wp-block-group-is-layout-flow\">\n<p>Compte tenu de la situation progressive de d\u00e9confinement et du retour programm\u00e9 des \u00e9l\u00e8ves dans les \u00e9tablissements scolaires, les \u00e9l\u00e8ves de 6e et de 5e \u00e9tant prioritaires et afin de respecter le plan sanitaire adopt\u00e9 par le Conseil d&rsquo;administration de l&rsquo;\u00e9tablissement, nous vous informons ci-dessous de l&rsquo;organisation adopt\u00e9 au coll\u00e8ge : <br><br>* Accueil des \u00e9l\u00e8ves de 6\u00e8me, 5\u00e8me et 3\u00e8me du 02\/06 au 12\/06\/2020 <br><br>* Accueil des \u00e9l\u00e8ves de 6\u00e8me, 5\u00e8me et 4\u00e8me du 15\/06 au 04\/07\/2020<br><br>Comptant sur votre compr\u00e9hension et votre collaboration,<\/p>\n\n\n\n<pre class=\"wp-block-preformatted\">En raison de contraintes sur le transport des \u00e9l\u00e8ves les cours s'arr\u00eateront \u00e0 14h15 \u00e0 compter du jeudi 11 juin 2020.<\/pre>\n<\/div><\/div>\n\n\n\n<p><br><br>La Direction <br><br><\/p>\n","protected":false},"excerpt":{"rendered":"<p>Compte tenu de la situation progressive de d\u00e9confinement et du retour programm\u00e9 des \u00e9l\u00e8ves dans les \u00e9tablissements scolaires, les \u00e9l\u00e8ves de 6e et de 5e \u00e9tant prioritaires et afin de [&hellip;]<\/p>\n","protected":false},"author":13978,"featured_media":0,"comment_status":"closed","ping_status":"open","sticky":false,"template":"","format":"standard","meta":{"_et_pb_use_builder":"","_et_pb_old_content":"","_et_gb_content_width":"","_EventAllDay":false,"_EventTimezone":"","_EventStartDate":"","_EventEndDate":"","_EventStartDateUTC":"","_EventEndDateUTC":"","_EventShowMap":false,"_EventShowMapLink":false,"_EventURL":"","_EventCost":"","_EventCostDescription":"","_EventCurrencySymbol":"","_EventCurrencyCode":"","_EventCurrencyPosition":"","_EventDateTimeSeparator":"","_EventTimeRangeSeparator":"","_EventOrganizerID":[],"_EventVenueID":[],"_OrganizerEmail":"","_OrganizerPhone":"","_OrganizerWebsite":"","_VenueAddress":"","_VenueCity":"","_VenueCountry":"","_VenueProvince":"","_VenueState":"","_VenueZip":"","_VenuePhone":"","_VenueURL":"","_VenueStateProvince":"","_VenueLat":"","_VenueLng":"","_VenueShowMap":false,"_VenueShowMapLink":false,"footnotes":"","_links_to":"","_links_to_target":""},"categories":[1],"tags":[],"class_list":["post-1663","post","type-post","status-publish","format-standard","hentry","category-non-classe"],"_links":{"self":[{"href":"https:\/\/etab.ac-reunion.fr\/clg-chemin-morin\/wp-json\/wp\/v2\/posts\/1663","targetHints":{"allow":["GET"]}}],"collection":[{"href":"https:\/\/etab.ac-reunion.fr\/clg-chemin-morin\/wp-json\/wp\/v2\/posts"}],"about":[{"href":"https:\/\/etab.ac-reunion.fr\/clg-chemin-morin\/wp-json\/wp\/v2\/types\/post"}],"author":[{"embeddable":true,"href":"https:\/\/etab.ac-reunion.fr\/clg-chemin-morin\/wp-json\/wp\/v2\/users\/13978"}],"replies":[{"embeddable":true,"href":"https:\/\/etab.ac-reunion.fr\/clg-chemin-morin\/wp-json\/wp\/v2\/comments?post=1663"}],"version-history":[{"count":6,"href":"https:\/\/etab.ac-reunion.fr\/clg-chemin-morin\/wp-json\/wp\/v2\/posts\/1663\/revisions"}],"predecessor-version":[{"id":1692,"href":"https:\/\/etab.ac-reunion.fr\/clg-chemin-morin\/wp-json\/wp\/v2\/posts\/1663\/revisions\/1692"}],"wp:attachment":[{"href":"https:\/\/etab.ac-reunion.fr\/clg-chemin-morin\/wp-json\/wp\/v2\/media?parent=1663"}],"wp:term":[{"taxonomy":"category","embeddable":true,"href":"https:\/\/etab.ac-reunion.fr\/clg-chemin-morin\/wp-json\/wp\/v2\/categories?post=1663"},{"taxonomy":"post_tag","embeddable":true,"href":"https:\/\/etab.ac-reunion.fr\/clg-chemin-morin\/wp-json\/wp\/v2\/tags?post=1663"}],"curies":[{"name":"wp","href":"https:\/\/api.w.org\/{rel}","templated":true}]}}