{"id":1667,"date":"2020-08-12T16:55:31","date_gmt":"2020-08-12T12:55:31","guid":{"rendered":"http:\/\/college-chemin-morin.ac-reunion.fr\/?p=1667"},"modified":"2020-08-13T12:57:41","modified_gmt":"2020-08-13T08:57:41","slug":"rentree-2020-annee-scolaire-2020-2021","status":"publish","type":"post","link":"https:\/\/etab.ac-reunion.fr\/clg-chemin-morin\/rentree-2020-annee-scolaire-2020-2021\/","title":{"rendered":"Rentr\u00e9e 2020 &#8211; ann\u00e9e scolaire 2020-2021"},"content":{"rendered":"\n<pre class=\"wp-block-preformatted\">Accueil des \u00e9l\u00e8ves au coll\u00e8ge \u00e0 la rentr\u00e9e du lundi 17 ao\u00fbt 2020\n\n* Accueil des \u00e9l\u00e8ves de 6\u00e8me le lundi 17 ao\u00fbt 2020 \u00e0 8h30 au r\u00e9fectoire. Les cours se d\u00e9rouleront de 8h30 \u00e0 12h00.\n   R\u00e9union avec les parents d'\u00e9l\u00e8ves et les responsables des services \u00e0 9h00 au r\u00e9fectoire.   \n   Les \u00e9l\u00e8ves externes seront lib\u00e9r\u00e9s \u00e0 12h00.\n   La demi-pension fonctionnera d\u00e8s le lundi 17 ao\u00fbt 2020.\n   Les \u00e9l\u00e8ves demi-pensionnaires transport\u00e9s seront pris en charge par les bus de la Cirest \u00e0 13h00.\n \n* Accueil des \u00e9l\u00e8ves de 5\u00e8me, 4\u00e8me et 3\u00e8me le mardi 18 ao\u00fbt 2020 d\u00e8s 7h40 jusqu'\u00e0 16h20.\n\n* Accueil de tous les \u00e9l\u00e8ves le mercredi 19 ao\u00fbt 2020 selon les emplois du temps des classes\n\nLe protocole sanitaire applicable \u00e0 la rentr\u00e9e a \u00e9t\u00e9 all\u00e9g\u00e9, cependant nous rappelons que les parents ont un r\u00f4le important \u00e0 jouer dans l\u2019accompagnement de leur enfant sur le respect des gestes barri\u00e8re et de la distanciation physique. Le port du masque demeure obligatoire d\u00e8s l\u2019entr\u00e9e de l\u2019\u00e9tablissement et devra \u00eatre fourni par les parents \u00e0 raison d\u2019un masque par demi-journ\u00e9e.\n\nLes espaces sont organis\u00e9s de mani\u00e8re \u00e0 maintenir la plus grande distance possible entre les \u00e9l\u00e8ves. Le lavage des mains est essentiel et le mat\u00e9riel n\u00e9cessaire a \u00e9t\u00e9 install\u00e9 \u00e0 cet effet depuis l'ann\u00e9e pass\u00e9e. Nous demandons aux parents de nous accompagner dans la sensibilisation des enfants sur le respect du mat\u00e9riel sanitaire dans l'int\u00e9r\u00eat de tous.\n\nLe nettoyage des locaux et la d\u00e9sinfection des tables, des bureaux, des poign\u00e9es de portes, des interrupteurs, des claviers et des souris seront assur\u00e9s tous les jours.\n\nComptant sur votre compr\u00e9hension et votre collaboration,\n\nLa Direction<\/pre>\n\n\n\n<p><\/p>\n","protected":false},"excerpt":{"rendered":"<p>Accueil des \u00e9l\u00e8ves au coll\u00e8ge \u00e0 la rentr\u00e9e du lundi 17 ao\u00fbt 2020 * Accueil des \u00e9l\u00e8ves de 6\u00e8me le lundi 17 ao\u00fbt 2020 \u00e0 8h30 au r\u00e9fectoire. Les cours [&hellip;]<\/p>\n","protected":false},"author":13978,"featured_media":0,"comment_status":"closed","ping_status":"open","sticky":false,"template":"","format":"standard","meta":{"_et_pb_use_builder":"","_et_pb_old_content":"","_et_gb_content_width":"","_EventAllDay":false,"_EventTimezone":"","_EventStartDate":"","_EventEndDate":"","_EventStartDateUTC":"","_EventEndDateUTC":"","_EventShowMap":false,"_EventShowMapLink":false,"_EventURL":"","_EventCost":"","_EventCostDescription":"","_EventCurrencySymbol":"","_EventCurrencyCode":"","_EventCurrencyPosition":"","_EventDateTimeSeparator":"","_EventTimeRangeSeparator":"","_EventOrganizerID":[],"_EventVenueID":[],"_OrganizerEmail":"","_OrganizerPhone":"","_OrganizerWebsite":"","_VenueAddress":"","_VenueCity":"","_VenueCountry":"","_VenueProvince":"","_VenueState":"","_VenueZip":"","_VenuePhone":"","_VenueURL":"","_VenueStateProvince":"","_VenueLat":"","_VenueLng":"","_VenueShowMap":false,"_VenueShowMapLink":false,"footnotes":"","_links_to":"","_links_to_target":""},"categories":[1],"tags":[],"class_list":["post-1667","post","type-post","status-publish","format-standard","hentry","category-non-classe"],"_links":{"self":[{"href":"https:\/\/etab.ac-reunion.fr\/clg-chemin-morin\/wp-json\/wp\/v2\/posts\/1667","targetHints":{"allow":["GET"]}}],"collection":[{"href":"https:\/\/etab.ac-reunion.fr\/clg-chemin-morin\/wp-json\/wp\/v2\/posts"}],"about":[{"href":"https:\/\/etab.ac-reunion.fr\/clg-chemin-morin\/wp-json\/wp\/v2\/types\/post"}],"author":[{"embeddable":true,"href":"https:\/\/etab.ac-reunion.fr\/clg-chemin-morin\/wp-json\/wp\/v2\/users\/13978"}],"replies":[{"embeddable":true,"href":"https:\/\/etab.ac-reunion.fr\/clg-chemin-morin\/wp-json\/wp\/v2\/comments?post=1667"}],"version-history":[{"count":3,"href":"https:\/\/etab.ac-reunion.fr\/clg-chemin-morin\/wp-json\/wp\/v2\/posts\/1667\/revisions"}],"predecessor-version":[{"id":1705,"href":"https:\/\/etab.ac-reunion.fr\/clg-chemin-morin\/wp-json\/wp\/v2\/posts\/1667\/revisions\/1705"}],"wp:attachment":[{"href":"https:\/\/etab.ac-reunion.fr\/clg-chemin-morin\/wp-json\/wp\/v2\/media?parent=1667"}],"wp:term":[{"taxonomy":"category","embeddable":true,"href":"https:\/\/etab.ac-reunion.fr\/clg-chemin-morin\/wp-json\/wp\/v2\/categories?post=1667"},{"taxonomy":"post_tag","embeddable":true,"href":"https:\/\/etab.ac-reunion.fr\/clg-chemin-morin\/wp-json\/wp\/v2\/tags?post=1667"}],"curies":[{"name":"wp","href":"https:\/\/api.w.org\/{rel}","templated":true}]}}