{"id":1670,"date":"2020-06-02T16:56:44","date_gmt":"2020-06-02T12:56:44","guid":{"rendered":"http:\/\/college-chemin-morin.ac-reunion.fr\/?p=1670"},"modified":"2020-06-02T16:56:45","modified_gmt":"2020-06-02T12:56:45","slug":"teleservice-affectation-apres-la-3e","status":"publish","type":"post","link":"https:\/\/etab.ac-reunion.fr\/clg-chemin-morin\/teleservice-affectation-apres-la-3e\/","title":{"rendered":"T\u00e9l\u00e9service affectation apr\u00e8s la 3e"},"content":{"rendered":"\n<p>Les difficult\u00e9s techniques relev\u00e9es le premier jour d\u2019ouverture \u00e0 la saisie des v\u0153ux sur le t\u00e9l\u00e9service affectation sont d\u00e9sormais r\u00e9solues. Les familles peuvent saisir et enregistrer leurs demandes.<\/p>\n\n\n\n<p>Nous mettons \u00e0 votre disposition\u00a0le <a href=\"https:\/\/media.eduscol.education.fr\/file\/Orientation\/59\/5\/Guide_Teleservice_Orientation_3e_Chefs_Etab_accompagnement_1278595.pdf\">guide d\u2019accompagnement des familles<\/a> qui est enrichi de la partie saisie des v\u0153ux.<\/p>\n\n\n\n<p>Par ailleurs, un tutoriel vid\u00e9o pr\u00e9sentant la d\u00e9marche \u00e0 r\u00e9aliser par les familles sur le t\u00e9l\u00e9service, sera accessible dans la journ\u00e9e \u00e0 partir de la page d\u2019information de r\u00e9f\u00e9rence pour l\u2019orientation en 3e et l\u2019affectation au lyc\u00e9e&nbsp;: <a href=\"http:\/\/www.education.gouv.fr\/affectation3e\">www.education.gouv.fr\/affectation3e<\/a><\/p>\n","protected":false},"excerpt":{"rendered":"<p>Les difficult\u00e9s techniques relev\u00e9es le premier jour d\u2019ouverture \u00e0 la saisie des v\u0153ux sur le t\u00e9l\u00e9service affectation sont d\u00e9sormais r\u00e9solues. Les familles peuvent saisir et enregistrer leurs demandes. Nous mettons [&hellip;]<\/p>\n","protected":false},"author":13978,"featured_media":0,"comment_status":"closed","ping_status":"open","sticky":false,"template":"","format":"standard","meta":{"_et_pb_use_builder":"off","_et_pb_old_content":"","_et_gb_content_width":"","_EventAllDay":false,"_EventTimezone":"","_EventStartDate":"","_EventEndDate":"","_EventStartDateUTC":"","_EventEndDateUTC":"","_EventShowMap":false,"_EventShowMapLink":false,"_EventURL":"","_EventCost":"","_EventCostDescription":"","_EventCurrencySymbol":"","_EventCurrencyCode":"","_EventCurrencyPosition":"","_EventDateTimeSeparator":"","_EventTimeRangeSeparator":"","_EventOrganizerID":[],"_EventVenueID":[],"_OrganizerEmail":"","_OrganizerPhone":"","_OrganizerWebsite":"","_VenueAddress":"","_VenueCity":"","_VenueCountry":"","_VenueProvince":"","_VenueState":"","_VenueZip":"","_VenuePhone":"","_VenueURL":"","_VenueStateProvince":"","_VenueLat":"","_VenueLng":"","_VenueShowMap":false,"_VenueShowMapLink":false,"footnotes":"","_links_to":"","_links_to_target":""},"categories":[1],"tags":[],"class_list":["post-1670","post","type-post","status-publish","format-standard","hentry","category-non-classe"],"_links":{"self":[{"href":"https:\/\/etab.ac-reunion.fr\/clg-chemin-morin\/wp-json\/wp\/v2\/posts\/1670","targetHints":{"allow":["GET"]}}],"collection":[{"href":"https:\/\/etab.ac-reunion.fr\/clg-chemin-morin\/wp-json\/wp\/v2\/posts"}],"about":[{"href":"https:\/\/etab.ac-reunion.fr\/clg-chemin-morin\/wp-json\/wp\/v2\/types\/post"}],"author":[{"embeddable":true,"href":"https:\/\/etab.ac-reunion.fr\/clg-chemin-morin\/wp-json\/wp\/v2\/users\/13978"}],"replies":[{"embeddable":true,"href":"https:\/\/etab.ac-reunion.fr\/clg-chemin-morin\/wp-json\/wp\/v2\/comments?post=1670"}],"version-history":[{"count":1,"href":"https:\/\/etab.ac-reunion.fr\/clg-chemin-morin\/wp-json\/wp\/v2\/posts\/1670\/revisions"}],"predecessor-version":[{"id":1671,"href":"https:\/\/etab.ac-reunion.fr\/clg-chemin-morin\/wp-json\/wp\/v2\/posts\/1670\/revisions\/1671"}],"wp:attachment":[{"href":"https:\/\/etab.ac-reunion.fr\/clg-chemin-morin\/wp-json\/wp\/v2\/media?parent=1670"}],"wp:term":[{"taxonomy":"category","embeddable":true,"href":"https:\/\/etab.ac-reunion.fr\/clg-chemin-morin\/wp-json\/wp\/v2\/categories?post=1670"},{"taxonomy":"post_tag","embeddable":true,"href":"https:\/\/etab.ac-reunion.fr\/clg-chemin-morin\/wp-json\/wp\/v2\/tags?post=1670"}],"curies":[{"name":"wp","href":"https:\/\/api.w.org\/{rel}","templated":true}]}}