{"id":1693,"date":"2020-06-18T22:29:48","date_gmt":"2020-06-18T18:29:48","guid":{"rendered":"http:\/\/college-chemin-morin.ac-reunion.fr\/?p=1693"},"modified":"2020-06-18T22:29:49","modified_gmt":"2020-06-18T18:29:49","slug":"accueil-des-eleves-au-college-a-compter-du-lundi-22-juin-au-vendredi-3-juillet-2020","status":"publish","type":"post","link":"https:\/\/etab.ac-reunion.fr\/clg-chemin-morin\/accueil-des-eleves-au-college-a-compter-du-lundi-22-juin-au-vendredi-3-juillet-2020\/","title":{"rendered":"Accueil des \u00e9l\u00e8ves au coll\u00e8ge \u00e0 compter du lundi 22 juin au vendredi 3 juillet 2020"},"content":{"rendered":"\n<p>Compte tenu de la nouvelle situation de d\u00e9confinement, du retour des \u00e9l\u00e8ves dans les \u00e9tablissements scolaires et afin de respecter le plan sanitaire adopt\u00e9 par le Conseil d\u2019administration de l\u2019\u00e9tablissement, nous vous informons que l\u2019organisation adopt\u00e9e au coll\u00e8ge ne sera pas sensiblement modifi\u00e9e : <\/p>\n\n\n\n<p>* Accueil des \u00e9l\u00e8ves de 6\u00e8me, 5\u00e8me et 3\u00e8me du 02\/06 au 12\/06\/2020. Les \u00e9l\u00e8ves de 3e travailleront en distanciel avec leurs enseignants du 15 juin au 3 juillet prochain. <\/p>\n\n\n\n<p>* Accueil de tous les \u00e9l\u00e8ves de 6\u00e8me, 5\u00e8me et 4\u00e8me du 22\/06 au 03\/07\/2020 <\/p>\n\n\n\n<p>Cependant, \u00e9tant donn\u00e9 le retour \u00e0 la normale des transports scolaires, les cours seront de nouveau assur\u00e9s de 7h30 \u00e0 16h30. <\/p>\n\n\n\n<p>La demi-pension fonctionnera jusqu&rsquo;au vendredi 26 juin 2020. <\/p>\n\n\n\n<p>A compter du lundi 29 juin jusqu&rsquo;au vendredi 3 juillet 2020 les cours s&rsquo;arr\u00eateront \u00e0 12h. <\/p>\n\n\n\n<p>Nous rappelons \u00e9galement que les parents ont un r\u00f4le important \u00e0 jouer dans l\u2019accompagnement de leur enfant sur le respect des gestes barri\u00e8re et de la distanciation physique. Le port du masque demeure obligatoire d\u00e8s l&rsquo;entr\u00e9e de l&rsquo;\u00e9tablissement et devra d\u00e9sormais \u00eatre fourni par les parents \u00e0 raison d&rsquo;un masque par demi-journ\u00e9e. <\/p>\n\n\n\n<p>Comptant sur votre compr\u00e9hension et votre collaboration, <\/p>\n\n\n\n<p>La Direction<\/p>\n","protected":false},"excerpt":{"rendered":"<p>Compte tenu de la nouvelle situation de d\u00e9confinement, du retour des \u00e9l\u00e8ves dans les \u00e9tablissements scolaires et afin de respecter le plan sanitaire adopt\u00e9 par le Conseil d\u2019administration de l\u2019\u00e9tablissement, [&hellip;]<\/p>\n","protected":false},"author":13978,"featured_media":0,"comment_status":"closed","ping_status":"open","sticky":false,"template":"","format":"standard","meta":{"_et_pb_use_builder":"off","_et_pb_old_content":"","_et_gb_content_width":"","_EventAllDay":false,"_EventTimezone":"","_EventStartDate":"","_EventEndDate":"","_EventStartDateUTC":"","_EventEndDateUTC":"","_EventShowMap":false,"_EventShowMapLink":false,"_EventURL":"","_EventCost":"","_EventCostDescription":"","_EventCurrencySymbol":"","_EventCurrencyCode":"","_EventCurrencyPosition":"","_EventDateTimeSeparator":"","_EventTimeRangeSeparator":"","_EventOrganizerID":[],"_EventVenueID":[],"_OrganizerEmail":"","_OrganizerPhone":"","_OrganizerWebsite":"","_VenueAddress":"","_VenueCity":"","_VenueCountry":"","_VenueProvince":"","_VenueState":"","_VenueZip":"","_VenuePhone":"","_VenueURL":"","_VenueStateProvince":"","_VenueLat":"","_VenueLng":"","_VenueShowMap":false,"_VenueShowMapLink":false,"footnotes":"","_links_to":"","_links_to_target":""},"categories":[1],"tags":[],"class_list":["post-1693","post","type-post","status-publish","format-standard","hentry","category-non-classe"],"_links":{"self":[{"href":"https:\/\/etab.ac-reunion.fr\/clg-chemin-morin\/wp-json\/wp\/v2\/posts\/1693","targetHints":{"allow":["GET"]}}],"collection":[{"href":"https:\/\/etab.ac-reunion.fr\/clg-chemin-morin\/wp-json\/wp\/v2\/posts"}],"about":[{"href":"https:\/\/etab.ac-reunion.fr\/clg-chemin-morin\/wp-json\/wp\/v2\/types\/post"}],"author":[{"embeddable":true,"href":"https:\/\/etab.ac-reunion.fr\/clg-chemin-morin\/wp-json\/wp\/v2\/users\/13978"}],"replies":[{"embeddable":true,"href":"https:\/\/etab.ac-reunion.fr\/clg-chemin-morin\/wp-json\/wp\/v2\/comments?post=1693"}],"version-history":[{"count":1,"href":"https:\/\/etab.ac-reunion.fr\/clg-chemin-morin\/wp-json\/wp\/v2\/posts\/1693\/revisions"}],"predecessor-version":[{"id":1694,"href":"https:\/\/etab.ac-reunion.fr\/clg-chemin-morin\/wp-json\/wp\/v2\/posts\/1693\/revisions\/1694"}],"wp:attachment":[{"href":"https:\/\/etab.ac-reunion.fr\/clg-chemin-morin\/wp-json\/wp\/v2\/media?parent=1693"}],"wp:term":[{"taxonomy":"category","embeddable":true,"href":"https:\/\/etab.ac-reunion.fr\/clg-chemin-morin\/wp-json\/wp\/v2\/categories?post=1693"},{"taxonomy":"post_tag","embeddable":true,"href":"https:\/\/etab.ac-reunion.fr\/clg-chemin-morin\/wp-json\/wp\/v2\/tags?post=1693"}],"curies":[{"name":"wp","href":"https:\/\/api.w.org\/{rel}","templated":true}]}}