{"id":1717,"date":"2020-08-27T20:23:46","date_gmt":"2020-08-27T16:23:46","guid":{"rendered":"http:\/\/college-chemin-morin.ac-reunion.fr\/?p=1717"},"modified":"2020-08-27T20:29:48","modified_gmt":"2020-08-27T16:29:48","slug":"information-covid-19-n3","status":"publish","type":"post","link":"https:\/\/etab.ac-reunion.fr\/clg-chemin-morin\/information-covid-19-n3\/","title":{"rendered":"Information COVID 19 N\u00b03"},"content":{"rendered":"\n<p>Une enseignante a \u00e9t\u00e9 test\u00e9e positive au COVID-19 ce mercredi, cependant elle \u00e9tait d\u00e9j\u00e0 en quatorzaine. Les consignes rectorales ont \u00e9t\u00e9 modifi\u00e9es ce jour et dans la mesure o\u00f9 l&rsquo;enseignante a port\u00e9 le masque en permanence en pr\u00e9sence des \u00e9l\u00e8ves, ceux-ci ne sont plus plac\u00e9s syst\u00e9matiquement en quatorzaine. Par cons\u00e9quent les \u00e9l\u00e8ves peuvent continuer \u00e0 venir suivre les enseignements qui leur sont dispens\u00e9s au coll\u00e8ge.<br>Rappel : Tous les enseignants et tous les \u00e9l\u00e8ves qui pour une raison quelconque auraient \u00e9t\u00e9 en pr\u00e9sence d&rsquo;un cas positif de COVID-19 sans avoir port\u00e9 le masque ni respect\u00e9 la distanciation seraient automatiquement plac\u00e9s en quatorzaine.<br><br>La Direction<\/p>\n","protected":false},"excerpt":{"rendered":"<p>Une enseignante a \u00e9t\u00e9 test\u00e9e positive au COVID-19 ce mercredi, cependant elle \u00e9tait d\u00e9j\u00e0 en quatorzaine. Les consignes rectorales ont \u00e9t\u00e9 modifi\u00e9es ce jour et dans la mesure o\u00f9 l&rsquo;enseignante [&hellip;]<\/p>\n","protected":false},"author":13978,"featured_media":0,"comment_status":"closed","ping_status":"open","sticky":false,"template":"","format":"standard","meta":{"_et_pb_use_builder":"","_et_pb_old_content":"","_et_gb_content_width":"","_EventAllDay":false,"_EventTimezone":"","_EventStartDate":"","_EventEndDate":"","_EventStartDateUTC":"","_EventEndDateUTC":"","_EventShowMap":false,"_EventShowMapLink":false,"_EventURL":"","_EventCost":"","_EventCostDescription":"","_EventCurrencySymbol":"","_EventCurrencyCode":"","_EventCurrencyPosition":"","_EventDateTimeSeparator":"","_EventTimeRangeSeparator":"","_EventOrganizerID":[],"_EventVenueID":[],"_OrganizerEmail":"","_OrganizerPhone":"","_OrganizerWebsite":"","_VenueAddress":"","_VenueCity":"","_VenueCountry":"","_VenueProvince":"","_VenueState":"","_VenueZip":"","_VenuePhone":"","_VenueURL":"","_VenueStateProvince":"","_VenueLat":"","_VenueLng":"","_VenueShowMap":false,"_VenueShowMapLink":false,"footnotes":"","_links_to":"","_links_to_target":""},"categories":[1],"tags":[],"class_list":["post-1717","post","type-post","status-publish","format-standard","hentry","category-non-classe"],"_links":{"self":[{"href":"https:\/\/etab.ac-reunion.fr\/clg-chemin-morin\/wp-json\/wp\/v2\/posts\/1717","targetHints":{"allow":["GET"]}}],"collection":[{"href":"https:\/\/etab.ac-reunion.fr\/clg-chemin-morin\/wp-json\/wp\/v2\/posts"}],"about":[{"href":"https:\/\/etab.ac-reunion.fr\/clg-chemin-morin\/wp-json\/wp\/v2\/types\/post"}],"author":[{"embeddable":true,"href":"https:\/\/etab.ac-reunion.fr\/clg-chemin-morin\/wp-json\/wp\/v2\/users\/13978"}],"replies":[{"embeddable":true,"href":"https:\/\/etab.ac-reunion.fr\/clg-chemin-morin\/wp-json\/wp\/v2\/comments?post=1717"}],"version-history":[{"count":2,"href":"https:\/\/etab.ac-reunion.fr\/clg-chemin-morin\/wp-json\/wp\/v2\/posts\/1717\/revisions"}],"predecessor-version":[{"id":1725,"href":"https:\/\/etab.ac-reunion.fr\/clg-chemin-morin\/wp-json\/wp\/v2\/posts\/1717\/revisions\/1725"}],"wp:attachment":[{"href":"https:\/\/etab.ac-reunion.fr\/clg-chemin-morin\/wp-json\/wp\/v2\/media?parent=1717"}],"wp:term":[{"taxonomy":"category","embeddable":true,"href":"https:\/\/etab.ac-reunion.fr\/clg-chemin-morin\/wp-json\/wp\/v2\/categories?post=1717"},{"taxonomy":"post_tag","embeddable":true,"href":"https:\/\/etab.ac-reunion.fr\/clg-chemin-morin\/wp-json\/wp\/v2\/tags?post=1717"}],"curies":[{"name":"wp","href":"https:\/\/api.w.org\/{rel}","templated":true}]}}