{"id":1724,"date":"2020-09-02T21:14:04","date_gmt":"2020-09-02T17:14:04","guid":{"rendered":"http:\/\/college-chemin-morin.ac-reunion.fr\/?p=1724"},"modified":"2020-09-02T21:14:18","modified_gmt":"2020-09-02T17:14:18","slug":"information-covid-19-n4","status":"publish","type":"post","link":"https:\/\/etab.ac-reunion.fr\/clg-chemin-morin\/information-covid-19-n4\/","title":{"rendered":"Information COVID 19 N\u00b04"},"content":{"rendered":"\n<p>Retour le jeudi 3 septembre 2020 de tous les enseignants qui avaient \u00e9t\u00e9 plac\u00e9s en quatorzaine, en raison d&rsquo;un contact avec un cas positif et travaillaient par cons\u00e9quent en distanciel. Aucun cas positif constat\u00e9, aussi, tous les enseignants \u00ab\u00a0cas contact\u00a0\u00bb travaillent d\u00e9sormais en pr\u00e9sentiel. <br><br>La restauration ne fonctionnera pas avec des repas froids une fois par semaine pour chaque niveau pour le moment. Cela, afin que les \u00e9l\u00e8ves puissent correctement se restaurer. Cependant, cela demandera aux \u00e9l\u00e8ves de manger sans perdre de temps au r\u00e9fectoire afin que nous puissions assurer la distanciation et un moment de repos minimum avant le retour en classe \u00e0 13h20.<br><br>La Direction<\/p>\n","protected":false},"excerpt":{"rendered":"<p>Retour le jeudi 3 septembre 2020 de tous les enseignants qui avaient \u00e9t\u00e9 plac\u00e9s en quatorzaine, en raison d&rsquo;un contact avec un cas positif et travaillaient par cons\u00e9quent en distanciel. [&hellip;]<\/p>\n","protected":false},"author":13978,"featured_media":0,"comment_status":"closed","ping_status":"open","sticky":false,"template":"","format":"standard","meta":{"_et_pb_use_builder":"","_et_pb_old_content":"","_et_gb_content_width":"","_EventAllDay":false,"_EventTimezone":"","_EventStartDate":"","_EventEndDate":"","_EventStartDateUTC":"","_EventEndDateUTC":"","_EventShowMap":false,"_EventShowMapLink":false,"_EventURL":"","_EventCost":"","_EventCostDescription":"","_EventCurrencySymbol":"","_EventCurrencyCode":"","_EventCurrencyPosition":"","_EventDateTimeSeparator":"","_EventTimeRangeSeparator":"","_EventOrganizerID":[],"_EventVenueID":[],"_OrganizerEmail":"","_OrganizerPhone":"","_OrganizerWebsite":"","_VenueAddress":"","_VenueCity":"","_VenueCountry":"","_VenueProvince":"","_VenueState":"","_VenueZip":"","_VenuePhone":"","_VenueURL":"","_VenueStateProvince":"","_VenueLat":"","_VenueLng":"","_VenueShowMap":false,"_VenueShowMapLink":false,"footnotes":"","_links_to":"","_links_to_target":""},"categories":[1,23],"tags":[],"class_list":["post-1724","post","type-post","status-publish","format-standard","hentry","category-non-classe","category-informations-parents"],"_links":{"self":[{"href":"https:\/\/etab.ac-reunion.fr\/clg-chemin-morin\/wp-json\/wp\/v2\/posts\/1724","targetHints":{"allow":["GET"]}}],"collection":[{"href":"https:\/\/etab.ac-reunion.fr\/clg-chemin-morin\/wp-json\/wp\/v2\/posts"}],"about":[{"href":"https:\/\/etab.ac-reunion.fr\/clg-chemin-morin\/wp-json\/wp\/v2\/types\/post"}],"author":[{"embeddable":true,"href":"https:\/\/etab.ac-reunion.fr\/clg-chemin-morin\/wp-json\/wp\/v2\/users\/13978"}],"replies":[{"embeddable":true,"href":"https:\/\/etab.ac-reunion.fr\/clg-chemin-morin\/wp-json\/wp\/v2\/comments?post=1724"}],"version-history":[{"count":2,"href":"https:\/\/etab.ac-reunion.fr\/clg-chemin-morin\/wp-json\/wp\/v2\/posts\/1724\/revisions"}],"predecessor-version":[{"id":1730,"href":"https:\/\/etab.ac-reunion.fr\/clg-chemin-morin\/wp-json\/wp\/v2\/posts\/1724\/revisions\/1730"}],"wp:attachment":[{"href":"https:\/\/etab.ac-reunion.fr\/clg-chemin-morin\/wp-json\/wp\/v2\/media?parent=1724"}],"wp:term":[{"taxonomy":"category","embeddable":true,"href":"https:\/\/etab.ac-reunion.fr\/clg-chemin-morin\/wp-json\/wp\/v2\/categories?post=1724"},{"taxonomy":"post_tag","embeddable":true,"href":"https:\/\/etab.ac-reunion.fr\/clg-chemin-morin\/wp-json\/wp\/v2\/tags?post=1724"}],"curies":[{"name":"wp","href":"https:\/\/api.w.org\/{rel}","templated":true}]}}