{"id":1732,"date":"2020-09-15T12:32:19","date_gmt":"2020-09-15T08:32:19","guid":{"rendered":"http:\/\/college-chemin-morin.ac-reunion.fr\/?p=1732"},"modified":"2020-09-15T12:56:40","modified_gmt":"2020-09-15T08:56:40","slug":"information-covid-19-n5","status":"publish","type":"post","link":"https:\/\/etab.ac-reunion.fr\/clg-chemin-morin\/information-covid-19-n5\/","title":{"rendered":"Information COVID-19 N\u00b05"},"content":{"rendered":"\n<p>Un nouveau cas positif a \u00e9t\u00e9 av\u00e9r\u00e9 en ce d\u00e9but de semaine, quatre \u00e9l\u00e8ves \u00ab\u00a0cas contact\u00a0\u00bb ont \u00e9t\u00e9 plac\u00e9s en septaine, conform\u00e9ment aux nouvelles consignes sur les mesures d&rsquo;isolement en attendant la modification du protocole. Ainsi, s\u2019agissant des \u00e9l\u00e8ves et des personnels identifi\u00e9s comme cas contact actuellement plac\u00e9s en quatorzaine, les mesures d\u2019isolement doivent se poursuivent jusqu\u2019au rendu du r\u00e9sultat d\u2019un test PCR qui doit \u00eatre r\u00e9alis\u00e9 au plus t\u00f4t 7 jours apr\u00e8s le dernier contact avec le cas confirm\u00e9. Elles ne prennent fin qu\u2019en cas de r\u00e9sultat de test n\u00e9gatif.<br><br>Ainsi la dur\u00e9e d\u2019isolement incompressible pour les personnes contacts est de 7 jours \u00e0 partir du dernier contact, prolong\u00e9e du d\u00e9lai n\u00e9cessaire \u00e0 l\u2019obtention du r\u00e9sultat.<br><br>En cons\u00e9quence, les \u00e9l\u00e8ves isol\u00e9s depuis 7 jours ne peuvent revenir \u00e0 l\u2019\u00e9cole que s\u2019ils ont r\u00e9alis\u00e9 un test PCR n\u00e9gatif et non du seul fait de l\u2019\u00e9coulement d\u2019une p\u00e9riode de 7 jours.<br><br>Il appartient aux personnels et aux responsables l\u00e9gaux des enfants d\u2019attester sur l\u2019honneur la r\u00e9alisation du test 7 jours apr\u00e8s le dernier contact et du r\u00e9sultat n\u00e9gatif de ce test. En l\u2019absence d\u2019une telle attestation, l\u2019\u00e9viction scolaire est maintenue jusqu\u2019\u00e0 sa production et pour une dur\u00e9e maximale de 14 jours.<br><br>La Direction.<\/p>\n","protected":false},"excerpt":{"rendered":"<p>Un nouveau cas positif a \u00e9t\u00e9 av\u00e9r\u00e9 en ce d\u00e9but de semaine, quatre \u00e9l\u00e8ves \u00ab\u00a0cas contact\u00a0\u00bb ont \u00e9t\u00e9 plac\u00e9s en septaine, conform\u00e9ment aux nouvelles consignes sur les mesures d&rsquo;isolement en [&hellip;]<\/p>\n","protected":false},"author":13978,"featured_media":0,"comment_status":"closed","ping_status":"open","sticky":false,"template":"","format":"standard","meta":{"_et_pb_use_builder":"","_et_pb_old_content":"","_et_gb_content_width":"","_EventAllDay":false,"_EventTimezone":"","_EventStartDate":"","_EventEndDate":"","_EventStartDateUTC":"","_EventEndDateUTC":"","_EventShowMap":false,"_EventShowMapLink":false,"_EventURL":"","_EventCost":"","_EventCostDescription":"","_EventCurrencySymbol":"","_EventCurrencyCode":"","_EventCurrencyPosition":"","_EventDateTimeSeparator":"","_EventTimeRangeSeparator":"","_EventOrganizerID":[],"_EventVenueID":[],"_OrganizerEmail":"","_OrganizerPhone":"","_OrganizerWebsite":"","_VenueAddress":"","_VenueCity":"","_VenueCountry":"","_VenueProvince":"","_VenueState":"","_VenueZip":"","_VenuePhone":"","_VenueURL":"","_VenueStateProvince":"","_VenueLat":"","_VenueLng":"","_VenueShowMap":false,"_VenueShowMapLink":false,"footnotes":"","_links_to":"","_links_to_target":""},"categories":[1,23],"tags":[],"class_list":["post-1732","post","type-post","status-publish","format-standard","hentry","category-non-classe","category-informations-parents"],"_links":{"self":[{"href":"https:\/\/etab.ac-reunion.fr\/clg-chemin-morin\/wp-json\/wp\/v2\/posts\/1732","targetHints":{"allow":["GET"]}}],"collection":[{"href":"https:\/\/etab.ac-reunion.fr\/clg-chemin-morin\/wp-json\/wp\/v2\/posts"}],"about":[{"href":"https:\/\/etab.ac-reunion.fr\/clg-chemin-morin\/wp-json\/wp\/v2\/types\/post"}],"author":[{"embeddable":true,"href":"https:\/\/etab.ac-reunion.fr\/clg-chemin-morin\/wp-json\/wp\/v2\/users\/13978"}],"replies":[{"embeddable":true,"href":"https:\/\/etab.ac-reunion.fr\/clg-chemin-morin\/wp-json\/wp\/v2\/comments?post=1732"}],"version-history":[{"count":2,"href":"https:\/\/etab.ac-reunion.fr\/clg-chemin-morin\/wp-json\/wp\/v2\/posts\/1732\/revisions"}],"predecessor-version":[{"id":1737,"href":"https:\/\/etab.ac-reunion.fr\/clg-chemin-morin\/wp-json\/wp\/v2\/posts\/1732\/revisions\/1737"}],"wp:attachment":[{"href":"https:\/\/etab.ac-reunion.fr\/clg-chemin-morin\/wp-json\/wp\/v2\/media?parent=1732"}],"wp:term":[{"taxonomy":"category","embeddable":true,"href":"https:\/\/etab.ac-reunion.fr\/clg-chemin-morin\/wp-json\/wp\/v2\/categories?post=1732"},{"taxonomy":"post_tag","embeddable":true,"href":"https:\/\/etab.ac-reunion.fr\/clg-chemin-morin\/wp-json\/wp\/v2\/tags?post=1732"}],"curies":[{"name":"wp","href":"https:\/\/api.w.org\/{rel}","templated":true}]}}