{"id":1736,"date":"2020-09-18T07:52:49","date_gmt":"2020-09-18T03:52:49","guid":{"rendered":"http:\/\/college-chemin-morin.ac-reunion.fr\/?p=1736"},"modified":"2020-09-18T21:43:12","modified_gmt":"2020-09-18T17:43:12","slug":"suspicion-ou-confirmation-de-covid-19","status":"publish","type":"post","link":"https:\/\/etab.ac-reunion.fr\/clg-chemin-morin\/suspicion-ou-confirmation-de-covid-19\/","title":{"rendered":"Suspicion ou confirmation de COVID-19"},"content":{"rendered":"\n<pre class=\"wp-block-preformatted\">Conform\u00e9ment aux annonces du Premier ministre en date du vendredi 11 septembre 2020, les fiches d\u00e9taill\u00e9es suivantes ont \u00e9t\u00e9 mises \u00e0 jour : \n\n-          que faire si un \u00e9l\u00e8ve est susceptible d\u2019avoir la COVID-19 ?\n\n-          que faire si un \u00e9l\u00e8ve est un cas confirm\u00e9 de COVID-19 ?\n\n-          que faire si un agent est susceptible d\u2019avoir la COVID-19 ?\n\n-          que faire si un agent est un cas confirm\u00e9 de COVID-19 ?\n\n \nLes principales \u00e9volutions apport\u00e9es \u00e0 ces documents concernent la r\u00e9duction de la p\u00e9riode d\u2019isolement des cas confirm\u00e9s et des contacts \u00e0 risque (passage de 14 \u00e0 7 jours) et l\u2019attestation sur l\u2019honneur, prescrite par les autorit\u00e9s sanitaires, \u00e0 fournir par les parents d\u2019un \u00e9l\u00e8ve en lieu et place d\u2019un avis m\u00e9dical dans plusieurs situations (consultation m\u00e9dicale, r\u00e9alisation d\u2019un test dont le r\u00e9sultat est n\u00e9gatif, etc.). \n\nLa direction.<\/pre>\n\n\n\n<figure class=\"wp-block-image size-large is-resized\"><img loading=\"lazy\" decoding=\"async\" src=\"https:\/\/etab.ac-reunion.fr\/clg-chemin-morin\/wp-content\/uploads\/sites\/38\/2020\/09\/0000.png\" alt=\"\" class=\"wp-image-1741\" width=\"679\" height=\"959\" srcset=\"https:\/\/etab.ac-reunion.fr\/clg-chemin-morin\/wp-content\/uploads\/sites\/38\/2020\/09\/0000.png 679w, https:\/\/etab.ac-reunion.fr\/clg-chemin-morin\/wp-content\/uploads\/sites\/38\/2020\/09\/0000-480x678.png 480w\" sizes=\"(min-width: 0px) and (max-width: 480px) 480px, (min-width: 481px) 679px, 100vw\" \/><\/figure>\n\n\n\n<figure class=\"wp-block-image size-large is-resized\"><img loading=\"lazy\" decoding=\"async\" src=\"https:\/\/etab.ac-reunion.fr\/clg-chemin-morin\/wp-content\/uploads\/sites\/38\/2020\/09\/001.png\" alt=\"\" class=\"wp-image-1742\" width=\"697\" height=\"870\" srcset=\"https:\/\/etab.ac-reunion.fr\/clg-chemin-morin\/wp-content\/uploads\/sites\/38\/2020\/09\/001.png 697w, https:\/\/etab.ac-reunion.fr\/clg-chemin-morin\/wp-content\/uploads\/sites\/38\/2020\/09\/001-480x599.png 480w\" sizes=\"(min-width: 0px) and (max-width: 480px) 480px, (min-width: 481px) 697px, 100vw\" \/><\/figure>\n\n\n\n<figure class=\"wp-block-image size-large is-resized\"><img loading=\"lazy\" decoding=\"async\" src=\"https:\/\/etab.ac-reunion.fr\/clg-chemin-morin\/wp-content\/uploads\/sites\/38\/2020\/09\/003.png\" alt=\"\" class=\"wp-image-1743\" width=\"700\" height=\"987\" srcset=\"https:\/\/etab.ac-reunion.fr\/clg-chemin-morin\/wp-content\/uploads\/sites\/38\/2020\/09\/003.png 700w, https:\/\/etab.ac-reunion.fr\/clg-chemin-morin\/wp-content\/uploads\/sites\/38\/2020\/09\/003-480x677.png 480w\" sizes=\"(min-width: 0px) and (max-width: 480px) 480px, (min-width: 481px) 700px, 100vw\" \/><\/figure>\n\n\n\n<figure class=\"wp-block-image size-large is-resized\"><img loading=\"lazy\" decoding=\"async\" src=\"https:\/\/etab.ac-reunion.fr\/clg-chemin-morin\/wp-content\/uploads\/sites\/38\/2020\/09\/004.png\" alt=\"\" class=\"wp-image-1744\" width=\"698\" height=\"987\" srcset=\"https:\/\/etab.ac-reunion.fr\/clg-chemin-morin\/wp-content\/uploads\/sites\/38\/2020\/09\/004.png 698w, https:\/\/etab.ac-reunion.fr\/clg-chemin-morin\/wp-content\/uploads\/sites\/38\/2020\/09\/004-480x678.png 480w\" sizes=\"(min-width: 0px) and (max-width: 480px) 480px, (min-width: 481px) 698px, 100vw\" \/><\/figure>\n","protected":false},"excerpt":{"rendered":"<p>Conform\u00e9ment aux annonces du Premier ministre en date du vendredi 11 septembre 2020, les fiches d\u00e9taill\u00e9es suivantes ont \u00e9t\u00e9 mises \u00e0 jour : &#8211; que faire si un \u00e9l\u00e8ve est [&hellip;]<\/p>\n","protected":false},"author":13978,"featured_media":0,"comment_status":"closed","ping_status":"open","sticky":false,"template":"","format":"standard","meta":{"_et_pb_use_builder":"","_et_pb_old_content":"","_et_gb_content_width":"","_EventAllDay":false,"_EventTimezone":"","_EventStartDate":"","_EventEndDate":"","_EventStartDateUTC":"","_EventEndDateUTC":"","_EventShowMap":false,"_EventShowMapLink":false,"_EventURL":"","_EventCost":"","_EventCostDescription":"","_EventCurrencySymbol":"","_EventCurrencyCode":"","_EventCurrencyPosition":"","_EventDateTimeSeparator":"","_EventTimeRangeSeparator":"","_EventOrganizerID":[],"_EventVenueID":[],"_OrganizerEmail":"","_OrganizerPhone":"","_OrganizerWebsite":"","_VenueAddress":"","_VenueCity":"","_VenueCountry":"","_VenueProvince":"","_VenueState":"","_VenueZip":"","_VenuePhone":"","_VenueURL":"","_VenueStateProvince":"","_VenueLat":"","_VenueLng":"","_VenueShowMap":false,"_VenueShowMapLink":false,"footnotes":"","_links_to":"","_links_to_target":""},"categories":[1,23],"tags":[],"class_list":["post-1736","post","type-post","status-publish","format-standard","hentry","category-non-classe","category-informations-parents"],"_links":{"self":[{"href":"https:\/\/etab.ac-reunion.fr\/clg-chemin-morin\/wp-json\/wp\/v2\/posts\/1736","targetHints":{"allow":["GET"]}}],"collection":[{"href":"https:\/\/etab.ac-reunion.fr\/clg-chemin-morin\/wp-json\/wp\/v2\/posts"}],"about":[{"href":"https:\/\/etab.ac-reunion.fr\/clg-chemin-morin\/wp-json\/wp\/v2\/types\/post"}],"author":[{"embeddable":true,"href":"https:\/\/etab.ac-reunion.fr\/clg-chemin-morin\/wp-json\/wp\/v2\/users\/13978"}],"replies":[{"embeddable":true,"href":"https:\/\/etab.ac-reunion.fr\/clg-chemin-morin\/wp-json\/wp\/v2\/comments?post=1736"}],"version-history":[{"count":5,"href":"https:\/\/etab.ac-reunion.fr\/clg-chemin-morin\/wp-json\/wp\/v2\/posts\/1736\/revisions"}],"predecessor-version":[{"id":1747,"href":"https:\/\/etab.ac-reunion.fr\/clg-chemin-morin\/wp-json\/wp\/v2\/posts\/1736\/revisions\/1747"}],"wp:attachment":[{"href":"https:\/\/etab.ac-reunion.fr\/clg-chemin-morin\/wp-json\/wp\/v2\/media?parent=1736"}],"wp:term":[{"taxonomy":"category","embeddable":true,"href":"https:\/\/etab.ac-reunion.fr\/clg-chemin-morin\/wp-json\/wp\/v2\/categories?post=1736"},{"taxonomy":"post_tag","embeddable":true,"href":"https:\/\/etab.ac-reunion.fr\/clg-chemin-morin\/wp-json\/wp\/v2\/tags?post=1736"}],"curies":[{"name":"wp","href":"https:\/\/api.w.org\/{rel}","templated":true}]}}