{"id":1749,"date":"2020-09-29T07:34:52","date_gmt":"2020-09-29T03:34:52","guid":{"rendered":"http:\/\/college-chemin-morin.ac-reunion.fr\/?p=1749"},"modified":"2020-09-29T12:38:52","modified_gmt":"2020-09-29T08:38:52","slug":"des-bd-pour-decouvrir-des-metiers","status":"publish","type":"post","link":"https:\/\/etab.ac-reunion.fr\/clg-chemin-morin\/des-bd-pour-decouvrir-des-metiers\/","title":{"rendered":"Des BD pour d\u00e9couvrir des m\u00e9tiers !"},"content":{"rendered":"\n<figure class=\"wp-block-image size-large\"><img loading=\"lazy\" decoding=\"async\" width=\"603\" height=\"457\" src=\"https:\/\/etab.ac-reunion.fr\/clg-chemin-morin\/wp-content\/uploads\/sites\/38\/2020\/09\/journal-des-profs.png\" alt=\"\" class=\"wp-image-1755\" srcset=\"https:\/\/etab.ac-reunion.fr\/clg-chemin-morin\/wp-content\/uploads\/sites\/38\/2020\/09\/journal-des-profs.png 603w, https:\/\/etab.ac-reunion.fr\/clg-chemin-morin\/wp-content\/uploads\/sites\/38\/2020\/09\/journal-des-profs-480x364.png 480w\" sizes=\"(min-width: 0px) and (max-width: 480px) 480px, (min-width: 481px) 603px, 100vw\" \/><\/figure>\n\n\n\n<p><br><br> <br><br><strong>Des BD pour d\u00e9couvrir des m\u00e9tiers !<br><\/strong><br> <br><br>Vos \u00e9l\u00e8ves sont perplexes quant \u00e0 leur avenir ? Dans le cadre du parcours Avenir et des heures d\u00e9di\u00e9es \u00e0 la d\u00e9couverte des m\u00e9tiers au coll\u00e8ge et au lyc\u00e9e, nous vous proposons des supports ludiques pour pr\u00e9senter \u00e0 vos \u00e9l\u00e8ves des professions qu\u2019ils peuvent ne pas conna\u00eetre.<br><br> <br><br>Si on leur dit \u00ab ing\u00e9nieur \u00bb, le mot leur parle sans doute, mais qu\u2019imaginent-ils derri\u00e8re \u00ab les m\u00e9tiers de l\u2019ing\u00e9nierie \u00bb ? La fili\u00e8re professionnelle pr\u00e9sente cinq bandes dessin\u00e9es courtes, t\u00e9l\u00e9chargeables gratuitement, mettant en sc\u00e8ne 5 personnages de professionnels du secteur dans leur quotidien. Avec Christophe, BIM manager, Charl\u00e8ne, responsable d\u2019\u00e9tudes dans l\u2019aviation, Jean-Fran\u00e7ois, ing\u00e9nieur en suret\u00e9 nucl\u00e9aire, Sahar, \u00e9cologue, et Yannick, data scientist, les jeunes prendront conscience de la r\u00e9alit\u00e9 concr\u00e8te des m\u00e9tiers, de la diversit\u00e9 des profils et des parcours possibles. Ils d\u00e9couvriront \u00e9galement les enjeux de ces professions en lien avec l\u2019environnement, l\u2019innovation et qui mettent la technologie au service de la soci\u00e9t\u00e9.<br><br> <br><br>Ces pr\u00e9sentations color\u00e9es s\u2019appuient sur des textes concis et le pouvoir des images pour transmettre facilement des informations aux publics jeunes. Plus d\u2019informations sont disponibles sur les m\u00e9tiers sur le site <a href=\"http:\/\/avenir-ingenierie.fr\" target=\"_blank\" rel=\"noreferrer noopener\">http:\/\/avenir-ingenierie.fr<\/a>.<br><br> <br><br>T\u00e9l\u00e9charger les bandes dessin\u00e9es : <a rel=\"noreferrer noopener\" href=\"http:\/\/avenir-ingenierie.fr\/ressources\/\" target=\"_blank\">http:\/\/avenir-ingenierie.fr\/ressources\/<\/a><\/p>\n","protected":false},"excerpt":{"rendered":"<p>Des BD pour d\u00e9couvrir des m\u00e9tiers ! Vos \u00e9l\u00e8ves sont perplexes quant \u00e0 leur avenir ? Dans le cadre du parcours Avenir et des heures d\u00e9di\u00e9es \u00e0 la d\u00e9couverte des [&hellip;]<\/p>\n","protected":false},"author":13978,"featured_media":0,"comment_status":"closed","ping_status":"open","sticky":false,"template":"","format":"standard","meta":{"_et_pb_use_builder":"","_et_pb_old_content":"","_et_gb_content_width":"","_EventAllDay":false,"_EventTimezone":"","_EventStartDate":"","_EventEndDate":"","_EventStartDateUTC":"","_EventEndDateUTC":"","_EventShowMap":false,"_EventShowMapLink":false,"_EventURL":"","_EventCost":"","_EventCostDescription":"","_EventCurrencySymbol":"","_EventCurrencyCode":"","_EventCurrencyPosition":"","_EventDateTimeSeparator":"","_EventTimeRangeSeparator":"","_EventOrganizerID":[],"_EventVenueID":[],"_OrganizerEmail":"","_OrganizerPhone":"","_OrganizerWebsite":"","_VenueAddress":"","_VenueCity":"","_VenueCountry":"","_VenueProvince":"","_VenueState":"","_VenueZip":"","_VenuePhone":"","_VenueURL":"","_VenueStateProvince":"","_VenueLat":"","_VenueLng":"","_VenueShowMap":false,"_VenueShowMapLink":false,"footnotes":"","_links_to":"","_links_to_target":""},"categories":[1,20],"tags":[],"class_list":["post-1749","post","type-post","status-publish","format-standard","hentry","category-non-classe","category-informations-pratiques"],"_links":{"self":[{"href":"https:\/\/etab.ac-reunion.fr\/clg-chemin-morin\/wp-json\/wp\/v2\/posts\/1749","targetHints":{"allow":["GET"]}}],"collection":[{"href":"https:\/\/etab.ac-reunion.fr\/clg-chemin-morin\/wp-json\/wp\/v2\/posts"}],"about":[{"href":"https:\/\/etab.ac-reunion.fr\/clg-chemin-morin\/wp-json\/wp\/v2\/types\/post"}],"author":[{"embeddable":true,"href":"https:\/\/etab.ac-reunion.fr\/clg-chemin-morin\/wp-json\/wp\/v2\/users\/13978"}],"replies":[{"embeddable":true,"href":"https:\/\/etab.ac-reunion.fr\/clg-chemin-morin\/wp-json\/wp\/v2\/comments?post=1749"}],"version-history":[{"count":3,"href":"https:\/\/etab.ac-reunion.fr\/clg-chemin-morin\/wp-json\/wp\/v2\/posts\/1749\/revisions"}],"predecessor-version":[{"id":1757,"href":"https:\/\/etab.ac-reunion.fr\/clg-chemin-morin\/wp-json\/wp\/v2\/posts\/1749\/revisions\/1757"}],"wp:attachment":[{"href":"https:\/\/etab.ac-reunion.fr\/clg-chemin-morin\/wp-json\/wp\/v2\/media?parent=1749"}],"wp:term":[{"taxonomy":"category","embeddable":true,"href":"https:\/\/etab.ac-reunion.fr\/clg-chemin-morin\/wp-json\/wp\/v2\/categories?post=1749"},{"taxonomy":"post_tag","embeddable":true,"href":"https:\/\/etab.ac-reunion.fr\/clg-chemin-morin\/wp-json\/wp\/v2\/tags?post=1749"}],"curies":[{"name":"wp","href":"https:\/\/api.w.org\/{rel}","templated":true}]}}