{"id":1772,"date":"2020-10-25T18:31:33","date_gmt":"2020-10-25T14:31:33","guid":{"rendered":"http:\/\/college-chemin-morin.ac-reunion.fr\/?p=1772"},"modified":"2020-10-25T18:31:33","modified_gmt":"2020-10-25T14:31:33","slug":"rentree-du-lundi-26-octobre-2020","status":"publish","type":"post","link":"https:\/\/etab.ac-reunion.fr\/clg-chemin-morin\/rentree-du-lundi-26-octobre-2020\/","title":{"rendered":"Rentr\u00e9e du lundi 26 octobre 2020"},"content":{"rendered":"\n<p class=\"has-text-align-center\">Si cette vid\u00e9o ne s&rsquo;affiche pas correctement, vous pouvez y acc\u00e9der en cliquant ici :<br><a href=\"https:\/\/youtu.be\/VeU55U9EJWI\">https:\/\/youtu.be\/VeU55U9EJWI<\/a><br><br><a href=\"https:\/\/mailchef.s3.amazonaws.com\/uploads\/mailstyler\/images\/D6845567-DCA2-953F-5B28-84A5578071B1_Image_1_21ccb597-a6e5-4ce2-8138-da7b251cb6fd.jpg\"><br><\/a><img loading=\"lazy\" decoding=\"async\" width=\"265\" height=\"99\" class=\"wp-image-1778\" style=\"width: 150px\" src=\"https:\/\/etab.ac-reunion.fr\/clg-chemin-morin\/wp-content\/uploads\/sites\/38\/2020\/10\/image001-1.jpg\" alt=\"\"><br><br>Hier, vendredi 16 octobre, un professeur d\u2019histoire et de g\u00e9ographie a \u00e9t\u00e9 l\u00e2chement assassin\u00e9 \u00e0 Conflans-Sainte-Honorine \u00e0 proximit\u00e9 de son \u00e9tablissement.<br><br>Il a \u00e9t\u00e9 tu\u00e9 parce qu\u2019il enseignait et qu\u2019il donnait un cours sur l\u2019un des piliers de notre d\u00e9mocratie : la libert\u00e9 d\u2019expression. Il s\u2019agit d\u2019un attentat islamiste qui frappe une nouvelle fois notre pays. Mes pens\u00e9es vont d\u2019abord \u00e0 sa famille, \u00e0 ses proches, et \u00e0 ses coll\u00e8gues.<br> <br>A travers lui, c\u2019est la R\u00e9publique et son Ecole, sa colonne vert\u00e9brale, qui sont attaqu\u00e9es. Face \u00e0 l\u2019ignominie de cet acte, nous devons r\u00e9agir dans l\u2019unit\u00e9, la fermet\u00e9, et la fid\u00e9lit\u00e9 \u00e0 nos principes. Tous, nous devons r\u00e9affirmer la force des valeurs de la R\u00e9publique que sont la libert\u00e9, l\u2019\u00e9galit\u00e9, la fraternit\u00e9 et la la\u00efcit\u00e9. Elles sont notre tr\u00e9sor commun le plus pr\u00e9cieux.<br><br>Nos professeurs font le m\u00e9tier le plus essentiel, celui de former des citoyens libres et \u00e9clair\u00e9s. C\u2019est parce que la R\u00e9publique est forte de ceux qui la composent et la servent qu\u2019elle ne reculera jamais devant aucune terreur.<br><br>Chers professeurs, chers personnels de l\u2019Education nationale, ch\u00e8res familles, chers \u00e9l\u00e8ves, soyez convaincus de tout mon soutien et de tout le soutien de l\u2019institution scolaire. Nous resterons fermes et unis. Pour l\u2019Ecole, pour la R\u00e9publique, et pour la France.<br>        <br><\/p>\n\n\n\n<p class=\"has-text-align-center\"><br><a href=\"https:\/\/youtu.be\/VeU55U9EJWI\"><img loading=\"lazy\" decoding=\"async\" width=\"404\" height=\"207\" class=\"wp-image-1780\" style=\"width: 300px\" src=\"https:\/\/etab.ac-reunion.fr\/clg-chemin-morin\/wp-content\/uploads\/sites\/38\/2020\/10\/image002.png\" alt=\"\" srcset=\"https:\/\/etab.ac-reunion.fr\/clg-chemin-morin\/wp-content\/uploads\/sites\/38\/2020\/10\/image002.png 404w, https:\/\/etab.ac-reunion.fr\/clg-chemin-morin\/wp-content\/uploads\/sites\/38\/2020\/10\/image002-300x154.png 300w\" sizes=\"(max-width: 404px) 100vw, 404px\" \/><\/a><\/p>\n\n\n\n<p class=\"has-text-align-center\"><a href=\"https:\/\/youtu.be\/VeU55U9EJWI\">Consulter la vid\u00e9o (sous-titrages disponibles)<\/a><\/p>\n\n\n\n<p class=\"has-text-align-center\"><img loading=\"lazy\" decoding=\"async\" width=\"92\" height=\"91\" class=\"wp-image-1779\" style=\"width: 92px\" src=\"https:\/\/etab.ac-reunion.fr\/clg-chemin-morin\/wp-content\/uploads\/sites\/38\/2020\/10\/image003-1.png\" alt=\"\"><\/p>\n\n\n\n<p><\/p>\n\n\n\n<p><\/p>\n","protected":false},"excerpt":{"rendered":"<p>Si cette vid\u00e9o ne s&rsquo;affiche pas correctement, vous pouvez y acc\u00e9der en cliquant ici :https:\/\/youtu.be\/VeU55U9EJWI Hier, vendredi 16 octobre, un professeur d\u2019histoire et de g\u00e9ographie a \u00e9t\u00e9 l\u00e2chement assassin\u00e9 \u00e0 [&hellip;]<\/p>\n","protected":false},"author":13978,"featured_media":0,"comment_status":"closed","ping_status":"open","sticky":false,"template":"","format":"standard","meta":{"_et_pb_use_builder":"","_et_pb_old_content":"","_et_gb_content_width":"","_EventAllDay":false,"_EventTimezone":"","_EventStartDate":"","_EventEndDate":"","_EventStartDateUTC":"","_EventEndDateUTC":"","_EventShowMap":false,"_EventShowMapLink":false,"_EventURL":"","_EventCost":"","_EventCostDescription":"","_EventCurrencySymbol":"","_EventCurrencyCode":"","_EventCurrencyPosition":"","_EventDateTimeSeparator":"","_EventTimeRangeSeparator":"","_EventOrganizerID":[],"_EventVenueID":[],"_OrganizerEmail":"","_OrganizerPhone":"","_OrganizerWebsite":"","_VenueAddress":"","_VenueCity":"","_VenueCountry":"","_VenueProvince":"","_VenueState":"","_VenueZip":"","_VenuePhone":"","_VenueURL":"","_VenueStateProvince":"","_VenueLat":"","_VenueLng":"","_VenueShowMap":false,"_VenueShowMapLink":false,"footnotes":"","_links_to":"","_links_to_target":""},"categories":[1],"tags":[],"class_list":["post-1772","post","type-post","status-publish","format-standard","hentry","category-non-classe"],"_links":{"self":[{"href":"https:\/\/etab.ac-reunion.fr\/clg-chemin-morin\/wp-json\/wp\/v2\/posts\/1772","targetHints":{"allow":["GET"]}}],"collection":[{"href":"https:\/\/etab.ac-reunion.fr\/clg-chemin-morin\/wp-json\/wp\/v2\/posts"}],"about":[{"href":"https:\/\/etab.ac-reunion.fr\/clg-chemin-morin\/wp-json\/wp\/v2\/types\/post"}],"author":[{"embeddable":true,"href":"https:\/\/etab.ac-reunion.fr\/clg-chemin-morin\/wp-json\/wp\/v2\/users\/13978"}],"replies":[{"embeddable":true,"href":"https:\/\/etab.ac-reunion.fr\/clg-chemin-morin\/wp-json\/wp\/v2\/comments?post=1772"}],"version-history":[{"count":2,"href":"https:\/\/etab.ac-reunion.fr\/clg-chemin-morin\/wp-json\/wp\/v2\/posts\/1772\/revisions"}],"predecessor-version":[{"id":1781,"href":"https:\/\/etab.ac-reunion.fr\/clg-chemin-morin\/wp-json\/wp\/v2\/posts\/1772\/revisions\/1781"}],"wp:attachment":[{"href":"https:\/\/etab.ac-reunion.fr\/clg-chemin-morin\/wp-json\/wp\/v2\/media?parent=1772"}],"wp:term":[{"taxonomy":"category","embeddable":true,"href":"https:\/\/etab.ac-reunion.fr\/clg-chemin-morin\/wp-json\/wp\/v2\/categories?post=1772"},{"taxonomy":"post_tag","embeddable":true,"href":"https:\/\/etab.ac-reunion.fr\/clg-chemin-morin\/wp-json\/wp\/v2\/tags?post=1772"}],"curies":[{"name":"wp","href":"https:\/\/api.w.org\/{rel}","templated":true}]}}