{"id":1797,"date":"2020-12-02T07:36:07","date_gmt":"2020-12-02T03:36:07","guid":{"rendered":"http:\/\/college-chemin-morin.ac-reunion.fr\/?p=1797"},"modified":"2020-12-02T07:36:08","modified_gmt":"2020-12-02T03:36:08","slug":"fin-des-comptes-aten","status":"publish","type":"post","link":"https:\/\/etab.ac-reunion.fr\/clg-chemin-morin\/fin-des-comptes-aten\/","title":{"rendered":"fin des comptes ATEN"},"content":{"rendered":"\n<p>L&rsquo;usage des comptes ATEN n&rsquo;est plus possible depuis le 30 novembre 2020.<br><\/p>\n\n\n\n<p>Cette \u00e9ch\u00e9ance \u00e9tait rappel\u00e9e depuis plusieurs semaines aux responsables l\u00e9gaux utilisant encore leur compte ATEN, ceci gr\u00e2ce \u00e0 une page interm\u00e9diaire qui les invitait \u00e0 cr\u00e9er leur compte EduConnect d\u00e8s que possible.<\/p>\n\n\n\n<p>Ils doivent aujourd&rsquo;hui rejoindre une majorit\u00e9 de responsables l\u00e9gaux utilisant un compte EduConnect dans l&rsquo;acad\u00e9mie.<br><\/p>\n\n\n\n<p>Le portail METICE \u00e9volue donc :<\/p>\n\n\n\n<figure class=\"wp-block-image size-large\"><img loading=\"lazy\" decoding=\"async\" width=\"568\" height=\"635\" src=\"https:\/\/etab.ac-reunion.fr\/clg-chemin-morin\/wp-content\/uploads\/sites\/38\/2020\/12\/image.png\" alt=\"\" class=\"wp-image-1798\" srcset=\"https:\/\/etab.ac-reunion.fr\/clg-chemin-morin\/wp-content\/uploads\/sites\/38\/2020\/12\/image.png 568w, https:\/\/etab.ac-reunion.fr\/clg-chemin-morin\/wp-content\/uploads\/sites\/38\/2020\/12\/image-480x537.png 480w\" sizes=\"(min-width: 0px) and (max-width: 480px) 480px, (min-width: 481px) 568px, 100vw\" \/><\/figure>\n\n\n\n<p>Les responsables qui se connectent avec leur compte ATEN sont d\u00e9sormais automatiquement redirig\u00e9s vers le lien de la page educonnect :<\/p>\n\n\n\n<p><a href=\"https:\/\/etab.ac-reunion.fr\/clg-chemin-morin\/creer-son-compte-dacces-parent-a-metice-avec-educonnect\/\">Cr\u00e9er son compte d\u2019acc\u00e8s parent \u00e0 ENT avec EduConnect<\/a><br><\/p>\n","protected":false},"excerpt":{"rendered":"<p>L&rsquo;usage des comptes ATEN n&rsquo;est plus possible depuis le 30 novembre 2020. Cette \u00e9ch\u00e9ance \u00e9tait rappel\u00e9e depuis plusieurs semaines aux responsables l\u00e9gaux utilisant encore leur compte ATEN, ceci gr\u00e2ce \u00e0 [&hellip;]<\/p>\n","protected":false},"author":13978,"featured_media":0,"comment_status":"closed","ping_status":"open","sticky":false,"template":"","format":"standard","meta":{"_et_pb_use_builder":"off","_et_pb_old_content":"","_et_gb_content_width":"","_EventAllDay":false,"_EventTimezone":"","_EventStartDate":"","_EventEndDate":"","_EventStartDateUTC":"","_EventEndDateUTC":"","_EventShowMap":false,"_EventShowMapLink":false,"_EventURL":"","_EventCost":"","_EventCostDescription":"","_EventCurrencySymbol":"","_EventCurrencyCode":"","_EventCurrencyPosition":"","_EventDateTimeSeparator":"","_EventTimeRangeSeparator":"","_EventOrganizerID":[],"_EventVenueID":[],"_OrganizerEmail":"","_OrganizerPhone":"","_OrganizerWebsite":"","_VenueAddress":"","_VenueCity":"","_VenueCountry":"","_VenueProvince":"","_VenueState":"","_VenueZip":"","_VenuePhone":"","_VenueURL":"","_VenueStateProvince":"","_VenueLat":"","_VenueLng":"","_VenueShowMap":false,"_VenueShowMapLink":false,"footnotes":"","_links_to":"","_links_to_target":""},"categories":[1],"tags":[],"class_list":["post-1797","post","type-post","status-publish","format-standard","hentry","category-non-classe"],"_links":{"self":[{"href":"https:\/\/etab.ac-reunion.fr\/clg-chemin-morin\/wp-json\/wp\/v2\/posts\/1797","targetHints":{"allow":["GET"]}}],"collection":[{"href":"https:\/\/etab.ac-reunion.fr\/clg-chemin-morin\/wp-json\/wp\/v2\/posts"}],"about":[{"href":"https:\/\/etab.ac-reunion.fr\/clg-chemin-morin\/wp-json\/wp\/v2\/types\/post"}],"author":[{"embeddable":true,"href":"https:\/\/etab.ac-reunion.fr\/clg-chemin-morin\/wp-json\/wp\/v2\/users\/13978"}],"replies":[{"embeddable":true,"href":"https:\/\/etab.ac-reunion.fr\/clg-chemin-morin\/wp-json\/wp\/v2\/comments?post=1797"}],"version-history":[{"count":1,"href":"https:\/\/etab.ac-reunion.fr\/clg-chemin-morin\/wp-json\/wp\/v2\/posts\/1797\/revisions"}],"predecessor-version":[{"id":1799,"href":"https:\/\/etab.ac-reunion.fr\/clg-chemin-morin\/wp-json\/wp\/v2\/posts\/1797\/revisions\/1799"}],"wp:attachment":[{"href":"https:\/\/etab.ac-reunion.fr\/clg-chemin-morin\/wp-json\/wp\/v2\/media?parent=1797"}],"wp:term":[{"taxonomy":"category","embeddable":true,"href":"https:\/\/etab.ac-reunion.fr\/clg-chemin-morin\/wp-json\/wp\/v2\/categories?post=1797"},{"taxonomy":"post_tag","embeddable":true,"href":"https:\/\/etab.ac-reunion.fr\/clg-chemin-morin\/wp-json\/wp\/v2\/tags?post=1797"}],"curies":[{"name":"wp","href":"https:\/\/api.w.org\/{rel}","templated":true}]}}